{"id":41765,"date":"2022-05-10T18:16:46","date_gmt":"2022-05-10T21:16:46","guid":{"rendered":"http:\/\/labestiadeportiva.com\/lbd\/?p=41765"},"modified":"2022-05-10T18:27:57","modified_gmt":"2022-05-10T21:27:57","slug":"41765","status":"publish","type":"post","link":"http:\/\/labestiadeportiva.com\/lbd\/41765\/","title":{"rendered":"\u00abEn el club se ha generado una uni\u00f3n muy positiva\u00bb (Audio)"},"content":{"rendered":"<p><a href=\"http:\/\/labestiadeportiva.com\/lbd\/wp-content\/uploads\/2022\/05\/Screenshot_20220510-1826362.png\"><img loading=\"lazy\" src=\"http:\/\/labestiadeportiva.com\/lbd\/wp-content\/uploads\/2022\/05\/Screenshot_20220510-1826362.png\" alt=\"Screenshot_20220510-182636~2\" width=\"720\" height=\"406\" class=\"aligncenter size-full wp-image-41771\" srcset=\"http:\/\/labestiadeportiva.com\/lbd\/wp-content\/uploads\/2022\/05\/Screenshot_20220510-1826362.png 720w, http:\/\/labestiadeportiva.com\/lbd\/wp-content\/uploads\/2022\/05\/Screenshot_20220510-1826362-300x169.png 300w, http:\/\/labestiadeportiva.com\/lbd\/wp-content\/uploads\/2022\/05\/Screenshot_20220510-1826362-640x361.png 640w\" sizes=\"(max-width: 720px) 100vw, 720px\" \/><\/a>Consagraci\u00f3n para la M18 de Universitario el pasado s\u00e1bado por la tarde. Fue en su cancha del \u00abCono de Sombra\u00bb ante Las \u00c1guilas por 27 a 17. Este primer \u00e9xito en juveniles se suma al gran presente de la instituci\u00f3n en Femenino y Zona Desarrollo.<\/p>\n<p>Desde LBD entrevistamos al entrenador del plantel juvenil, Ramiro Santoro, en busca de detalles. Compartimos la entrevista lograda este martes en la 94.1 FM del Sur.<!--more--><\/p>\n<p><iframe loading=\"lazy\" width=\"560\" height=\"315\" src=\"https:\/\/www.youtube.com\/embed\/71epp8UcavY\" title=\"YouTube video player\" frameborder=\"0\" allow=\"accelerometer; autoplay; clipboard-write; encrypted-media; gyroscope; picture-in-picture\" allowfullscreen><\/iframe><\/p>\n<div class='epvc-post-count'><span class='epvc-eye'><\/span>  <span class=\"epvc-count\"> 1.035<\/span><span class='epvc-label'> veces le\u00edda<\/span><\/div>\n<div class=\"jwsharethis\">\nShare this: \n<br \/>\n<a href=\"mailto:?subject=%C2%ABEn%20el%20club%20se%20ha%20generado%20una%20uni%C3%B3n%20muy%20positiva%C2%BB%20%28Audio%29&amp;body=http%3A%2F%2Flabestiadeportiva.com%2Flbd%2F41765%2F\">\n<img src=\"http:\/\/labestiadeportiva.com\/lbd\/wp-content\/plugins\/jw-share-this\/email.png\" alt=\"Share this page via Email\" \/>\n<\/a>\n<a target=\"_blank\" href=\"http:\/\/www.stumbleupon.com\/submit?url=http%3A%2F%2Flabestiadeportiva.com%2Flbd%2F41765%2F&amp;title=%C2%ABEn+el+club+se+ha+generado+una+uni%C3%B3n+muy+positiva%C2%BB+%28Audio%29\">\n<img src=\"http:\/\/labestiadeportiva.com\/lbd\/wp-content\/plugins\/jw-share-this\/su.png\" alt=\"Share this page via Stumble Upon\" \/>\n<\/a>\n<a target=\"_blank\" href=\"http:\/\/digg.com\/submit?url=http%3A%2F%2Flabestiadeportiva.com%2Flbd%2F41765%2F&amp;title=%C2%ABEn+el+club+se+ha+generado+una+uni%C3%B3n+muy+positiva%C2%BB+%28Audio%29\">\n<img src=\"http:\/\/labestiadeportiva.com\/lbd\/wp-content\/plugins\/jw-share-this\/digg.png\" alt=\"Share this page via Digg this\" \/>\n<\/a>\n<a target=\"_blank\" href=\"http:\/\/www.facebook.com\/sharer.php?u=http%3A%2F%2Flabestiadeportiva.com%2Flbd%2F41765%2F&amp;t=%C2%ABEn+el+club+se+ha+generado+una+uni%C3%B3n+muy+positiva%C2%BB+%28Audio%29\">\n<img src=\"http:\/\/labestiadeportiva.com\/lbd\/wp-content\/plugins\/jw-share-this\/fb.png\" alt=\"Share this page via Facebook\" \/>\n<\/a>\n<a target=\"_blank\" href=\"http:\/\/twitter.com\/intent\/tweet?text=I+like+http%3A%2F%2Flabestiadeportiva.com%2Flbd%2F41765%2F&amp;title=%C2%ABEn+el+club+se+ha+generado+una+uni%C3%B3n+muy+positiva%C2%BB+%28Audio%29\">\n<img src=\"http:\/\/labestiadeportiva.com\/lbd\/wp-content\/plugins\/jw-share-this\/twitter.png\" alt=\"Share this page via Twitter\" \/>\n<\/a>\n<\/div>\n","protected":false},"excerpt":{"rendered":"<p>Consagraci\u00f3n para la M18 de Universitario el pasado s\u00e1bado por la tarde. Fue en su cancha del \u00abCono de Sombra\u00bb ante Las \u00c1guilas por 27 a 17. Este primer \u00e9xito en juveniles se suma al gran presente de la instituci\u00f3n en Femenino y Zona Desarrollo. Desde LBD entrevistamos al entrenador del plantel juvenil, Ramiro Santoro, &hellip; <a href=\"http:\/\/labestiadeportiva.com\/lbd\/41765\/\" class=\"more-link\">Seguir leyendo <span class=\"screen-reader-text\">\u00abEn el club se ha generado una uni\u00f3n muy positiva\u00bb (Audio)<\/span> <span class=\"meta-nav\">&rarr;<\/span><\/a><\/p>\n","protected":false},"author":1,"featured_media":0,"comment_status":"open","ping_status":"open","sticky":false,"template":"","format":"standard","meta":[],"categories":[5,60,1,2461],"tags":[4838,1262,107,4780,2443],"_links":{"self":[{"href":"http:\/\/labestiadeportiva.com\/lbd\/wp-json\/wp\/v2\/posts\/41765"}],"collection":[{"href":"http:\/\/labestiadeportiva.com\/lbd\/wp-json\/wp\/v2\/posts"}],"about":[{"href":"http:\/\/labestiadeportiva.com\/lbd\/wp-json\/wp\/v2\/types\/post"}],"author":[{"embeddable":true,"href":"http:\/\/labestiadeportiva.com\/lbd\/wp-json\/wp\/v2\/users\/1"}],"replies":[{"embeddable":true,"href":"http:\/\/labestiadeportiva.com\/lbd\/wp-json\/wp\/v2\/comments?post=41765"}],"version-history":[{"count":6,"href":"http:\/\/labestiadeportiva.com\/lbd\/wp-json\/wp\/v2\/posts\/41765\/revisions"}],"predecessor-version":[{"id":41772,"href":"http:\/\/labestiadeportiva.com\/lbd\/wp-json\/wp\/v2\/posts\/41765\/revisions\/41772"}],"wp:attachment":[{"href":"http:\/\/labestiadeportiva.com\/lbd\/wp-json\/wp\/v2\/media?parent=41765"}],"wp:term":[{"taxonomy":"category","embeddable":true,"href":"http:\/\/labestiadeportiva.com\/lbd\/wp-json\/wp\/v2\/categories?post=41765"},{"taxonomy":"post_tag","embeddable":true,"href":"http:\/\/labestiadeportiva.com\/lbd\/wp-json\/wp\/v2\/tags?post=41765"}],"curies":[{"name":"wp","href":"https:\/\/api.w.org\/{rel}","templated":true}]}}