{"id":41855,"date":"2022-05-27T08:27:21","date_gmt":"2022-05-27T11:27:21","guid":{"rendered":"http:\/\/labestiadeportiva.com\/lbd\/?p=41855"},"modified":"2022-05-27T08:34:19","modified_gmt":"2022-05-27T11:34:19","slug":"feria-del-usado-hasta-el-26-de-junio-audio","status":"publish","type":"post","link":"http:\/\/labestiadeportiva.com\/lbd\/feria-del-usado-hasta-el-26-de-junio-audio\/","title":{"rendered":"Feria del Usado hasta el 26 de junio (Audio)"},"content":{"rendered":"<p><a href=\"http:\/\/labestiadeportiva.com\/lbd\/wp-content\/uploads\/2022\/05\/IMG-20220526-WA0089.jpg\"><img loading=\"lazy\" src=\"http:\/\/labestiadeportiva.com\/lbd\/wp-content\/uploads\/2022\/05\/IMG-20220526-WA0089.jpg\" alt=\"IMG-20220526-WA0089\" width=\"1023\" height=\"1280\" class=\"aligncenter size-full wp-image-41858\" srcset=\"http:\/\/labestiadeportiva.com\/lbd\/wp-content\/uploads\/2022\/05\/IMG-20220526-WA0089.jpg 1023w, http:\/\/labestiadeportiva.com\/lbd\/wp-content\/uploads\/2022\/05\/IMG-20220526-WA0089-240x300.jpg 240w, http:\/\/labestiadeportiva.com\/lbd\/wp-content\/uploads\/2022\/05\/IMG-20220526-WA0089-818x1024.jpg 818w, http:\/\/labestiadeportiva.com\/lbd\/wp-content\/uploads\/2022\/05\/IMG-20220526-WA0089-640x801.jpg 640w\" sizes=\"(max-width: 1023px) 100vw, 1023px\" \/><\/a>El jueves por la tarde se puso en marcha la tradicional feria del CAU en su sede de la pista Wallner. En esta oportunidad se podr\u00e1n adquirir elementos de invierno abonando con efectivo, d\u00e9bito y tarjetas de cr\u00e9dito.<\/p>\n<p>Compartimos la entrevista lograda este jueves con el integrante de la instituci\u00f3n David L\u00f3pez Katz quien nos di\u00f3 todos los detalles.<!--more--><\/p>\n<p><iframe loading=\"lazy\" width=\"560\" height=\"315\" src=\"https:\/\/www.youtube.com\/embed\/sOL89TKVRHQ\" title=\"YouTube video player\" frameborder=\"0\" allow=\"accelerometer; autoplay; clipboard-write; encrypted-media; gyroscope; picture-in-picture\" allowfullscreen><\/iframe><\/p>\n<div class='epvc-post-count'><span class='epvc-eye'><\/span>  <span class=\"epvc-count\"> 1.019<\/span><span class='epvc-label'> veces le\u00edda<\/span><\/div>\n<div class=\"jwsharethis\">\nShare this: \n<br \/>\n<a href=\"mailto:?subject=Feria%20del%20Usado%20hasta%20el%2026%20de%20junio%20%28Audio%29&amp;body=http%3A%2F%2Flabestiadeportiva.com%2Flbd%2Fferia-del-usado-hasta-el-26-de-junio-audio%2F\">\n<img src=\"http:\/\/labestiadeportiva.com\/lbd\/wp-content\/plugins\/jw-share-this\/email.png\" alt=\"Share this page via Email\" \/>\n<\/a>\n<a target=\"_blank\" href=\"http:\/\/www.stumbleupon.com\/submit?url=http%3A%2F%2Flabestiadeportiva.com%2Flbd%2Fferia-del-usado-hasta-el-26-de-junio-audio%2F&amp;title=Feria+del+Usado+hasta+el+26+de+junio+%28Audio%29\">\n<img src=\"http:\/\/labestiadeportiva.com\/lbd\/wp-content\/plugins\/jw-share-this\/su.png\" alt=\"Share this page via Stumble Upon\" \/>\n<\/a>\n<a target=\"_blank\" href=\"http:\/\/digg.com\/submit?url=http%3A%2F%2Flabestiadeportiva.com%2Flbd%2Fferia-del-usado-hasta-el-26-de-junio-audio%2F&amp;title=Feria+del+Usado+hasta+el+26+de+junio+%28Audio%29\">\n<img src=\"http:\/\/labestiadeportiva.com\/lbd\/wp-content\/plugins\/jw-share-this\/digg.png\" alt=\"Share this page via Digg this\" \/>\n<\/a>\n<a target=\"_blank\" href=\"http:\/\/www.facebook.com\/sharer.php?u=http%3A%2F%2Flabestiadeportiva.com%2Flbd%2Fferia-del-usado-hasta-el-26-de-junio-audio%2F&amp;t=Feria+del+Usado+hasta+el+26+de+junio+%28Audio%29\">\n<img src=\"http:\/\/labestiadeportiva.com\/lbd\/wp-content\/plugins\/jw-share-this\/fb.png\" alt=\"Share this page via Facebook\" \/>\n<\/a>\n<a target=\"_blank\" href=\"http:\/\/twitter.com\/intent\/tweet?text=I+like+http%3A%2F%2Flabestiadeportiva.com%2Flbd%2Fferia-del-usado-hasta-el-26-de-junio-audio%2F&amp;title=Feria+del+Usado+hasta+el+26+de+junio+%28Audio%29\">\n<img src=\"http:\/\/labestiadeportiva.com\/lbd\/wp-content\/plugins\/jw-share-this\/twitter.png\" alt=\"Share this page via Twitter\" \/>\n<\/a>\n<\/div>\n","protected":false},"excerpt":{"rendered":"<p>El jueves por la tarde se puso en marcha la tradicional feria del CAU en su sede de la pista Wallner. En esta oportunidad se podr\u00e1n adquirir elementos de invierno abonando con efectivo, d\u00e9bito y tarjetas de cr\u00e9dito. Compartimos la entrevista lograda este jueves con el integrante de la instituci\u00f3n David L\u00f3pez Katz quien nos &hellip; <a href=\"http:\/\/labestiadeportiva.com\/lbd\/feria-del-usado-hasta-el-26-de-junio-audio\/\" class=\"more-link\">Seguir leyendo <span class=\"screen-reader-text\">Feria del Usado hasta el 26 de junio (Audio)<\/span> <span class=\"meta-nav\">&rarr;<\/span><\/a><\/p>\n","protected":false},"author":1,"featured_media":0,"comment_status":"open","ping_status":"open","sticky":false,"template":"","format":"standard","meta":[],"categories":[5,41,60,3944,29,1,3345],"tags":[42,4838,4786,3660],"_links":{"self":[{"href":"http:\/\/labestiadeportiva.com\/lbd\/wp-json\/wp\/v2\/posts\/41855"}],"collection":[{"href":"http:\/\/labestiadeportiva.com\/lbd\/wp-json\/wp\/v2\/posts"}],"about":[{"href":"http:\/\/labestiadeportiva.com\/lbd\/wp-json\/wp\/v2\/types\/post"}],"author":[{"embeddable":true,"href":"http:\/\/labestiadeportiva.com\/lbd\/wp-json\/wp\/v2\/users\/1"}],"replies":[{"embeddable":true,"href":"http:\/\/labestiadeportiva.com\/lbd\/wp-json\/wp\/v2\/comments?post=41855"}],"version-history":[{"count":4,"href":"http:\/\/labestiadeportiva.com\/lbd\/wp-json\/wp\/v2\/posts\/41855\/revisions"}],"predecessor-version":[{"id":41860,"href":"http:\/\/labestiadeportiva.com\/lbd\/wp-json\/wp\/v2\/posts\/41855\/revisions\/41860"}],"wp:attachment":[{"href":"http:\/\/labestiadeportiva.com\/lbd\/wp-json\/wp\/v2\/media?parent=41855"}],"wp:term":[{"taxonomy":"category","embeddable":true,"href":"http:\/\/labestiadeportiva.com\/lbd\/wp-json\/wp\/v2\/categories?post=41855"},{"taxonomy":"post_tag","embeddable":true,"href":"http:\/\/labestiadeportiva.com\/lbd\/wp-json\/wp\/v2\/tags?post=41855"}],"curies":[{"name":"wp","href":"https:\/\/api.w.org\/{rel}","templated":true}]}}