{"id":41864,"date":"2022-05-27T11:46:15","date_gmt":"2022-05-27T14:46:15","guid":{"rendered":"http:\/\/labestiadeportiva.com\/lbd\/?p=41864"},"modified":"2022-05-27T11:47:16","modified_gmt":"2022-05-27T14:47:16","slug":"boca-y-su-presente-sonado","status":"publish","type":"post","link":"http:\/\/labestiadeportiva.com\/lbd\/boca-y-su-presente-sonado\/","title":{"rendered":"Boca y su presente so\u00f1ado"},"content":{"rendered":"<p>Por Javier Nicol\u00e1s Baroli (Corresponsal LBD en R\u00edo Gallegos)<\/p>\n<p><a href=\"http:\/\/labestiadeportiva.com\/lbd\/wp-content\/uploads\/2022\/05\/26-05-2022_boca_clasifico_a_octavos_de1.jpg\"><img loading=\"lazy\" src=\"http:\/\/labestiadeportiva.com\/lbd\/wp-content\/uploads\/2022\/05\/26-05-2022_boca_clasifico_a_octavos_de1.jpg\" alt=\"26-05-2022_boca_clasifico_a_octavos_de\" width=\"1200\" height=\"800\" class=\"aligncenter size-full wp-image-41863\" srcset=\"http:\/\/labestiadeportiva.com\/lbd\/wp-content\/uploads\/2022\/05\/26-05-2022_boca_clasifico_a_octavos_de1.jpg 1200w, http:\/\/labestiadeportiva.com\/lbd\/wp-content\/uploads\/2022\/05\/26-05-2022_boca_clasifico_a_octavos_de1-300x200.jpg 300w, http:\/\/labestiadeportiva.com\/lbd\/wp-content\/uploads\/2022\/05\/26-05-2022_boca_clasifico_a_octavos_de1-1024x683.jpg 1024w, http:\/\/labestiadeportiva.com\/lbd\/wp-content\/uploads\/2022\/05\/26-05-2022_boca_clasifico_a_octavos_de1-640x427.jpg 640w\" sizes=\"(max-width: 1200px) 100vw, 1200px\" \/><\/a><br \/>\nEn menos de siete d\u00edas, el \u00abXeneize\u00bb se consagr\u00f3 Campe\u00f3n de la Copa de la Liga Profesional y sac\u00f3 pasaporte a Octavos de la Libertadores c\u00f3mo primero en su grupo.<!--more--><\/p>\n<p>Los d\u00edas tormentosos parecen haber quedado atr\u00e1s en el mundo Boca. Los rumores, novelas y operaciones de algunos medios, parecen cosa sentenciada. La clave de este presente, Sebastian Battaglia, los jugadores y el consejo del f\u00fatbol con Juan Rom\u00e1n Riquelme a la cabeza. <\/p>\n<p>Ayer no ten\u00eda una parada f\u00e1cil porque enfrentaba a un Deportivo Cali con la misma obligaci\u00f3n que Boca. Sin embargo y mostrando otra faceta, m\u00e1s arriesgada y ofensiva, Boca fue desde el minuto cero en busca de los tres puntos y fue as\u00ed que en los pies de una de sus j\u00f3venes joyas, Varela, logr\u00f3 el gol para el delirio de su hinchada. <\/p>\n<p>Ahora esperar\u00e1 el sorteo para conocer su rival en octavos, pero hay algo cierto en el mundo Boca, viene en franco ascenso al igual que la ilusi\u00f3n de su hinchada, y vamos a ser realistas, tiene con qu\u00e9.<\/p>\n<div class='epvc-post-count'><span class='epvc-eye'><\/span>  <span class=\"epvc-count\"> 1.087<\/span><span class='epvc-label'> veces le\u00edda<\/span><\/div>\n<div class=\"jwsharethis\">\nShare this: \n<br \/>\n<a href=\"mailto:?subject=Boca%20y%20su%20presente%20so%C3%B1ado&amp;body=http%3A%2F%2Flabestiadeportiva.com%2Flbd%2Fboca-y-su-presente-sonado%2F\">\n<img src=\"http:\/\/labestiadeportiva.com\/lbd\/wp-content\/plugins\/jw-share-this\/email.png\" alt=\"Share this page via Email\" \/>\n<\/a>\n<a target=\"_blank\" href=\"http:\/\/www.stumbleupon.com\/submit?url=http%3A%2F%2Flabestiadeportiva.com%2Flbd%2Fboca-y-su-presente-sonado%2F&amp;title=Boca+y+su+presente+so%C3%B1ado\">\n<img src=\"http:\/\/labestiadeportiva.com\/lbd\/wp-content\/plugins\/jw-share-this\/su.png\" alt=\"Share this page via Stumble Upon\" \/>\n<\/a>\n<a target=\"_blank\" href=\"http:\/\/digg.com\/submit?url=http%3A%2F%2Flabestiadeportiva.com%2Flbd%2Fboca-y-su-presente-sonado%2F&amp;title=Boca+y+su+presente+so%C3%B1ado\">\n<img src=\"http:\/\/labestiadeportiva.com\/lbd\/wp-content\/plugins\/jw-share-this\/digg.png\" alt=\"Share this page via Digg this\" \/>\n<\/a>\n<a target=\"_blank\" href=\"http:\/\/www.facebook.com\/sharer.php?u=http%3A%2F%2Flabestiadeportiva.com%2Flbd%2Fboca-y-su-presente-sonado%2F&amp;t=Boca+y+su+presente+so%C3%B1ado\">\n<img src=\"http:\/\/labestiadeportiva.com\/lbd\/wp-content\/plugins\/jw-share-this\/fb.png\" alt=\"Share this page via Facebook\" \/>\n<\/a>\n<a target=\"_blank\" href=\"http:\/\/twitter.com\/intent\/tweet?text=I+like+http%3A%2F%2Flabestiadeportiva.com%2Flbd%2Fboca-y-su-presente-sonado%2F&amp;title=Boca+y+su+presente+so%C3%B1ado\">\n<img src=\"http:\/\/labestiadeportiva.com\/lbd\/wp-content\/plugins\/jw-share-this\/twitter.png\" alt=\"Share this page via Twitter\" \/>\n<\/a>\n<\/div>\n","protected":false},"excerpt":{"rendered":"<p>Por Javier Nicol\u00e1s Baroli (Corresponsal LBD en R\u00edo Gallegos) En menos de siete d\u00edas, el \u00abXeneize\u00bb se consagr\u00f3 Campe\u00f3n de la Copa de la Liga Profesional y sac\u00f3 pasaporte a Octavos de la Libertadores c\u00f3mo primero en su grupo. 1.087 veces le\u00edda Share this:<\/p>\n","protected":false},"author":1,"featured_media":0,"comment_status":"open","ping_status":"open","sticky":false,"template":"","format":"standard","meta":[],"categories":[4,2292,1],"tags":[245,465,3660],"_links":{"self":[{"href":"http:\/\/labestiadeportiva.com\/lbd\/wp-json\/wp\/v2\/posts\/41864"}],"collection":[{"href":"http:\/\/labestiadeportiva.com\/lbd\/wp-json\/wp\/v2\/posts"}],"about":[{"href":"http:\/\/labestiadeportiva.com\/lbd\/wp-json\/wp\/v2\/types\/post"}],"author":[{"embeddable":true,"href":"http:\/\/labestiadeportiva.com\/lbd\/wp-json\/wp\/v2\/users\/1"}],"replies":[{"embeddable":true,"href":"http:\/\/labestiadeportiva.com\/lbd\/wp-json\/wp\/v2\/comments?post=41864"}],"version-history":[{"count":2,"href":"http:\/\/labestiadeportiva.com\/lbd\/wp-json\/wp\/v2\/posts\/41864\/revisions"}],"predecessor-version":[{"id":41867,"href":"http:\/\/labestiadeportiva.com\/lbd\/wp-json\/wp\/v2\/posts\/41864\/revisions\/41867"}],"wp:attachment":[{"href":"http:\/\/labestiadeportiva.com\/lbd\/wp-json\/wp\/v2\/media?parent=41864"}],"wp:term":[{"taxonomy":"category","embeddable":true,"href":"http:\/\/labestiadeportiva.com\/lbd\/wp-json\/wp\/v2\/categories?post=41864"},{"taxonomy":"post_tag","embeddable":true,"href":"http:\/\/labestiadeportiva.com\/lbd\/wp-json\/wp\/v2\/tags?post=41864"}],"curies":[{"name":"wp","href":"https:\/\/api.w.org\/{rel}","templated":true}]}}