{"id":41947,"date":"2022-06-10T15:45:54","date_gmt":"2022-06-10T18:45:54","guid":{"rendered":"http:\/\/labestiadeportiva.com\/lbd\/?p=41947"},"modified":"2022-06-10T15:45:54","modified_gmt":"2022-06-10T18:45:54","slug":"se-pone-en-marcha-la-segunda","status":"publish","type":"post","link":"http:\/\/labestiadeportiva.com\/lbd\/se-pone-en-marcha-la-segunda\/","title":{"rendered":"Se pone en marcha la segunda"},"content":{"rendered":"<p>Por Stefano Baschera (Colaboraci\u00f3n Especial para LBD)<\/p>\n<p><a href=\"http:\/\/labestiadeportiva.com\/lbd\/wp-content\/uploads\/2022\/06\/IMG-20220610-WA0096.jpg\"><img loading=\"lazy\" src=\"http:\/\/labestiadeportiva.com\/lbd\/wp-content\/uploads\/2022\/06\/IMG-20220610-WA0096-300x200.jpg\" alt=\"IMG-20220610-WA0096\" width=\"300\" height=\"200\" class=\"aligncenter size-medium wp-image-41948\" srcset=\"http:\/\/labestiadeportiva.com\/lbd\/wp-content\/uploads\/2022\/06\/IMG-20220610-WA0096-300x200.jpg 300w, http:\/\/labestiadeportiva.com\/lbd\/wp-content\/uploads\/2022\/06\/IMG-20220610-WA0096-640x427.jpg 640w, http:\/\/labestiadeportiva.com\/lbd\/wp-content\/uploads\/2022\/06\/IMG-20220610-WA0096.jpg 960w\" sizes=\"(max-width: 300px) 100vw, 300px\" \/><\/a><\/p>\n<p>A.Pi.Tu.R pone en marcha la segunda fecha de su calendario el pr\u00f3ximo viernes 17 con la largada simb\u00f3lica y el s\u00e1bado se dar\u00e1 comienzo a la primera etapa del 4\u00b0 \u00abGran Premio de las Estancias y el Petr\u00f3leo\u00bb.<!--more--><\/p>\n<p>Con 89 binomios inscriptos y, a la espera del cierre de las inscripciones fuera de t\u00e9rmino hoy a las 21, la Asociaci\u00f3n de Pilotos de Turismo y Rally de TdF da luz verde al inicio de la 4\u00b0 edici\u00f3n del Gran Premio de las Estancias y el Petr\u00f3leo, donde nombres como Ignacio Pavlov, Lucas Garro, Luciano Preto, Julio Sarmiento, entre otros, dar\u00e1n el presente y buscar\u00e1n adjudicarse el Gran Premio. <\/p>\n<p>En el caso de los mencionados anteriormente, ser\u00e1n de la largada dentro de la Categor\u00eda \u00abD\u00bb, la cual tras correrse el Rally de Tolhuin, fueron Lucas y Marcelo Garro quienes se quedaron con el primer puesto. <\/p>\n<p>En tanto que el binomio del Yagan Racing buscar\u00e1 retomar el rumbo tras haber abandonado la fecha pasada luego de impactar con un guanaco con su VW Gol Trend. <\/p>\n<p>En lo que respecta a la Categor\u00eda \u00abA\u00bb, Francesco Preto buscar\u00e1 repetir lo logrado en la primera fecha, cuando se qued\u00f3 con el primer puesto de la categor\u00eda, nada m\u00e1s ni nada menos que frente a su padre, Constante Moreno Preto.<\/p>\n<p>Dentro de la Categor\u00eda \u00abB\u00bb, quien ganara el Rally pasado, Luis Marchisio, no figura dentro del listado de inscriptos.<\/p>\n<p>La Categor\u00eda \u00abC\u00bb contar\u00e1 con la presencia del ganador de la primera del a\u00f1o, Nicol\u00e1s Oroz, en tanto que en la divisional \u201cC1\u201d ser\u00e1n de la partida Julio Rocha (H) e Ian Garc\u00eda, tambi\u00e9n ganadores dentro de la Cat. C1.<\/p>\n<p>Facundo Carletti y Martin Igor dar\u00e1n el presente con el Renault Clio 1.6 16 v\u00e1lvulas dentro del segmento \u00abE\u00bb, al igual que el binomio Fernando Agnes y Oscar Schmeisser; Sebasti\u00e1n Blanco, quien ser\u00e1 navegado en esta oportunidad por Juan Contreras, entre otros.<\/p>\n<p>Por otro lado, dentro de la renovada divisional \u00abF\u00bb, que a partir de este a\u00f1o se habilit\u00f3 la presencia de los autos inyecci\u00f3n, el binomio ganador del Rally de Tolhuin, Alejandro y Micaela Arias tambi\u00e9n estar\u00e1n presentes en la segunda fecha. <\/p>\n<p>Mientras que en la Categor\u00eda \u00abG\u00bb, dir\u00e1 presente el hist\u00f3rico Daniel Preto, navegado por Sandro Morales, a bordo del Honda Civic Si.<\/p>\n<p>La cuarta edici\u00f3n del \u00abGran Premio de las Estancias y el Petr\u00f3leo\u00bb tendr\u00e1 el reconocimiento de ruta este domingo a partir de las 09.30 horas. <\/p>\n<p>El pr\u00f3ximo viernes 17, con horario a confirmar, ser\u00e1 la Largada Simb\u00f3lica y el Clasificatorio de la Primera Etapa. La actividad continuar\u00e1 el s\u00e1bado y el domingo cuando se pongan en marcha la primer y la segunda etapa, respectivamente, con horarios a confirmar.<\/p>\n<p><a href=\"http:\/\/labestiadeportiva.com\/lbd\/wp-content\/uploads\/2022\/06\/IMG-20220610-WA0097.jpg\"><img loading=\"lazy\" src=\"http:\/\/labestiadeportiva.com\/lbd\/wp-content\/uploads\/2022\/06\/IMG-20220610-WA0097-300x200.jpg\" alt=\"IMG-20220610-WA0097\" width=\"300\" height=\"200\" class=\"aligncenter size-medium wp-image-41949\" srcset=\"http:\/\/labestiadeportiva.com\/lbd\/wp-content\/uploads\/2022\/06\/IMG-20220610-WA0097-300x200.jpg 300w, http:\/\/labestiadeportiva.com\/lbd\/wp-content\/uploads\/2022\/06\/IMG-20220610-WA0097-640x427.jpg 640w, http:\/\/labestiadeportiva.com\/lbd\/wp-content\/uploads\/2022\/06\/IMG-20220610-WA0097.jpg 960w\" sizes=\"(max-width: 300px) 100vw, 300px\" \/><\/a><\/p>\n<div class='epvc-post-count'><span class='epvc-eye'><\/span>  <span class=\"epvc-count\"> 1.095<\/span><span class='epvc-label'> veces le\u00edda<\/span><\/div>\n<div class=\"jwsharethis\">\nShare this: \n<br \/>\n<a href=\"mailto:?subject=Se%20pone%20en%20marcha%20la%20segunda&amp;body=http%3A%2F%2Flabestiadeportiva.com%2Flbd%2Fse-pone-en-marcha-la-segunda%2F\">\n<img src=\"http:\/\/labestiadeportiva.com\/lbd\/wp-content\/plugins\/jw-share-this\/email.png\" alt=\"Share this page via Email\" \/>\n<\/a>\n<a target=\"_blank\" href=\"http:\/\/www.stumbleupon.com\/submit?url=http%3A%2F%2Flabestiadeportiva.com%2Flbd%2Fse-pone-en-marcha-la-segunda%2F&amp;title=Se+pone+en+marcha+la+segunda\">\n<img src=\"http:\/\/labestiadeportiva.com\/lbd\/wp-content\/plugins\/jw-share-this\/su.png\" alt=\"Share this page via Stumble Upon\" \/>\n<\/a>\n<a target=\"_blank\" href=\"http:\/\/digg.com\/submit?url=http%3A%2F%2Flabestiadeportiva.com%2Flbd%2Fse-pone-en-marcha-la-segunda%2F&amp;title=Se+pone+en+marcha+la+segunda\">\n<img src=\"http:\/\/labestiadeportiva.com\/lbd\/wp-content\/plugins\/jw-share-this\/digg.png\" alt=\"Share this page via Digg this\" \/>\n<\/a>\n<a target=\"_blank\" href=\"http:\/\/www.facebook.com\/sharer.php?u=http%3A%2F%2Flabestiadeportiva.com%2Flbd%2Fse-pone-en-marcha-la-segunda%2F&amp;t=Se+pone+en+marcha+la+segunda\">\n<img src=\"http:\/\/labestiadeportiva.com\/lbd\/wp-content\/plugins\/jw-share-this\/fb.png\" alt=\"Share this page via Facebook\" \/>\n<\/a>\n<a target=\"_blank\" href=\"http:\/\/twitter.com\/intent\/tweet?text=I+like+http%3A%2F%2Flabestiadeportiva.com%2Flbd%2Fse-pone-en-marcha-la-segunda%2F&amp;title=Se+pone+en+marcha+la+segunda\">\n<img src=\"http:\/\/labestiadeportiva.com\/lbd\/wp-content\/plugins\/jw-share-this\/twitter.png\" alt=\"Share this page via Twitter\" \/>\n<\/a>\n<\/div>\n","protected":false},"excerpt":{"rendered":"<p>Por Stefano Baschera (Colaboraci\u00f3n Especial para LBD) A.Pi.Tu.R pone en marcha la segunda fecha de su calendario el pr\u00f3ximo viernes 17 con la largada simb\u00f3lica y el s\u00e1bado se dar\u00e1 comienzo a la primera etapa del 4\u00b0 \u00abGran Premio de las Estancias y el Petr\u00f3leo\u00bb. 1.095 veces le\u00edda Share this:<\/p>\n","protected":false},"author":1,"featured_media":0,"comment_status":"open","ping_status":"open","sticky":false,"template":"","format":"standard","meta":[],"categories":[3533,5,1,4141],"tags":[242,86,3660,4306],"_links":{"self":[{"href":"http:\/\/labestiadeportiva.com\/lbd\/wp-json\/wp\/v2\/posts\/41947"}],"collection":[{"href":"http:\/\/labestiadeportiva.com\/lbd\/wp-json\/wp\/v2\/posts"}],"about":[{"href":"http:\/\/labestiadeportiva.com\/lbd\/wp-json\/wp\/v2\/types\/post"}],"author":[{"embeddable":true,"href":"http:\/\/labestiadeportiva.com\/lbd\/wp-json\/wp\/v2\/users\/1"}],"replies":[{"embeddable":true,"href":"http:\/\/labestiadeportiva.com\/lbd\/wp-json\/wp\/v2\/comments?post=41947"}],"version-history":[{"count":1,"href":"http:\/\/labestiadeportiva.com\/lbd\/wp-json\/wp\/v2\/posts\/41947\/revisions"}],"predecessor-version":[{"id":41950,"href":"http:\/\/labestiadeportiva.com\/lbd\/wp-json\/wp\/v2\/posts\/41947\/revisions\/41950"}],"wp:attachment":[{"href":"http:\/\/labestiadeportiva.com\/lbd\/wp-json\/wp\/v2\/media?parent=41947"}],"wp:term":[{"taxonomy":"category","embeddable":true,"href":"http:\/\/labestiadeportiva.com\/lbd\/wp-json\/wp\/v2\/categories?post=41947"},{"taxonomy":"post_tag","embeddable":true,"href":"http:\/\/labestiadeportiva.com\/lbd\/wp-json\/wp\/v2\/tags?post=41947"}],"curies":[{"name":"wp","href":"https:\/\/api.w.org\/{rel}","templated":true}]}}