{"id":42021,"date":"2022-06-27T09:05:19","date_gmt":"2022-06-27T12:05:19","guid":{"rendered":"http:\/\/labestiadeportiva.com\/lbd\/?p=42021"},"modified":"2022-06-27T10:02:10","modified_gmt":"2022-06-27T13:02:10","slug":"arranco-el-argentino-b-hoy-debuta-ushuaia","status":"publish","type":"post","link":"http:\/\/labestiadeportiva.com\/lbd\/arranco-el-argentino-b-hoy-debuta-ushuaia\/","title":{"rendered":"Arranc\u00f3 el Argentino \u00abB\u00bb, hoy debuta Ushuaia"},"content":{"rendered":"<p><a href=\"http:\/\/labestiadeportiva.com\/lbd\/wp-content\/uploads\/2022\/06\/FB_IMG_1656332044263.jpg\"><img loading=\"lazy\" src=\"http:\/\/labestiadeportiva.com\/lbd\/wp-content\/uploads\/2022\/06\/FB_IMG_1656332044263-300x225.jpg\" alt=\"FB_IMG_1656332044263\" width=\"300\" height=\"225\" class=\"aligncenter size-medium wp-image-42025\" srcset=\"http:\/\/labestiadeportiva.com\/lbd\/wp-content\/uploads\/2022\/06\/FB_IMG_1656332044263-300x225.jpg 300w, http:\/\/labestiadeportiva.com\/lbd\/wp-content\/uploads\/2022\/06\/FB_IMG_1656332044263-640x480.jpg 640w, http:\/\/labestiadeportiva.com\/lbd\/wp-content\/uploads\/2022\/06\/FB_IMG_1656332044263.jpg 720w\" sizes=\"(max-width: 300px) 100vw, 300px\" \/><\/a><br \/>\nComenz\u00f3 este domingo el Torneo Argentino de Selecciones \u00abB\u00bb Sur en la localidad santacruce\u00f1a de Pico Truncado. El futsal federado busca dos ascensos a la principal categor\u00eda. El equipo de Arizmendi juega su primer partido este lunes a las 17.45 ante Sarmiento. Desde LBD, los detalles.<!--more--><\/p>\n<p>Comenz\u00f3 a rodar el bal\u00f3n en la localidad petrolera del norte santacruce\u00f1o. Ceremonia inaugural y cuatro encuentros, dos por zona en el gimnasio \u00abResidentes Chilenos\u00bb<\/p>\n<p>En el grupo \u00abA\u00bb, donde est\u00e1 nuestra Selecci\u00f3n, victorias de Perito Moreno y Las Heras quienes se impusieron claramente a San Juli\u00e1n y Sarmiento este \u00faltimo el rival de los ushuaienses en el debut de este lunes.<\/p>\n<p>Dentro de la Zona \u00abB\u00bb Trelew y Pico Truncado hicieron lo suyo al vencer a Viedma y Gobernador Gregores.<\/p>\n<p>En cuanto a la jornada de comienzo de semana todo comenzar\u00e1 a las cuatro de la tarde extendi\u00e9ndose la acci\u00f3n hasta cerca de las 23.30 horas.<\/p>\n<p>Los fueguinos saldr\u00e1n a la cancha minutos antes de las seis de la tarde para enfrentar a Sarmiento quien cay\u00f3 en el debut y de tener otro traspi\u00e9 quedar\u00eda en una posici\u00f3n sumamente inc\u00f3moda.<\/p>\n<p>Comienzo de ilusi\u00f3n para el conjunto de la capital de Tierra del Fuego que busca regresar a la \u00e9lite salonera en selecciones, un lugar que ocup\u00f3 hist\u00f3ricamente. <\/p>\n<p>Las Zonas<\/p>\n<p>\u00abA\u00bb<br \/>\nPerito Moreno<br \/>\nLas Heras<br \/>\nSarmiento<br \/>\nSan Juli\u00e1n<br \/>\nUshuaia<\/p>\n<p>\u00abB\u00bb<br \/>\nPico Truncado<br \/>\nTrelew<br \/>\nViedma<br \/>\nGobernador Gregores<br \/>\nCaleta Olivia<\/p>\n<p>Resultados (1\u00b0 fecha domingo)<br \/>\nSan Juli\u00e1n 1 Perito Moreno 8<br \/>\nLas Heras 4 Sarmiento 1<br \/>\nPico Truncado 5 Gobernador Gregores 1<br \/>\nTrelew 3 Viedma 0<\/p>\n<p>Fixture (2\u00b0 fecha lunes)<br \/>\n16.00 San Juli\u00e1n\/Las Heras<br \/>\n17.45 Ushuaia\/Sarmiento<br \/>\n19.30 Trelew\/Gobernador Gregores<br \/>\n21.15 Pico Truncado\/Caleta Olivia <\/p>\n<div class='epvc-post-count'><span class='epvc-eye'><\/span>  <span class=\"epvc-count\"> 1.622<\/span><span class='epvc-label'> veces le\u00edda<\/span><\/div>\n<div class=\"jwsharethis\">\nShare this: \n<br \/>\n<a href=\"mailto:?subject=Arranc%C3%B3%20el%20Argentino%20%C2%ABB%C2%BB%2C%20hoy%20debuta%20Ushuaia&amp;body=http%3A%2F%2Flabestiadeportiva.com%2Flbd%2Farranco-el-argentino-b-hoy-debuta-ushuaia%2F\">\n<img src=\"http:\/\/labestiadeportiva.com\/lbd\/wp-content\/plugins\/jw-share-this\/email.png\" alt=\"Share this page via Email\" \/>\n<\/a>\n<a target=\"_blank\" href=\"http:\/\/www.stumbleupon.com\/submit?url=http%3A%2F%2Flabestiadeportiva.com%2Flbd%2Farranco-el-argentino-b-hoy-debuta-ushuaia%2F&amp;title=Arranc%C3%B3+el+Argentino+%C2%ABB%C2%BB%2C+hoy+debuta+Ushuaia\">\n<img src=\"http:\/\/labestiadeportiva.com\/lbd\/wp-content\/plugins\/jw-share-this\/su.png\" alt=\"Share this page via Stumble Upon\" \/>\n<\/a>\n<a target=\"_blank\" href=\"http:\/\/digg.com\/submit?url=http%3A%2F%2Flabestiadeportiva.com%2Flbd%2Farranco-el-argentino-b-hoy-debuta-ushuaia%2F&amp;title=Arranc%C3%B3+el+Argentino+%C2%ABB%C2%BB%2C+hoy+debuta+Ushuaia\">\n<img src=\"http:\/\/labestiadeportiva.com\/lbd\/wp-content\/plugins\/jw-share-this\/digg.png\" alt=\"Share this page via Digg this\" \/>\n<\/a>\n<a target=\"_blank\" href=\"http:\/\/www.facebook.com\/sharer.php?u=http%3A%2F%2Flabestiadeportiva.com%2Flbd%2Farranco-el-argentino-b-hoy-debuta-ushuaia%2F&amp;t=Arranc%C3%B3+el+Argentino+%C2%ABB%C2%BB%2C+hoy+debuta+Ushuaia\">\n<img src=\"http:\/\/labestiadeportiva.com\/lbd\/wp-content\/plugins\/jw-share-this\/fb.png\" alt=\"Share this page via Facebook\" \/>\n<\/a>\n<a target=\"_blank\" href=\"http:\/\/twitter.com\/intent\/tweet?text=I+like+http%3A%2F%2Flabestiadeportiva.com%2Flbd%2Farranco-el-argentino-b-hoy-debuta-ushuaia%2F&amp;title=Arranc%C3%B3+el+Argentino+%C2%ABB%C2%BB%2C+hoy+debuta+Ushuaia\">\n<img src=\"http:\/\/labestiadeportiva.com\/lbd\/wp-content\/plugins\/jw-share-this\/twitter.png\" alt=\"Share this page via Twitter\" \/>\n<\/a>\n<\/div>\n","protected":false},"excerpt":{"rendered":"<p>Comenz\u00f3 este domingo el Torneo Argentino de Selecciones \u00abB\u00bb Sur en la localidad santacruce\u00f1a de Pico Truncado. El futsal federado busca dos ascensos a la principal categor\u00eda. El equipo de Arizmendi juega su primer partido este lunes a las 17.45 ante Sarmiento. Desde LBD, los detalles. 1.622 veces le\u00edda Share this:<\/p>\n","protected":false},"author":1,"featured_media":0,"comment_status":"open","ping_status":"open","sticky":false,"template":"","format":"standard","meta":[],"categories":[5,6,31,1],"tags":[4804,4833,3660,4805],"_links":{"self":[{"href":"http:\/\/labestiadeportiva.com\/lbd\/wp-json\/wp\/v2\/posts\/42021"}],"collection":[{"href":"http:\/\/labestiadeportiva.com\/lbd\/wp-json\/wp\/v2\/posts"}],"about":[{"href":"http:\/\/labestiadeportiva.com\/lbd\/wp-json\/wp\/v2\/types\/post"}],"author":[{"embeddable":true,"href":"http:\/\/labestiadeportiva.com\/lbd\/wp-json\/wp\/v2\/users\/1"}],"replies":[{"embeddable":true,"href":"http:\/\/labestiadeportiva.com\/lbd\/wp-json\/wp\/v2\/comments?post=42021"}],"version-history":[{"count":5,"href":"http:\/\/labestiadeportiva.com\/lbd\/wp-json\/wp\/v2\/posts\/42021\/revisions"}],"predecessor-version":[{"id":42027,"href":"http:\/\/labestiadeportiva.com\/lbd\/wp-json\/wp\/v2\/posts\/42021\/revisions\/42027"}],"wp:attachment":[{"href":"http:\/\/labestiadeportiva.com\/lbd\/wp-json\/wp\/v2\/media?parent=42021"}],"wp:term":[{"taxonomy":"category","embeddable":true,"href":"http:\/\/labestiadeportiva.com\/lbd\/wp-json\/wp\/v2\/categories?post=42021"},{"taxonomy":"post_tag","embeddable":true,"href":"http:\/\/labestiadeportiva.com\/lbd\/wp-json\/wp\/v2\/tags?post=42021"}],"curies":[{"name":"wp","href":"https:\/\/api.w.org\/{rel}","templated":true}]}}