{"id":42083,"date":"2022-07-01T10:43:56","date_gmt":"2022-07-01T13:43:56","guid":{"rendered":"http:\/\/labestiadeportiva.com\/lbd\/?p=42083"},"modified":"2022-07-08T22:47:35","modified_gmt":"2022-07-09T01:47:35","slug":"con-lo-justo","status":"publish","type":"post","link":"http:\/\/labestiadeportiva.com\/lbd\/con-lo-justo\/","title":{"rendered":"Con lo justo"},"content":{"rendered":"<p><a href=\"http:\/\/labestiadeportiva.com\/lbd\/wp-content\/uploads\/2022\/07\/FB_IMG_1656683783210.jpg\"><img loading=\"lazy\" src=\"http:\/\/labestiadeportiva.com\/lbd\/wp-content\/uploads\/2022\/07\/FB_IMG_1656683783210-300x198.jpg\" alt=\"FB_IMG_1656683783210\" width=\"300\" height=\"198\" class=\"aligncenter size-medium wp-image-42087\" srcset=\"http:\/\/labestiadeportiva.com\/lbd\/wp-content\/uploads\/2022\/07\/FB_IMG_1656683783210-300x198.jpg 300w, http:\/\/labestiadeportiva.com\/lbd\/wp-content\/uploads\/2022\/07\/FB_IMG_1656683783210-640x423.jpg 640w, http:\/\/labestiadeportiva.com\/lbd\/wp-content\/uploads\/2022\/07\/FB_IMG_1656683783210.jpg 720w\" sizes=\"(max-width: 300px) 100vw, 300px\" \/><\/a>En la \u00faltima fecha de la primera fase Ushuaia derrot\u00f3 por la m\u00ednima a Las Heras y se meti\u00f3 en semifinales del Argentino \u00abB\u00bb de Selecciones de Futsal CAFS. Este viernes desde las 19 ir\u00e1 por el ascenso y el pasaporte a la final ante Caleta Olivia. La foto es gentileza de la Federaci\u00f3n Ushuaiense.<!--more--><\/p>\n<p>Con sufrimiento y angustia pero se clasific\u00f3 al fin. Sin brillar es cierto pero se logr\u00f3 el primer objetivo: estar en el partido por el ascenso. <\/p>\n<p>En cuanto al choque con Las Heras un gol tempranero y a trabajar el partido. La incertidumbre acompa\u00f1o a los fueguinos hasta el final pues solo le serv\u00eda un solo resultado: ganar.<\/p>\n<p>Perito Moreno a primera hora hab\u00eda sellado su clasificaci\u00f3n y mandaba a Ushuaia y Las Heras a jugar una verdadera final.<\/p>\n<p>Por el lado de la zona \u00abB\u00bb la jornada se complet\u00f3 con el triunfo de Gregores sobre Caleta Olivia y la igualdad en dos de Viedma y Pico Truncado que le permiti\u00f3 a este \u00faltimo acompa\u00f1ar a Caleta Olivia a semifinales.<\/p>\n<p>La jornada definitoria comenzar\u00e1 este viernes desde las siete de la tarde. Ushuaia est\u00e1 en deuda futbol\u00edstica? Si. Sufri\u00f3 de m\u00e1s? Porsupuesto. <\/p>\n<p>Pero tambi\u00e9n es cierto que hoy jugar\u00e1 el partido m\u00e1s importante, el del ascenso. A todo o nada para volver a poner al equipo donde siempre estuvo. Para mejorar siempre hay tiempo. <\/p>\n<p>Resultados (5\u00b0 fecha)<br \/>\nPerito Moreno 5 Sarmiento 3<br \/>\nUshuaia 1 Las Heras 0<br \/>\nGobernador Gregores 4 Caleta Olivia 3<br \/>\nViedma 2 Pico Truncado 2<\/p>\n<p>Semifinales (Viernes)<br \/>\n19.00 Ushuaia\/Caleta Olivia<br \/>\n21.00 Perito Moreno\/Pico Truncado <\/p>\n<p><a href=\"http:\/\/labestiadeportiva.com\/lbd\/wp-content\/uploads\/2022\/07\/bannerauspicia.jpg\"><img loading=\"lazy\" src=\"http:\/\/labestiadeportiva.com\/lbd\/wp-content\/uploads\/2022\/07\/bannerauspicia.jpg\" alt=\"bannerauspicia\" width=\"600\" height=\"167\" class=\"aligncenter size-full wp-image-42120\" srcset=\"http:\/\/labestiadeportiva.com\/lbd\/wp-content\/uploads\/2022\/07\/bannerauspicia.jpg 600w, http:\/\/labestiadeportiva.com\/lbd\/wp-content\/uploads\/2022\/07\/bannerauspicia-300x84.jpg 300w\" sizes=\"(max-width: 600px) 100vw, 600px\" \/><\/a><\/p>\n<div id='gallery-1' class='gallery galleryid-42083 gallery-columns-3 gallery-size-thumbnail'><figure class='gallery-item'>\n\t\t\t<div class='gallery-icon portrait'>\n\t\t\t\t<a href='http:\/\/labestiadeportiva.com\/lbd\/ley-1355-300x360\/'><img width=\"150\" height=\"150\" src=\"http:\/\/labestiadeportiva.com\/lbd\/wp-content\/uploads\/2022\/06\/Ley-1355-300x360-150x150.jpg\" class=\"attachment-thumbnail size-thumbnail\" alt=\"\" loading=\"lazy\" \/><\/a>\n\t\t\t<\/div><\/figure><figure class='gallery-item'>\n\t\t\t<div class='gallery-icon landscape'>\n\t\t\t\t<a href='http:\/\/labestiadeportiva.com\/lbd\/camionerosgif2\/'><img width=\"150\" height=\"150\" src=\"http:\/\/labestiadeportiva.com\/lbd\/wp-content\/uploads\/2022\/06\/CAMIONEROSGIF2-150x150.gif\" class=\"attachment-thumbnail size-thumbnail\" alt=\"\" loading=\"lazy\" srcset=\"http:\/\/labestiadeportiva.com\/lbd\/wp-content\/uploads\/2022\/06\/CAMIONEROSGIF2-150x150.gif 150w, http:\/\/labestiadeportiva.com\/lbd\/wp-content\/uploads\/2022\/06\/CAMIONEROSGIF2-300x300.gif 300w\" sizes=\"(max-width: 150px) 100vw, 150px\" \/><\/a>\n\t\t\t<\/div><\/figure><figure class='gallery-item'>\n\t\t\t<div class='gallery-icon landscape'>\n\t\t\t\t<a href='http:\/\/labestiadeportiva.com\/lbd\/bannerpoppergif-300x250\/'><img width=\"150\" height=\"150\" src=\"http:\/\/labestiadeportiva.com\/lbd\/wp-content\/uploads\/2021\/10\/bannerpopperGIF-300X250-150x150.gif\" class=\"attachment-thumbnail size-thumbnail\" alt=\"\" loading=\"lazy\" \/><\/a>\n\t\t\t<\/div><\/figure>\n\t\t<\/div>\n\n<div class='epvc-post-count'><span class='epvc-eye'><\/span>  <span class=\"epvc-count\"> 1.004<\/span><span class='epvc-label'> veces le\u00edda<\/span><\/div>\n<div class=\"jwsharethis\">\nShare this: \n<br \/>\n<a href=\"mailto:?subject=Con%20lo%20justo&amp;body=http%3A%2F%2Flabestiadeportiva.com%2Flbd%2Fcon-lo-justo%2F\">\n<img src=\"http:\/\/labestiadeportiva.com\/lbd\/wp-content\/plugins\/jw-share-this\/email.png\" alt=\"Share this page via Email\" \/>\n<\/a>\n<a target=\"_blank\" href=\"http:\/\/www.stumbleupon.com\/submit?url=http%3A%2F%2Flabestiadeportiva.com%2Flbd%2Fcon-lo-justo%2F&amp;title=Con+lo+justo\">\n<img src=\"http:\/\/labestiadeportiva.com\/lbd\/wp-content\/plugins\/jw-share-this\/su.png\" alt=\"Share this page via Stumble Upon\" \/>\n<\/a>\n<a target=\"_blank\" href=\"http:\/\/digg.com\/submit?url=http%3A%2F%2Flabestiadeportiva.com%2Flbd%2Fcon-lo-justo%2F&amp;title=Con+lo+justo\">\n<img src=\"http:\/\/labestiadeportiva.com\/lbd\/wp-content\/plugins\/jw-share-this\/digg.png\" alt=\"Share this page via Digg this\" \/>\n<\/a>\n<a target=\"_blank\" href=\"http:\/\/www.facebook.com\/sharer.php?u=http%3A%2F%2Flabestiadeportiva.com%2Flbd%2Fcon-lo-justo%2F&amp;t=Con+lo+justo\">\n<img src=\"http:\/\/labestiadeportiva.com\/lbd\/wp-content\/plugins\/jw-share-this\/fb.png\" alt=\"Share this page via Facebook\" \/>\n<\/a>\n<a target=\"_blank\" href=\"http:\/\/twitter.com\/intent\/tweet?text=I+like+http%3A%2F%2Flabestiadeportiva.com%2Flbd%2Fcon-lo-justo%2F&amp;title=Con+lo+justo\">\n<img src=\"http:\/\/labestiadeportiva.com\/lbd\/wp-content\/plugins\/jw-share-this\/twitter.png\" alt=\"Share this page via Twitter\" \/>\n<\/a>\n<\/div>\n","protected":false},"excerpt":{"rendered":"<p>En la \u00faltima fecha de la primera fase Ushuaia derrot\u00f3 por la m\u00ednima a Las Heras y se meti\u00f3 en semifinales del Argentino \u00abB\u00bb de Selecciones de Futsal CAFS. Este viernes desde las 19 ir\u00e1 por el ascenso y el pasaporte a la final ante Caleta Olivia. La foto es gentileza de la Federaci\u00f3n Ushuaiense. &hellip; <a href=\"http:\/\/labestiadeportiva.com\/lbd\/con-lo-justo\/\" class=\"more-link\">Seguir leyendo <span class=\"screen-reader-text\">Con lo justo<\/span> <span class=\"meta-nav\">&rarr;<\/span><\/a><\/p>\n","protected":false},"author":1,"featured_media":0,"comment_status":"open","ping_status":"open","sticky":false,"template":"","format":"standard","meta":[],"categories":[5,6,31,1],"tags":[4804,793,3660],"_links":{"self":[{"href":"http:\/\/labestiadeportiva.com\/lbd\/wp-json\/wp\/v2\/posts\/42083"}],"collection":[{"href":"http:\/\/labestiadeportiva.com\/lbd\/wp-json\/wp\/v2\/posts"}],"about":[{"href":"http:\/\/labestiadeportiva.com\/lbd\/wp-json\/wp\/v2\/types\/post"}],"author":[{"embeddable":true,"href":"http:\/\/labestiadeportiva.com\/lbd\/wp-json\/wp\/v2\/users\/1"}],"replies":[{"embeddable":true,"href":"http:\/\/labestiadeportiva.com\/lbd\/wp-json\/wp\/v2\/comments?post=42083"}],"version-history":[{"count":8,"href":"http:\/\/labestiadeportiva.com\/lbd\/wp-json\/wp\/v2\/posts\/42083\/revisions"}],"predecessor-version":[{"id":42188,"href":"http:\/\/labestiadeportiva.com\/lbd\/wp-json\/wp\/v2\/posts\/42083\/revisions\/42188"}],"wp:attachment":[{"href":"http:\/\/labestiadeportiva.com\/lbd\/wp-json\/wp\/v2\/media?parent=42083"}],"wp:term":[{"taxonomy":"category","embeddable":true,"href":"http:\/\/labestiadeportiva.com\/lbd\/wp-json\/wp\/v2\/categories?post=42083"},{"taxonomy":"post_tag","embeddable":true,"href":"http:\/\/labestiadeportiva.com\/lbd\/wp-json\/wp\/v2\/tags?post=42083"}],"curies":[{"name":"wp","href":"https:\/\/api.w.org\/{rel}","templated":true}]}}