{"id":42291,"date":"2022-07-21T10:57:44","date_gmt":"2022-07-21T13:57:44","guid":{"rendered":"http:\/\/labestiadeportiva.com\/lbd\/?p=42291"},"modified":"2022-07-21T10:57:44","modified_gmt":"2022-07-21T13:57:44","slug":"luciano-santiago-y-atilio-en-cordoba","status":"publish","type":"post","link":"http:\/\/labestiadeportiva.com\/lbd\/luciano-santiago-y-atilio-en-cordoba\/","title":{"rendered":"Luciano, Santiago y Atilio en C\u00f3rdoba"},"content":{"rendered":"<p><a href=\"http:\/\/labestiadeportiva.com\/lbd\/wp-content\/uploads\/2022\/07\/IMG-20220720-WA0072.jpg\"><img loading=\"lazy\" src=\"http:\/\/labestiadeportiva.com\/lbd\/wp-content\/uploads\/2022\/07\/IMG-20220720-WA0072-300x211.jpg\" alt=\"IMG-20220720-WA0072\" width=\"300\" height=\"211\" class=\"aligncenter size-medium wp-image-42292\" srcset=\"http:\/\/labestiadeportiva.com\/lbd\/wp-content\/uploads\/2022\/07\/IMG-20220720-WA0072-300x211.jpg 300w, http:\/\/labestiadeportiva.com\/lbd\/wp-content\/uploads\/2022\/07\/IMG-20220720-WA0072-1024x720.jpg 1024w, http:\/\/labestiadeportiva.com\/lbd\/wp-content\/uploads\/2022\/07\/IMG-20220720-WA0072-640x450.jpg 640w, http:\/\/labestiadeportiva.com\/lbd\/wp-content\/uploads\/2022\/07\/IMG-20220720-WA0072.jpg 1280w\" sizes=\"(max-width: 300px) 100vw, 300px\" \/><\/a><br \/>\nLos judocas Luciano Vargas, Santiago Avellaneda de la categor\u00eda sub 15 y Atilio Gualdesi sub 13 viajaron este martes hacia la provincia de C\u00f3rdoba convocados por la Confederaci\u00f3n Argentina de Judo a participar del Campo Nacional de Desarrollo T\u00e9cnico.<!--more--><\/p>\n<p>El Campo de Desarrollo se desarrollar\u00e1 desde el 20 al 24 de julio, en las instalaciones de la Colonia de Vacaciones Santa Maria de Punilla, provincia de C\u00f3rdoba. <\/p>\n<p>La actividad ser\u00e1 t\u00e9cnica puntuable para participar en el Campeonato Sudamericano a realizarse en el mes de noviembre en la ciudad de Villa Carlos Paz.<\/p>\n<p>Los judocas de la Escuela Municipal, alumnos de Juan Arcos,  partieron desde la ciudad de Ushuaia acompa\u00f1ados por Leila P\u00e9rez, integrante del equipo t\u00e9cnico de Judo de la Provincia.<\/p>\n<p><a href=\"http:\/\/labestiadeportiva.com\/lbd\/wp-content\/uploads\/2022\/07\/bannerauspicia.jpg\"><img loading=\"lazy\" src=\"http:\/\/labestiadeportiva.com\/lbd\/wp-content\/uploads\/2022\/07\/bannerauspicia-300x84.jpg\" alt=\"bannerauspicia\" width=\"300\" height=\"84\" class=\"aligncenter size-medium wp-image-42120\" srcset=\"http:\/\/labestiadeportiva.com\/lbd\/wp-content\/uploads\/2022\/07\/bannerauspicia-300x84.jpg 300w, http:\/\/labestiadeportiva.com\/lbd\/wp-content\/uploads\/2022\/07\/bannerauspicia.jpg 600w\" sizes=\"(max-width: 300px) 100vw, 300px\" \/><\/a><\/p>\n<div id='gallery-1' class='gallery galleryid-42291 gallery-columns-3 gallery-size-thumbnail'><figure class='gallery-item'>\n\t\t\t<div class='gallery-icon landscape'>\n\t\t\t\t<a href='http:\/\/labestiadeportiva.com\/lbd\/camionerosgif2\/'><img width=\"150\" height=\"150\" src=\"http:\/\/labestiadeportiva.com\/lbd\/wp-content\/uploads\/2022\/06\/CAMIONEROSGIF2-150x150.gif\" class=\"attachment-thumbnail size-thumbnail\" alt=\"\" loading=\"lazy\" srcset=\"http:\/\/labestiadeportiva.com\/lbd\/wp-content\/uploads\/2022\/06\/CAMIONEROSGIF2-150x150.gif 150w, http:\/\/labestiadeportiva.com\/lbd\/wp-content\/uploads\/2022\/06\/CAMIONEROSGIF2-300x300.gif 300w\" sizes=\"(max-width: 150px) 100vw, 150px\" \/><\/a>\n\t\t\t<\/div><\/figure><figure class='gallery-item'>\n\t\t\t<div class='gallery-icon landscape'>\n\t\t\t\t<a href='http:\/\/labestiadeportiva.com\/lbd\/banner-ts-gif\/'><img width=\"150\" height=\"150\" src=\"http:\/\/labestiadeportiva.com\/lbd\/wp-content\/uploads\/2022\/06\/banner-ts-gif-150x150.gif\" class=\"attachment-thumbnail size-thumbnail\" alt=\"\" loading=\"lazy\" \/><\/a>\n\t\t\t<\/div><\/figure><figure class='gallery-item'>\n\t\t\t<div class='gallery-icon landscape'>\n\t\t\t\t<a href='http:\/\/labestiadeportiva.com\/lbd\/activeush\/'><img width=\"150\" height=\"150\" src=\"http:\/\/labestiadeportiva.com\/lbd\/wp-content\/uploads\/2022\/05\/activeush-150x150.gif\" class=\"attachment-thumbnail size-thumbnail\" alt=\"\" loading=\"lazy\" srcset=\"http:\/\/labestiadeportiva.com\/lbd\/wp-content\/uploads\/2022\/05\/activeush-150x150.gif 150w, http:\/\/labestiadeportiva.com\/lbd\/wp-content\/uploads\/2022\/05\/activeush-300x300.gif 300w\" sizes=\"(max-width: 150px) 100vw, 150px\" \/><\/a>\n\t\t\t<\/div><\/figure>\n\t\t<\/div>\n\n<div class='epvc-post-count'><span class='epvc-eye'><\/span>  <span class=\"epvc-count\"> 1.402<\/span><span class='epvc-label'> veces le\u00edda<\/span><\/div>\n<div class=\"jwsharethis\">\nShare this: \n<br \/>\n<a href=\"mailto:?subject=Luciano%2C%20Santiago%20y%20Atilio%20en%20C%C3%B3rdoba&amp;body=http%3A%2F%2Flabestiadeportiva.com%2Flbd%2Fluciano-santiago-y-atilio-en-cordoba%2F\">\n<img src=\"http:\/\/labestiadeportiva.com\/lbd\/wp-content\/plugins\/jw-share-this\/email.png\" alt=\"Share this page via Email\" \/>\n<\/a>\n<a target=\"_blank\" href=\"http:\/\/www.stumbleupon.com\/submit?url=http%3A%2F%2Flabestiadeportiva.com%2Flbd%2Fluciano-santiago-y-atilio-en-cordoba%2F&amp;title=Luciano%2C+Santiago+y+Atilio+en+C%C3%B3rdoba\">\n<img src=\"http:\/\/labestiadeportiva.com\/lbd\/wp-content\/plugins\/jw-share-this\/su.png\" alt=\"Share this page via Stumble Upon\" \/>\n<\/a>\n<a target=\"_blank\" href=\"http:\/\/digg.com\/submit?url=http%3A%2F%2Flabestiadeportiva.com%2Flbd%2Fluciano-santiago-y-atilio-en-cordoba%2F&amp;title=Luciano%2C+Santiago+y+Atilio+en+C%C3%B3rdoba\">\n<img src=\"http:\/\/labestiadeportiva.com\/lbd\/wp-content\/plugins\/jw-share-this\/digg.png\" alt=\"Share this page via Digg this\" \/>\n<\/a>\n<a target=\"_blank\" href=\"http:\/\/www.facebook.com\/sharer.php?u=http%3A%2F%2Flabestiadeportiva.com%2Flbd%2Fluciano-santiago-y-atilio-en-cordoba%2F&amp;t=Luciano%2C+Santiago+y+Atilio+en+C%C3%B3rdoba\">\n<img src=\"http:\/\/labestiadeportiva.com\/lbd\/wp-content\/plugins\/jw-share-this\/fb.png\" alt=\"Share this page via Facebook\" \/>\n<\/a>\n<a target=\"_blank\" href=\"http:\/\/twitter.com\/intent\/tweet?text=I+like+http%3A%2F%2Flabestiadeportiva.com%2Flbd%2Fluciano-santiago-y-atilio-en-cordoba%2F&amp;title=Luciano%2C+Santiago+y+Atilio+en+C%C3%B3rdoba\">\n<img src=\"http:\/\/labestiadeportiva.com\/lbd\/wp-content\/plugins\/jw-share-this\/twitter.png\" alt=\"Share this page via Twitter\" \/>\n<\/a>\n<\/div>\n","protected":false},"excerpt":{"rendered":"<p>Los judocas Luciano Vargas, Santiago Avellaneda de la categor\u00eda sub 15 y Atilio Gualdesi sub 13 viajaron este martes hacia la provincia de C\u00f3rdoba convocados por la Confederaci\u00f3n Argentina de Judo a participar del Campo Nacional de Desarrollo T\u00e9cnico. 1.402 veces le\u00edda Share this:<\/p>\n","protected":false},"author":1,"featured_media":0,"comment_status":"open","ping_status":"open","sticky":false,"template":"","format":"standard","meta":[],"categories":[5,6,2789,1],"tags":[4826,470,23,3660],"_links":{"self":[{"href":"http:\/\/labestiadeportiva.com\/lbd\/wp-json\/wp\/v2\/posts\/42291"}],"collection":[{"href":"http:\/\/labestiadeportiva.com\/lbd\/wp-json\/wp\/v2\/posts"}],"about":[{"href":"http:\/\/labestiadeportiva.com\/lbd\/wp-json\/wp\/v2\/types\/post"}],"author":[{"embeddable":true,"href":"http:\/\/labestiadeportiva.com\/lbd\/wp-json\/wp\/v2\/users\/1"}],"replies":[{"embeddable":true,"href":"http:\/\/labestiadeportiva.com\/lbd\/wp-json\/wp\/v2\/comments?post=42291"}],"version-history":[{"count":1,"href":"http:\/\/labestiadeportiva.com\/lbd\/wp-json\/wp\/v2\/posts\/42291\/revisions"}],"predecessor-version":[{"id":42293,"href":"http:\/\/labestiadeportiva.com\/lbd\/wp-json\/wp\/v2\/posts\/42291\/revisions\/42293"}],"wp:attachment":[{"href":"http:\/\/labestiadeportiva.com\/lbd\/wp-json\/wp\/v2\/media?parent=42291"}],"wp:term":[{"taxonomy":"category","embeddable":true,"href":"http:\/\/labestiadeportiva.com\/lbd\/wp-json\/wp\/v2\/categories?post=42291"},{"taxonomy":"post_tag","embeddable":true,"href":"http:\/\/labestiadeportiva.com\/lbd\/wp-json\/wp\/v2\/tags?post=42291"}],"curies":[{"name":"wp","href":"https:\/\/api.w.org\/{rel}","templated":true}]}}