{"id":42296,"date":"2022-07-22T11:09:23","date_gmt":"2022-07-22T14:09:23","guid":{"rendered":"http:\/\/labestiadeportiva.com\/lbd\/?p=42296"},"modified":"2022-07-22T11:32:05","modified_gmt":"2022-07-22T14:32:05","slug":"haf-en-rio-grande-camioneros-en-gallegos-audio","status":"publish","type":"post","link":"http:\/\/labestiadeportiva.com\/lbd\/haf-en-rio-grande-camioneros-en-gallegos-audio\/","title":{"rendered":"HAF en R\u00edo Grande, Camioneros a Gallegos (Audio)"},"content":{"rendered":"<p><a href=\"http:\/\/labestiadeportiva.com\/lbd\/wp-content\/uploads\/2022\/07\/20220722_113016-COLLAGE.jpg\"><img loading=\"lazy\" src=\"http:\/\/labestiadeportiva.com\/lbd\/wp-content\/uploads\/2022\/07\/20220722_113016-COLLAGE.jpg\" alt=\"20220722_113016-COLLAGE\" width=\"1024\" height=\"1024\" class=\"aligncenter size-full wp-image-42299\" srcset=\"http:\/\/labestiadeportiva.com\/lbd\/wp-content\/uploads\/2022\/07\/20220722_113016-COLLAGE.jpg 1024w, http:\/\/labestiadeportiva.com\/lbd\/wp-content\/uploads\/2022\/07\/20220722_113016-COLLAGE-150x150.jpg 150w, http:\/\/labestiadeportiva.com\/lbd\/wp-content\/uploads\/2022\/07\/20220722_113016-COLLAGE-300x300.jpg 300w, http:\/\/labestiadeportiva.com\/lbd\/wp-content\/uploads\/2022\/07\/20220722_113016-COLLAGE-640x640.jpg 640w\" sizes=\"(max-width: 1024px) 100vw, 1024px\" \/><\/a><br \/>\nContacto con el m\u00e1ximo dirigente salonero de la Liga Ushuaiense, Sebasti\u00e1n Ben\u00edtez. El sorteo de la S\u00faper Liga Patag\u00f3nica (comenzar\u00e1 el 5, 6 y 7 de agosto), la continuidad de la Copa Ushuaia y el cambio de sede de la instancia nacional de la Copa Argentina los principales temas abordados.<\/p>\n<p>Compartimos la entrevista lograda este jueves en la 94.1 FM del Sur.<!--more--><\/p>\n<p><iframe loading=\"lazy\" width=\"560\" height=\"315\" src=\"https:\/\/www.youtube.com\/embed\/-z5mAKj511Y\" title=\"YouTube video player\" frameborder=\"0\" allow=\"accelerometer; autoplay; clipboard-write; encrypted-media; gyroscope; picture-in-picture\" allowfullscreen><\/iframe><\/p>\n<p><a href=\"http:\/\/labestiadeportiva.com\/lbd\/wp-content\/uploads\/2022\/07\/bannerauspicia.jpg\"><img loading=\"lazy\" src=\"http:\/\/labestiadeportiva.com\/lbd\/wp-content\/uploads\/2022\/07\/bannerauspicia.jpg\" alt=\"bannerauspicia\" width=\"600\" height=\"167\" class=\"aligncenter size-full wp-image-42120\" srcset=\"http:\/\/labestiadeportiva.com\/lbd\/wp-content\/uploads\/2022\/07\/bannerauspicia.jpg 600w, http:\/\/labestiadeportiva.com\/lbd\/wp-content\/uploads\/2022\/07\/bannerauspicia-300x84.jpg 300w\" sizes=\"(max-width: 600px) 100vw, 600px\" \/><\/a><\/p>\n<div id='gallery-1' class='gallery galleryid-42296 gallery-columns-3 gallery-size-thumbnail'><figure class='gallery-item'>\n\t\t\t<div class='gallery-icon landscape'>\n\t\t\t\t<a href='http:\/\/labestiadeportiva.com\/lbd\/einvierno_300x300\/'><img width=\"150\" height=\"150\" src=\"http:\/\/labestiadeportiva.com\/lbd\/wp-content\/uploads\/2022\/07\/EInvierno_300x300-150x150.gif\" class=\"attachment-thumbnail size-thumbnail\" alt=\"\" loading=\"lazy\" srcset=\"http:\/\/labestiadeportiva.com\/lbd\/wp-content\/uploads\/2022\/07\/EInvierno_300x300-150x150.gif 150w, http:\/\/labestiadeportiva.com\/lbd\/wp-content\/uploads\/2022\/07\/EInvierno_300x300-300x300.gif 300w\" sizes=\"(max-width: 150px) 100vw, 150px\" \/><\/a>\n\t\t\t<\/div><\/figure><figure class='gallery-item'>\n\t\t\t<div class='gallery-icon landscape'>\n\t\t\t\t<a href='http:\/\/labestiadeportiva.com\/lbd\/camionerosgif2\/'><img width=\"150\" height=\"150\" src=\"http:\/\/labestiadeportiva.com\/lbd\/wp-content\/uploads\/2022\/06\/CAMIONEROSGIF2-150x150.gif\" class=\"attachment-thumbnail size-thumbnail\" alt=\"\" loading=\"lazy\" srcset=\"http:\/\/labestiadeportiva.com\/lbd\/wp-content\/uploads\/2022\/06\/CAMIONEROSGIF2-150x150.gif 150w, http:\/\/labestiadeportiva.com\/lbd\/wp-content\/uploads\/2022\/06\/CAMIONEROSGIF2-300x300.gif 300w\" sizes=\"(max-width: 150px) 100vw, 150px\" \/><\/a>\n\t\t\t<\/div><\/figure><figure class='gallery-item'>\n\t\t\t<div class='gallery-icon landscape'>\n\t\t\t\t<a href='http:\/\/labestiadeportiva.com\/lbd\/activeush\/'><img width=\"150\" height=\"150\" src=\"http:\/\/labestiadeportiva.com\/lbd\/wp-content\/uploads\/2022\/05\/activeush-150x150.gif\" class=\"attachment-thumbnail size-thumbnail\" alt=\"\" loading=\"lazy\" srcset=\"http:\/\/labestiadeportiva.com\/lbd\/wp-content\/uploads\/2022\/05\/activeush-150x150.gif 150w, http:\/\/labestiadeportiva.com\/lbd\/wp-content\/uploads\/2022\/05\/activeush-300x300.gif 300w\" sizes=\"(max-width: 150px) 100vw, 150px\" \/><\/a>\n\t\t\t<\/div><\/figure>\n\t\t<\/div>\n\n<div class='epvc-post-count'><span class='epvc-eye'><\/span>  <span class=\"epvc-count\"> 1.075<\/span><span class='epvc-label'> veces le\u00edda<\/span><\/div>\n<div class=\"jwsharethis\">\nShare this: \n<br \/>\n<a href=\"mailto:?subject=HAF%20en%20R%C3%ADo%20Grande%2C%20Camioneros%20a%20Gallegos%20%28Audio%29&amp;body=http%3A%2F%2Flabestiadeportiva.com%2Flbd%2Fhaf-en-rio-grande-camioneros-en-gallegos-audio%2F\">\n<img src=\"http:\/\/labestiadeportiva.com\/lbd\/wp-content\/plugins\/jw-share-this\/email.png\" alt=\"Share this page via Email\" \/>\n<\/a>\n<a target=\"_blank\" href=\"http:\/\/www.stumbleupon.com\/submit?url=http%3A%2F%2Flabestiadeportiva.com%2Flbd%2Fhaf-en-rio-grande-camioneros-en-gallegos-audio%2F&amp;title=HAF+en+R%C3%ADo+Grande%2C+Camioneros+a+Gallegos+%28Audio%29\">\n<img src=\"http:\/\/labestiadeportiva.com\/lbd\/wp-content\/plugins\/jw-share-this\/su.png\" alt=\"Share this page via Stumble Upon\" \/>\n<\/a>\n<a target=\"_blank\" href=\"http:\/\/digg.com\/submit?url=http%3A%2F%2Flabestiadeportiva.com%2Flbd%2Fhaf-en-rio-grande-camioneros-en-gallegos-audio%2F&amp;title=HAF+en+R%C3%ADo+Grande%2C+Camioneros+a+Gallegos+%28Audio%29\">\n<img src=\"http:\/\/labestiadeportiva.com\/lbd\/wp-content\/plugins\/jw-share-this\/digg.png\" alt=\"Share this page via Digg this\" \/>\n<\/a>\n<a target=\"_blank\" href=\"http:\/\/www.facebook.com\/sharer.php?u=http%3A%2F%2Flabestiadeportiva.com%2Flbd%2Fhaf-en-rio-grande-camioneros-en-gallegos-audio%2F&amp;t=HAF+en+R%C3%ADo+Grande%2C+Camioneros+a+Gallegos+%28Audio%29\">\n<img src=\"http:\/\/labestiadeportiva.com\/lbd\/wp-content\/plugins\/jw-share-this\/fb.png\" alt=\"Share this page via Facebook\" \/>\n<\/a>\n<a target=\"_blank\" href=\"http:\/\/twitter.com\/intent\/tweet?text=I+like+http%3A%2F%2Flabestiadeportiva.com%2Flbd%2Fhaf-en-rio-grande-camioneros-en-gallegos-audio%2F&amp;title=HAF+en+R%C3%ADo+Grande%2C+Camioneros+a+Gallegos+%28Audio%29\">\n<img src=\"http:\/\/labestiadeportiva.com\/lbd\/wp-content\/plugins\/jw-share-this\/twitter.png\" alt=\"Share this page via Twitter\" \/>\n<\/a>\n<\/div>\n","protected":false},"excerpt":{"rendered":"<p>Contacto con el m\u00e1ximo dirigente salonero de la Liga Ushuaiense, Sebasti\u00e1n Ben\u00edtez. El sorteo de la S\u00faper Liga Patag\u00f3nica (comenzar\u00e1 el 5, 6 y 7 de agosto), la continuidad de la Copa Ushuaia y el cambio de sede de la instancia nacional de la Copa Argentina los principales temas abordados. Compartimos la entrevista lograda este &hellip; <a href=\"http:\/\/labestiadeportiva.com\/lbd\/haf-en-rio-grande-camioneros-en-gallegos-audio\/\" class=\"more-link\">Seguir leyendo <span class=\"screen-reader-text\">HAF en R\u00edo Grande, Camioneros a Gallegos (Audio)<\/span> <span class=\"meta-nav\">&rarr;<\/span><\/a><\/p>\n","protected":false},"author":1,"featured_media":0,"comment_status":"open","ping_status":"open","sticky":false,"template":"","format":"standard","meta":[],"categories":[5,6,60,47,1],"tags":[312,30,48,4828],"_links":{"self":[{"href":"http:\/\/labestiadeportiva.com\/lbd\/wp-json\/wp\/v2\/posts\/42296"}],"collection":[{"href":"http:\/\/labestiadeportiva.com\/lbd\/wp-json\/wp\/v2\/posts"}],"about":[{"href":"http:\/\/labestiadeportiva.com\/lbd\/wp-json\/wp\/v2\/types\/post"}],"author":[{"embeddable":true,"href":"http:\/\/labestiadeportiva.com\/lbd\/wp-json\/wp\/v2\/users\/1"}],"replies":[{"embeddable":true,"href":"http:\/\/labestiadeportiva.com\/lbd\/wp-json\/wp\/v2\/comments?post=42296"}],"version-history":[{"count":3,"href":"http:\/\/labestiadeportiva.com\/lbd\/wp-json\/wp\/v2\/posts\/42296\/revisions"}],"predecessor-version":[{"id":42300,"href":"http:\/\/labestiadeportiva.com\/lbd\/wp-json\/wp\/v2\/posts\/42296\/revisions\/42300"}],"wp:attachment":[{"href":"http:\/\/labestiadeportiva.com\/lbd\/wp-json\/wp\/v2\/media?parent=42296"}],"wp:term":[{"taxonomy":"category","embeddable":true,"href":"http:\/\/labestiadeportiva.com\/lbd\/wp-json\/wp\/v2\/categories?post=42296"},{"taxonomy":"post_tag","embeddable":true,"href":"http:\/\/labestiadeportiva.com\/lbd\/wp-json\/wp\/v2\/tags?post=42296"}],"curies":[{"name":"wp","href":"https:\/\/api.w.org\/{rel}","templated":true}]}}