{"id":42324,"date":"2022-07-25T23:27:24","date_gmt":"2022-07-26T02:27:24","guid":{"rendered":"http:\/\/labestiadeportiva.com\/lbd\/?p=42324"},"modified":"2022-07-27T13:06:20","modified_gmt":"2022-07-27T16:06:20","slug":"el-chino-volvio-a-las-pistas-audio","status":"publish","type":"post","link":"http:\/\/labestiadeportiva.com\/lbd\/el-chino-volvio-a-las-pistas-audio\/","title":{"rendered":"El \u00abChino\u00bb volvi\u00f3 a las pistas (Audio)"},"content":{"rendered":"\n<figure class=\"wp-block-image size-large\"><a href=\"http:\/\/labestiadeportiva.com\/lbd\/wp-content\/uploads\/2022\/07\/IMG-20220725-WA0058.jpg\"><img loading=\"lazy\" width=\"1024\" height=\"682\" src=\"http:\/\/labestiadeportiva.com\/lbd\/wp-content\/uploads\/2022\/07\/IMG-20220725-WA0058-1024x682.jpg\" alt=\"\" class=\"wp-image-42325\" srcset=\"http:\/\/labestiadeportiva.com\/lbd\/wp-content\/uploads\/2022\/07\/IMG-20220725-WA0058-1024x682.jpg 1024w, http:\/\/labestiadeportiva.com\/lbd\/wp-content\/uploads\/2022\/07\/IMG-20220725-WA0058-300x200.jpg 300w, http:\/\/labestiadeportiva.com\/lbd\/wp-content\/uploads\/2022\/07\/IMG-20220725-WA0058-768x512.jpg 768w, http:\/\/labestiadeportiva.com\/lbd\/wp-content\/uploads\/2022\/07\/IMG-20220725-WA0058-640x427.jpg 640w, http:\/\/labestiadeportiva.com\/lbd\/wp-content\/uploads\/2022\/07\/IMG-20220725-WA0058.jpg 1280w\" sizes=\"(max-width: 1024px) 100vw, 1024px\" \/><\/a><\/figure>\n\n\n\n<p>El joven piloto ushuaiense debut\u00f3 en la categor\u00eda escuela del Turismo de Carretera, el TC Pista Mouras. Regreso a la actividad nacional que el fueguino intentar\u00e1 darle continuidad siempre y cuando pueda reunir el bendito presupuesto. Compartimos la entrevista lograda este lunes en la 94.1 FM del Sur. <\/p>\n\n\n\n<!--more-->\n\n\n\n<p>Aqu\u00ed, la entrevista:<\/p>\n\n\n\n<figure class=\"wp-block-embed is-type-video is-provider-youtube wp-block-embed-youtube wp-embed-aspect-4-3 wp-has-aspect-ratio\"><div class=\"wp-block-embed__wrapper\">\n<iframe loading=\"lazy\" title=\"Audio Facundo &quot;Chino&quot; Di Gennaro\" width=\"474\" height=\"356\" src=\"https:\/\/www.youtube.com\/embed\/-e3KFPnZkGw?feature=oembed\" frameborder=\"0\" allow=\"accelerometer; autoplay; clipboard-write; encrypted-media; gyroscope; picture-in-picture\" allowfullscreen title=\"Audio Facundo \"Chino\" Di Gennaro\"><\/iframe>\n<\/div><\/figure>\n\n\n\n<p><\/p>\n<div class='epvc-post-count'><span class='epvc-eye'><\/span>  <span class=\"epvc-count\"> 1.088<\/span><span class='epvc-label'> veces le\u00edda<\/span><\/div>\n<div class=\"jwsharethis\">\nShare this: \n<br \/>\n<a href=\"mailto:?subject=El%20%C2%ABChino%C2%BB%20volvi%C3%B3%20a%20las%20pistas%20%28Audio%29&amp;body=http%3A%2F%2Flabestiadeportiva.com%2Flbd%2Fel-chino-volvio-a-las-pistas-audio%2F\">\n<img src=\"http:\/\/labestiadeportiva.com\/lbd\/wp-content\/plugins\/jw-share-this\/email.png\" alt=\"Share this page via Email\" \/>\n<\/a>\n<a target=\"_blank\" href=\"http:\/\/www.stumbleupon.com\/submit?url=http%3A%2F%2Flabestiadeportiva.com%2Flbd%2Fel-chino-volvio-a-las-pistas-audio%2F&amp;title=El+%C2%ABChino%C2%BB+volvi%C3%B3+a+las+pistas+%28Audio%29\">\n<img src=\"http:\/\/labestiadeportiva.com\/lbd\/wp-content\/plugins\/jw-share-this\/su.png\" alt=\"Share this page via Stumble Upon\" \/>\n<\/a>\n<a target=\"_blank\" href=\"http:\/\/digg.com\/submit?url=http%3A%2F%2Flabestiadeportiva.com%2Flbd%2Fel-chino-volvio-a-las-pistas-audio%2F&amp;title=El+%C2%ABChino%C2%BB+volvi%C3%B3+a+las+pistas+%28Audio%29\">\n<img src=\"http:\/\/labestiadeportiva.com\/lbd\/wp-content\/plugins\/jw-share-this\/digg.png\" alt=\"Share this page via Digg this\" \/>\n<\/a>\n<a target=\"_blank\" href=\"http:\/\/www.facebook.com\/sharer.php?u=http%3A%2F%2Flabestiadeportiva.com%2Flbd%2Fel-chino-volvio-a-las-pistas-audio%2F&amp;t=El+%C2%ABChino%C2%BB+volvi%C3%B3+a+las+pistas+%28Audio%29\">\n<img src=\"http:\/\/labestiadeportiva.com\/lbd\/wp-content\/plugins\/jw-share-this\/fb.png\" alt=\"Share this page via Facebook\" \/>\n<\/a>\n<a target=\"_blank\" href=\"http:\/\/twitter.com\/intent\/tweet?text=I+like+http%3A%2F%2Flabestiadeportiva.com%2Flbd%2Fel-chino-volvio-a-las-pistas-audio%2F&amp;title=El+%C2%ABChino%C2%BB+volvi%C3%B3+a+las+pistas+%28Audio%29\">\n<img src=\"http:\/\/labestiadeportiva.com\/lbd\/wp-content\/plugins\/jw-share-this\/twitter.png\" alt=\"Share this page via Twitter\" \/>\n<\/a>\n<\/div>\n","protected":false},"excerpt":{"rendered":"<p>El joven piloto ushuaiense debut\u00f3 en la categor\u00eda escuela del Turismo de Carretera, el TC Pista Mouras. Regreso a la actividad nacional que el fueguino intentar\u00e1 darle continuidad siempre y cuando pueda reunir el bendito presupuesto. Compartimos la entrevista lograda este lunes en la 94.1 FM del Sur. 1.088 veces le\u00edda Share this:<\/p>\n","protected":false},"author":1,"featured_media":0,"comment_status":"open","ping_status":"open","sticky":false,"template":"","format":"standard","meta":[],"categories":[2135,1],"tags":[],"_links":{"self":[{"href":"http:\/\/labestiadeportiva.com\/lbd\/wp-json\/wp\/v2\/posts\/42324"}],"collection":[{"href":"http:\/\/labestiadeportiva.com\/lbd\/wp-json\/wp\/v2\/posts"}],"about":[{"href":"http:\/\/labestiadeportiva.com\/lbd\/wp-json\/wp\/v2\/types\/post"}],"author":[{"embeddable":true,"href":"http:\/\/labestiadeportiva.com\/lbd\/wp-json\/wp\/v2\/users\/1"}],"replies":[{"embeddable":true,"href":"http:\/\/labestiadeportiva.com\/lbd\/wp-json\/wp\/v2\/comments?post=42324"}],"version-history":[{"count":3,"href":"http:\/\/labestiadeportiva.com\/lbd\/wp-json\/wp\/v2\/posts\/42324\/revisions"}],"predecessor-version":[{"id":42330,"href":"http:\/\/labestiadeportiva.com\/lbd\/wp-json\/wp\/v2\/posts\/42324\/revisions\/42330"}],"wp:attachment":[{"href":"http:\/\/labestiadeportiva.com\/lbd\/wp-json\/wp\/v2\/media?parent=42324"}],"wp:term":[{"taxonomy":"category","embeddable":true,"href":"http:\/\/labestiadeportiva.com\/lbd\/wp-json\/wp\/v2\/categories?post=42324"},{"taxonomy":"post_tag","embeddable":true,"href":"http:\/\/labestiadeportiva.com\/lbd\/wp-json\/wp\/v2\/tags?post=42324"}],"curies":[{"name":"wp","href":"https:\/\/api.w.org\/{rel}","templated":true}]}}