{"id":42377,"date":"2022-08-01T10:02:37","date_gmt":"2022-08-01T13:02:37","guid":{"rendered":"https:\/\/labestiadeportiva.com\/lbd\/?p=42377"},"modified":"2022-08-01T14:14:43","modified_gmt":"2022-08-01T17:14:43","slug":"comenzo-la-reparacion-del-piso-en-el-microestadio","status":"publish","type":"post","link":"http:\/\/labestiadeportiva.com\/lbd\/comenzo-la-reparacion-del-piso-en-el-microestadio\/","title":{"rendered":"Comenz\u00f3 la reparaci\u00f3n del piso en el Microestadio"},"content":{"rendered":"\n<figure class=\"wp-block-image size-full\"><a href=\"https:\/\/labestiadeportiva.com\/lbd\/wp-content\/uploads\/2022\/08\/Screenshot_20220801-0936363.png\"><img loading=\"lazy\" width=\"656\" height=\"433\" src=\"https:\/\/labestiadeportiva.com\/lbd\/wp-content\/uploads\/2022\/08\/Screenshot_20220801-0936363.png\" alt=\"\" class=\"wp-image-42378\" srcset=\"http:\/\/labestiadeportiva.com\/lbd\/wp-content\/uploads\/2022\/08\/Screenshot_20220801-0936363.png 656w, http:\/\/labestiadeportiva.com\/lbd\/wp-content\/uploads\/2022\/08\/Screenshot_20220801-0936363-300x198.png 300w, http:\/\/labestiadeportiva.com\/lbd\/wp-content\/uploads\/2022\/08\/Screenshot_20220801-0936363-640x422.png 640w\" sizes=\"(max-width: 656px) 100vw, 656px\" \/><\/a><\/figure>\n\n\n\n<p>D\u00edas atr\u00e1s la Municipalidad de Ushuaia dio inicio a la obra de reparaci\u00f3n del piso en el Microestadio Jos\u00e9 \u00abCochocho\u00bb. Vargas. La primera etapa de los trabajos est\u00e1 a cargo de personal del \u00e1rea de Servicios P\u00fablicos del Municipio y se ejecuta por Administraci\u00f3n. Fuente y fotos Prensa IMD.<\/p>\n\n\n\n<!--more-->\n\n\n<a class=\"wp-block-read-more\" href=\"http:\/\/labestiadeportiva.com\/lbd\/comenzo-la-reparacion-del-piso-en-el-microestadio\/\" target=\"_self\">Leer m\u00e1s<\/a>\n\n\n<p>En tanto, el hormigonado y terminaci\u00f3n estar\u00e1 a cargo de la empresa que gane el proceso de licitaci\u00f3n, cuya apertura de sobres se realizar\u00e1 este lunes 1 de agosto.<br><\/p>\n\n\n\n<p><br>Quien se expres\u00f3 al respecto fue el Presidente del IMD, Guillermo Navarro, diciendo:<\/p>\n\n\n\n<p> \u201ces una obra muy importante para el desarrollo deportivo de la ciudad\u201d.<br><\/p>\n\n\n\n<p>Asimismo ampli\u00f3 diciendo:<\/p>\n\n\n\n<p> \u201cestamos trabajando para que los d\u00edas 7, 8 y 9 de septiembre se pueda realizar en el \u00abCochocho\u00bb un Nacional de gimnasia r\u00edtmica en el que van a participar 400 atletas de todo el pa\u00eds\u201d.<br><\/p>\n\n\n\n<p>\u201cTambi\u00e9n apuntamos al Patag\u00f3nico de futsal AFA que se disputar\u00e1 en octubre y a todas las disciplinas deportivas que se pueden desarrollar en este espacio, incluidas las escuelas deportivas\u201d.<\/p>\n\n\n\n<figure class=\"wp-block-image size-full\"><a href=\"https:\/\/labestiadeportiva.com\/lbd\/wp-content\/uploads\/2022\/08\/Screenshot_20220801-0936493.png\"><img loading=\"lazy\" width=\"647\" height=\"426\" src=\"https:\/\/labestiadeportiva.com\/lbd\/wp-content\/uploads\/2022\/08\/Screenshot_20220801-0936493.png\" alt=\"\" class=\"wp-image-42379\" srcset=\"http:\/\/labestiadeportiva.com\/lbd\/wp-content\/uploads\/2022\/08\/Screenshot_20220801-0936493.png 647w, http:\/\/labestiadeportiva.com\/lbd\/wp-content\/uploads\/2022\/08\/Screenshot_20220801-0936493-300x198.png 300w, http:\/\/labestiadeportiva.com\/lbd\/wp-content\/uploads\/2022\/08\/Screenshot_20220801-0936493-640x421.png 640w\" sizes=\"(max-width: 647px) 100vw, 647px\" \/><\/a><\/figure>\n\n\n<div class=\"taxonomy-category wp-block-post-terms\"><a href=\"http:\/\/labestiadeportiva.com\/lbd\/category\/noticias\/deporte-fueguino\/\" rel=\"tag\">Deporte Fueguino<\/a><span class=\"wp-block-post-terms__separator\">, <\/span><a href=\"http:\/\/labestiadeportiva.com\/lbd\/category\/instituto-municipal-de-deportes\/\" rel=\"tag\">Instituto Municipal de Deportes<\/a><span class=\"wp-block-post-terms__separator\">, <\/span><a href=\"http:\/\/labestiadeportiva.com\/lbd\/category\/noticias\/\" rel=\"tag\">NOTICIAS<\/a><\/div><div class='epvc-post-count'><span class='epvc-eye'><\/span>  <span class=\"epvc-count\"> 1.172<\/span><span class='epvc-label'> veces le\u00edda<\/span><\/div>\n<div class=\"jwsharethis\">\nShare this: \n<br \/>\n<a href=\"mailto:?subject=Comenz%C3%B3%20la%20reparaci%C3%B3n%20del%20piso%20en%20el%20Microestadio&amp;body=http%3A%2F%2Flabestiadeportiva.com%2Flbd%2Fcomenzo-la-reparacion-del-piso-en-el-microestadio%2F\">\n<img src=\"http:\/\/labestiadeportiva.com\/lbd\/wp-content\/plugins\/jw-share-this\/email.png\" alt=\"Share this page via Email\" \/>\n<\/a>\n<a target=\"_blank\" href=\"http:\/\/www.stumbleupon.com\/submit?url=http%3A%2F%2Flabestiadeportiva.com%2Flbd%2Fcomenzo-la-reparacion-del-piso-en-el-microestadio%2F&amp;title=Comenz%C3%B3+la+reparaci%C3%B3n+del+piso+en+el+Microestadio\">\n<img src=\"http:\/\/labestiadeportiva.com\/lbd\/wp-content\/plugins\/jw-share-this\/su.png\" alt=\"Share this page via Stumble Upon\" \/>\n<\/a>\n<a target=\"_blank\" href=\"http:\/\/digg.com\/submit?url=http%3A%2F%2Flabestiadeportiva.com%2Flbd%2Fcomenzo-la-reparacion-del-piso-en-el-microestadio%2F&amp;title=Comenz%C3%B3+la+reparaci%C3%B3n+del+piso+en+el+Microestadio\">\n<img src=\"http:\/\/labestiadeportiva.com\/lbd\/wp-content\/plugins\/jw-share-this\/digg.png\" alt=\"Share this page via Digg this\" \/>\n<\/a>\n<a target=\"_blank\" href=\"http:\/\/www.facebook.com\/sharer.php?u=http%3A%2F%2Flabestiadeportiva.com%2Flbd%2Fcomenzo-la-reparacion-del-piso-en-el-microestadio%2F&amp;t=Comenz%C3%B3+la+reparaci%C3%B3n+del+piso+en+el+Microestadio\">\n<img src=\"http:\/\/labestiadeportiva.com\/lbd\/wp-content\/plugins\/jw-share-this\/fb.png\" alt=\"Share this page via Facebook\" \/>\n<\/a>\n<a target=\"_blank\" href=\"http:\/\/twitter.com\/intent\/tweet?text=I+like+http%3A%2F%2Flabestiadeportiva.com%2Flbd%2Fcomenzo-la-reparacion-del-piso-en-el-microestadio%2F&amp;title=Comenz%C3%B3+la+reparaci%C3%B3n+del+piso+en+el+Microestadio\">\n<img src=\"http:\/\/labestiadeportiva.com\/lbd\/wp-content\/plugins\/jw-share-this\/twitter.png\" alt=\"Share this page via Twitter\" \/>\n<\/a>\n<\/div>\n","protected":false},"excerpt":{"rendered":"<p>D\u00edas atr\u00e1s la Municipalidad de Ushuaia dio inicio a la obra de reparaci\u00f3n del piso en el Microestadio Jos\u00e9 \u00abCochocho\u00bb. Vargas. La primera etapa de los trabajos est\u00e1 a cargo de personal del \u00e1rea de Servicios P\u00fablicos del Municipio y se ejecuta por Administraci\u00f3n. Fuente y fotos Prensa IMD. 1.172 veces le\u00edda Share this:<\/p>\n","protected":false},"author":1,"featured_media":0,"comment_status":"open","ping_status":"open","sticky":false,"template":"","format":"standard","meta":[],"categories":[5,2651,1],"tags":[3834,83],"_links":{"self":[{"href":"http:\/\/labestiadeportiva.com\/lbd\/wp-json\/wp\/v2\/posts\/42377"}],"collection":[{"href":"http:\/\/labestiadeportiva.com\/lbd\/wp-json\/wp\/v2\/posts"}],"about":[{"href":"http:\/\/labestiadeportiva.com\/lbd\/wp-json\/wp\/v2\/types\/post"}],"author":[{"embeddable":true,"href":"http:\/\/labestiadeportiva.com\/lbd\/wp-json\/wp\/v2\/users\/1"}],"replies":[{"embeddable":true,"href":"http:\/\/labestiadeportiva.com\/lbd\/wp-json\/wp\/v2\/comments?post=42377"}],"version-history":[{"count":10,"href":"http:\/\/labestiadeportiva.com\/lbd\/wp-json\/wp\/v2\/posts\/42377\/revisions"}],"predecessor-version":[{"id":42396,"href":"http:\/\/labestiadeportiva.com\/lbd\/wp-json\/wp\/v2\/posts\/42377\/revisions\/42396"}],"wp:attachment":[{"href":"http:\/\/labestiadeportiva.com\/lbd\/wp-json\/wp\/v2\/media?parent=42377"}],"wp:term":[{"taxonomy":"category","embeddable":true,"href":"http:\/\/labestiadeportiva.com\/lbd\/wp-json\/wp\/v2\/categories?post=42377"},{"taxonomy":"post_tag","embeddable":true,"href":"http:\/\/labestiadeportiva.com\/lbd\/wp-json\/wp\/v2\/tags?post=42377"}],"curies":[{"name":"wp","href":"https:\/\/api.w.org\/{rel}","templated":true}]}}