{"id":42397,"date":"2022-08-01T14:27:47","date_gmt":"2022-08-01T17:27:47","guid":{"rendered":"http:\/\/labestiadeportiva.com\/lbd\/?p=42397"},"modified":"2022-08-01T15:11:50","modified_gmt":"2022-08-01T18:11:50","slug":"verstappen-quiere-repetir-titulo","status":"publish","type":"post","link":"http:\/\/labestiadeportiva.com\/lbd\/verstappen-quiere-repetir-titulo\/","title":{"rendered":"Verstappen quiere repetir t\u00edtulo"},"content":{"rendered":"\n<figure class=\"wp-block-image size-full\"><a href=\"http:\/\/labestiadeportiva.com\/lbd\/wp-content\/uploads\/2022\/08\/3425829-69901748-2560-1440.jpg\"><img loading=\"lazy\" width=\"800\" height=\"450\" src=\"http:\/\/labestiadeportiva.com\/lbd\/wp-content\/uploads\/2022\/08\/3425829-69901748-2560-1440.jpg\" alt=\"\" class=\"wp-image-42398\" srcset=\"http:\/\/labestiadeportiva.com\/lbd\/wp-content\/uploads\/2022\/08\/3425829-69901748-2560-1440.jpg 800w, http:\/\/labestiadeportiva.com\/lbd\/wp-content\/uploads\/2022\/08\/3425829-69901748-2560-1440-300x169.jpg 300w, http:\/\/labestiadeportiva.com\/lbd\/wp-content\/uploads\/2022\/08\/3425829-69901748-2560-1440-768x432.jpg 768w, http:\/\/labestiadeportiva.com\/lbd\/wp-content\/uploads\/2022\/08\/3425829-69901748-2560-1440-640x360.jpg 640w\" sizes=\"(max-width: 800px) 100vw, 800px\" \/><\/a><\/figure>\n\n\n\n<p>Por Daniel Campos (Corresponsal LBD en Palma de Mallorca, Espa\u00f1a)<\/p>\n\n\n\n<p>El holand\u00e9s Max Verstappen sum\u00f3 una nueva victoria, esta vez, en Hungr\u00eda, y va por el bicampeonato. El piloto de Red Bull, saliendo desde la d\u00e9cima posici\u00f3n y con trompo incluido, sali\u00f3 vencedor del GP de Hungr\u00eda, disputado este fin de semana en el circuito de Hungaroring. <\/p>\n\n\n\n<!--more-->\n\n\n\n<p>Gran trabajo de su equipo en la estrategia de cambios de neum\u00e1ticos, y aprovechando la debacle de la escuder\u00eda Ferrari, que hizo todo lo que no deb\u00eda hacer en una carrera de F1, fallando a la hora de la elecci\u00f3n de gomas, con dos monoplazas que sufrieron por falta de ritmo en el trazado magyar. <\/p>\n\n\n\n<p>En tanto, Mercedes Benz logr\u00f3 desbancar de la zona de podio a Leclerc y Sainz, para que Hamilton y Russell, segundo y tercero a la postre, acompa\u00f1aran a Verstappen en el podio. <\/p>\n\n\n\n<p>El campe\u00f3n ampl\u00eda su ventaja en 80 puntos sobre el hombre de Ferrari, el \u00fanico capaz de disputarle el cetro, pero ayer, &nbsp; muchos tras finalizar la carrera, ve\u00edan c\u00f3mo Verstappen podr\u00eda haber sentenciado el Mundial. <\/p>\n\n\n\n<p>Faltan a\u00fan nueve grandes premios por disputar y en la m\u00e1xima categor\u00eda todo puede suceder. Ahora llegan las vacaciones de verano en Europa, y la F\u00f3rmula 1 se pondr\u00e1 en marcha el pr\u00f3ximo 28 de agosto para el GP de B\u00e9lgica en el circuito de Spa-Francorchamps.&nbsp;&nbsp;&nbsp;&nbsp;&nbsp;&nbsp;&nbsp;&nbsp;<\/p>\n\n\n\n<p>As\u00ed llegaron:<\/p>\n\n\n\n<p>1\u00ba M. Verstappen-Red Bull en 1:39:35,9<\/p>\n\n\n\n<p>2\u00ba L. Hamilton-Mercedes Benz a 7,834<\/p>\n\n\n\n<p>3\u00ba G. Russell-Mercedes Benz a 12,337<\/p>\n\n\n\n<p>El Mundial de pilotos<\/p>\n\n\n\n<p>1\u00ba M. Verstappen (HOL) 258 pts.<\/p>\n\n\n\n<p>2\u00ba C. Leclerc (MON) 178 pts.<\/p>\n\n\n\n<p>3\u00ba S. P\u00e9rez (MEX) 173 pts.<\/p>\n\n\n\n<p>El Mundial de constructores<\/p>\n\n\n\n<p>1\u00ba Red Bull 431 pts.<\/p>\n\n\n\n<p>2\u00ba Ferrari 334 pts.<\/p>\n\n\n\n<p>3\u00ba Mercedes Benz 304 pts.<\/p>\n\n\n\n<p>Pr\u00f3xima competencia: 28 de agosto , GP de B\u00e9lgica, en Spa Francorchamps.&nbsp;<\/p>\n\n\n\n<figure class=\"wp-block-image size-full\"><a href=\"http:\/\/labestiadeportiva.com\/lbd\/wp-content\/uploads\/2022\/08\/62e697472fc02.r_d.2557-1351-1183.jpeg\"><img loading=\"lazy\" width=\"449\" height=\"220\" src=\"http:\/\/labestiadeportiva.com\/lbd\/wp-content\/uploads\/2022\/08\/62e697472fc02.r_d.2557-1351-1183.jpeg\" alt=\"\" class=\"wp-image-42399\" srcset=\"http:\/\/labestiadeportiva.com\/lbd\/wp-content\/uploads\/2022\/08\/62e697472fc02.r_d.2557-1351-1183.jpeg 449w, http:\/\/labestiadeportiva.com\/lbd\/wp-content\/uploads\/2022\/08\/62e697472fc02.r_d.2557-1351-1183-300x147.jpeg 300w\" sizes=\"(max-width: 449px) 100vw, 449px\" \/><\/a><\/figure>\n<div class='epvc-post-count'><span class='epvc-eye'><\/span>  <span class=\"epvc-count\"> 1.141<\/span><span class='epvc-label'> veces le\u00edda<\/span><\/div>\n<div class=\"jwsharethis\">\nShare this: \n<br \/>\n<a href=\"mailto:?subject=Verstappen%20quiere%20repetir%20t%C3%ADtulo&amp;body=http%3A%2F%2Flabestiadeportiva.com%2Flbd%2Fverstappen-quiere-repetir-titulo%2F\">\n<img src=\"http:\/\/labestiadeportiva.com\/lbd\/wp-content\/plugins\/jw-share-this\/email.png\" alt=\"Share this page via Email\" \/>\n<\/a>\n<a target=\"_blank\" href=\"http:\/\/www.stumbleupon.com\/submit?url=http%3A%2F%2Flabestiadeportiva.com%2Flbd%2Fverstappen-quiere-repetir-titulo%2F&amp;title=Verstappen+quiere+repetir+t%C3%ADtulo\">\n<img src=\"http:\/\/labestiadeportiva.com\/lbd\/wp-content\/plugins\/jw-share-this\/su.png\" alt=\"Share this page via Stumble Upon\" \/>\n<\/a>\n<a target=\"_blank\" href=\"http:\/\/digg.com\/submit?url=http%3A%2F%2Flabestiadeportiva.com%2Flbd%2Fverstappen-quiere-repetir-titulo%2F&amp;title=Verstappen+quiere+repetir+t%C3%ADtulo\">\n<img src=\"http:\/\/labestiadeportiva.com\/lbd\/wp-content\/plugins\/jw-share-this\/digg.png\" alt=\"Share this page via Digg this\" \/>\n<\/a>\n<a target=\"_blank\" href=\"http:\/\/www.facebook.com\/sharer.php?u=http%3A%2F%2Flabestiadeportiva.com%2Flbd%2Fverstappen-quiere-repetir-titulo%2F&amp;t=Verstappen+quiere+repetir+t%C3%ADtulo\">\n<img src=\"http:\/\/labestiadeportiva.com\/lbd\/wp-content\/plugins\/jw-share-this\/fb.png\" alt=\"Share this page via Facebook\" \/>\n<\/a>\n<a target=\"_blank\" href=\"http:\/\/twitter.com\/intent\/tweet?text=I+like+http%3A%2F%2Flabestiadeportiva.com%2Flbd%2Fverstappen-quiere-repetir-titulo%2F&amp;title=Verstappen+quiere+repetir+t%C3%ADtulo\">\n<img src=\"http:\/\/labestiadeportiva.com\/lbd\/wp-content\/plugins\/jw-share-this\/twitter.png\" alt=\"Share this page via Twitter\" \/>\n<\/a>\n<\/div>\n","protected":false},"excerpt":{"rendered":"<p>Por Daniel Campos (Corresponsal LBD en Palma de Mallorca, Espa\u00f1a) El holand\u00e9s Max Verstappen sum\u00f3 una nueva victoria, esta vez, en Hungr\u00eda, y va por el bicampeonato. El piloto de Red Bull, saliendo desde la d\u00e9cima posici\u00f3n y con trompo incluido, sali\u00f3 vencedor del GP de Hungr\u00eda, disputado este fin de semana en el circuito &hellip; <a href=\"http:\/\/labestiadeportiva.com\/lbd\/verstappen-quiere-repetir-titulo\/\" class=\"more-link\">Seguir leyendo <span class=\"screen-reader-text\">Verstappen quiere repetir t\u00edtulo<\/span> <span class=\"meta-nav\">&rarr;<\/span><\/a><\/p>\n","protected":false},"author":1,"featured_media":0,"comment_status":"open","ping_status":"open","sticky":false,"template":"","format":"standard","meta":[],"categories":[2176,3534,1],"tags":[86,148,794],"_links":{"self":[{"href":"http:\/\/labestiadeportiva.com\/lbd\/wp-json\/wp\/v2\/posts\/42397"}],"collection":[{"href":"http:\/\/labestiadeportiva.com\/lbd\/wp-json\/wp\/v2\/posts"}],"about":[{"href":"http:\/\/labestiadeportiva.com\/lbd\/wp-json\/wp\/v2\/types\/post"}],"author":[{"embeddable":true,"href":"http:\/\/labestiadeportiva.com\/lbd\/wp-json\/wp\/v2\/users\/1"}],"replies":[{"embeddable":true,"href":"http:\/\/labestiadeportiva.com\/lbd\/wp-json\/wp\/v2\/comments?post=42397"}],"version-history":[{"count":2,"href":"http:\/\/labestiadeportiva.com\/lbd\/wp-json\/wp\/v2\/posts\/42397\/revisions"}],"predecessor-version":[{"id":42401,"href":"http:\/\/labestiadeportiva.com\/lbd\/wp-json\/wp\/v2\/posts\/42397\/revisions\/42401"}],"wp:attachment":[{"href":"http:\/\/labestiadeportiva.com\/lbd\/wp-json\/wp\/v2\/media?parent=42397"}],"wp:term":[{"taxonomy":"category","embeddable":true,"href":"http:\/\/labestiadeportiva.com\/lbd\/wp-json\/wp\/v2\/categories?post=42397"},{"taxonomy":"post_tag","embeddable":true,"href":"http:\/\/labestiadeportiva.com\/lbd\/wp-json\/wp\/v2\/tags?post=42397"}],"curies":[{"name":"wp","href":"https:\/\/api.w.org\/{rel}","templated":true}]}}