{"id":42440,"date":"2022-08-03T16:11:38","date_gmt":"2022-08-03T19:11:38","guid":{"rendered":"http:\/\/labestiadeportiva.com\/lbd\/?p=42440"},"modified":"2022-08-04T08:35:33","modified_gmt":"2022-08-04T11:35:33","slug":"la-47-edicion-del-gph-por-fm-fuego-audio","status":"publish","type":"post","link":"http:\/\/labestiadeportiva.com\/lbd\/la-47-edicion-del-gph-por-fm-fuego-audio\/","title":{"rendered":"La 47\u00b0 edici\u00f3n del GPH por FM Fuego (Audio)"},"content":{"rendered":"\n<figure class=\"wp-container-2 wp-block-gallery-1 wp-block-gallery has-nested-images columns-default is-cropped\">\n<figure class=\"wp-block-image size-large\"><a href=\"http:\/\/labestiadeportiva.com\/lbd\/wp-content\/uploads\/2022\/08\/Screenshot_20220803-1630102.png\"><img loading=\"lazy\" width=\"720\" height=\"594\" data-id=\"42444\"  src=\"http:\/\/labestiadeportiva.com\/lbd\/wp-content\/uploads\/2022\/08\/Screenshot_20220803-1630102.png\" alt=\"\" class=\"wp-image-42444\" srcset=\"http:\/\/labestiadeportiva.com\/lbd\/wp-content\/uploads\/2022\/08\/Screenshot_20220803-1630102.png 720w, http:\/\/labestiadeportiva.com\/lbd\/wp-content\/uploads\/2022\/08\/Screenshot_20220803-1630102-300x248.png 300w, http:\/\/labestiadeportiva.com\/lbd\/wp-content\/uploads\/2022\/08\/Screenshot_20220803-1630102-640x528.png 640w\" sizes=\"(max-width: 720px) 100vw, 720px\" \/><\/a><\/figure>\n<\/figure>\n\n\n\n<p>Contacto telef\u00f3nico con Eduardo \u00abTano\u00bb Filosa, m\u00e1ximo responsable de la riograndense 90.1 FM Fuego. A poco m\u00e1s de una semana del comienzo del Gran Premio nos dio detalles de la transmisi\u00f3n, que en Ushuaia podr\u00e1 ser seguida a trav\u00e9s de la 94.1 FM del Sur. <\/p>\n\n\n\n<p>Compartimos la entrevista lograda este mi\u00e9rcoles en la 99.9 Radio Provincia.<\/p>\n\n\n\n<p>     <\/p>\n\n\n\n<!--more-->\n\n\n\n<figure class=\"wp-block-embed is-type-video is-provider-youtube wp-block-embed-youtube wp-embed-aspect-4-3 wp-has-aspect-ratio\"><div class=\"wp-block-embed__wrapper\">\n<iframe loading=\"lazy\" title=\"Audio Eduardo &quot;Tano&quot; Filosa\" width=\"474\" height=\"356\" src=\"https:\/\/www.youtube.com\/embed\/tE-LjKHy370?feature=oembed\" frameborder=\"0\" allow=\"accelerometer; autoplay; clipboard-write; encrypted-media; gyroscope; picture-in-picture\" allowfullscreen title=\"Audio Eduardo \"Tano\" Filosa\"><\/iframe>\n<\/div><\/figure>\n<div class='epvc-post-count'><span class='epvc-eye'><\/span>  <span class=\"epvc-count\"> 1.241<\/span><span class='epvc-label'> veces le\u00edda<\/span><\/div>\n<div class=\"jwsharethis\">\nShare this: \n<br \/>\n<a href=\"mailto:?subject=La%2047%C2%B0%20edici%C3%B3n%20del%20GPH%20por%20FM%20Fuego%20%28Audio%29&amp;body=http%3A%2F%2Flabestiadeportiva.com%2Flbd%2Fla-47-edicion-del-gph-por-fm-fuego-audio%2F\">\n<img src=\"http:\/\/labestiadeportiva.com\/lbd\/wp-content\/plugins\/jw-share-this\/email.png\" alt=\"Share this page via Email\" \/>\n<\/a>\n<a target=\"_blank\" href=\"http:\/\/www.stumbleupon.com\/submit?url=http%3A%2F%2Flabestiadeportiva.com%2Flbd%2Fla-47-edicion-del-gph-por-fm-fuego-audio%2F&amp;title=La+47%C2%B0+edici%C3%B3n+del+GPH+por+FM+Fuego+%28Audio%29\">\n<img src=\"http:\/\/labestiadeportiva.com\/lbd\/wp-content\/plugins\/jw-share-this\/su.png\" alt=\"Share this page via Stumble Upon\" \/>\n<\/a>\n<a target=\"_blank\" href=\"http:\/\/digg.com\/submit?url=http%3A%2F%2Flabestiadeportiva.com%2Flbd%2Fla-47-edicion-del-gph-por-fm-fuego-audio%2F&amp;title=La+47%C2%B0+edici%C3%B3n+del+GPH+por+FM+Fuego+%28Audio%29\">\n<img src=\"http:\/\/labestiadeportiva.com\/lbd\/wp-content\/plugins\/jw-share-this\/digg.png\" alt=\"Share this page via Digg this\" \/>\n<\/a>\n<a target=\"_blank\" href=\"http:\/\/www.facebook.com\/sharer.php?u=http%3A%2F%2Flabestiadeportiva.com%2Flbd%2Fla-47-edicion-del-gph-por-fm-fuego-audio%2F&amp;t=La+47%C2%B0+edici%C3%B3n+del+GPH+por+FM+Fuego+%28Audio%29\">\n<img src=\"http:\/\/labestiadeportiva.com\/lbd\/wp-content\/plugins\/jw-share-this\/fb.png\" alt=\"Share this page via Facebook\" \/>\n<\/a>\n<a target=\"_blank\" href=\"http:\/\/twitter.com\/intent\/tweet?text=I+like+http%3A%2F%2Flabestiadeportiva.com%2Flbd%2Fla-47-edicion-del-gph-por-fm-fuego-audio%2F&amp;title=La+47%C2%B0+edici%C3%B3n+del+GPH+por+FM+Fuego+%28Audio%29\">\n<img src=\"http:\/\/labestiadeportiva.com\/lbd\/wp-content\/plugins\/jw-share-this\/twitter.png\" alt=\"Share this page via Twitter\" \/>\n<\/a>\n<\/div>\n","protected":false},"excerpt":{"rendered":"<p>Contacto telef\u00f3nico con Eduardo \u00abTano\u00bb Filosa, m\u00e1ximo responsable de la riograndense 90.1 FM Fuego. A poco m\u00e1s de una semana del comienzo del Gran Premio nos dio detalles de la transmisi\u00f3n, que en Ushuaia podr\u00e1 ser seguida a trav\u00e9s de la 94.1 FM del Sur. Compartimos la entrevista lograda este mi\u00e9rcoles en la 99.9 Radio &hellip; <a href=\"http:\/\/labestiadeportiva.com\/lbd\/la-47-edicion-del-gph-por-fm-fuego-audio\/\" class=\"more-link\">Seguir leyendo <span class=\"screen-reader-text\">La 47\u00b0 edici\u00f3n del GPH por FM Fuego (Audio)<\/span> <span class=\"meta-nav\">&rarr;<\/span><\/a><\/p>\n","protected":false},"author":1,"featured_media":0,"comment_status":"open","ping_status":"open","sticky":false,"template":"","format":"standard","meta":[],"categories":[4544,5,4,6,4262,1],"tags":[4838,4846,3549,4816,2512],"_links":{"self":[{"href":"http:\/\/labestiadeportiva.com\/lbd\/wp-json\/wp\/v2\/posts\/42440"}],"collection":[{"href":"http:\/\/labestiadeportiva.com\/lbd\/wp-json\/wp\/v2\/posts"}],"about":[{"href":"http:\/\/labestiadeportiva.com\/lbd\/wp-json\/wp\/v2\/types\/post"}],"author":[{"embeddable":true,"href":"http:\/\/labestiadeportiva.com\/lbd\/wp-json\/wp\/v2\/users\/1"}],"replies":[{"embeddable":true,"href":"http:\/\/labestiadeportiva.com\/lbd\/wp-json\/wp\/v2\/comments?post=42440"}],"version-history":[{"count":4,"href":"http:\/\/labestiadeportiva.com\/lbd\/wp-json\/wp\/v2\/posts\/42440\/revisions"}],"predecessor-version":[{"id":42446,"href":"http:\/\/labestiadeportiva.com\/lbd\/wp-json\/wp\/v2\/posts\/42440\/revisions\/42446"}],"wp:attachment":[{"href":"http:\/\/labestiadeportiva.com\/lbd\/wp-json\/wp\/v2\/media?parent=42440"}],"wp:term":[{"taxonomy":"category","embeddable":true,"href":"http:\/\/labestiadeportiva.com\/lbd\/wp-json\/wp\/v2\/categories?post=42440"},{"taxonomy":"post_tag","embeddable":true,"href":"http:\/\/labestiadeportiva.com\/lbd\/wp-json\/wp\/v2\/tags?post=42440"}],"curies":[{"name":"wp","href":"https:\/\/api.w.org\/{rel}","templated":true}]}}