{"id":42454,"date":"2022-08-04T17:00:03","date_gmt":"2022-08-04T20:00:03","guid":{"rendered":"https:\/\/labestiadeportiva.com\/lbd\/?p=42454"},"modified":"2022-08-05T17:37:40","modified_gmt":"2022-08-05T20:37:40","slug":"el-campeon-listo-para-la-super-liga-patagonica-audio","status":"publish","type":"post","link":"http:\/\/labestiadeportiva.com\/lbd\/el-campeon-listo-para-la-super-liga-patagonica-audio\/","title":{"rendered":"El campe\u00f3n listo para la S\u00faper Liga Patag\u00f3nica (Audio)"},"content":{"rendered":"\n<figure class=\"wp-block-image size-full\"><a href=\"https:\/\/labestiadeportiva.com\/lbd\/wp-content\/uploads\/2022\/08\/Screenshot_20220804-1705433.png\"><img loading=\"lazy\" width=\"720\" height=\"387\" src=\"https:\/\/labestiadeportiva.com\/lbd\/wp-content\/uploads\/2022\/08\/Screenshot_20220804-1705433.png\" alt=\"\" class=\"wp-image-42456\" srcset=\"http:\/\/labestiadeportiva.com\/lbd\/wp-content\/uploads\/2022\/08\/Screenshot_20220804-1705433.png 720w, http:\/\/labestiadeportiva.com\/lbd\/wp-content\/uploads\/2022\/08\/Screenshot_20220804-1705433-300x161.png 300w, http:\/\/labestiadeportiva.com\/lbd\/wp-content\/uploads\/2022\/08\/Screenshot_20220804-1705433-640x344.png 640w\" sizes=\"(max-width: 720px) 100vw, 720px\" \/><\/a><\/figure>\n\n\n\n<p>Durante el fin de semana se iniciar\u00e1 la primera fase de la novedosa competencia salonera de la regi\u00f3n. El \u00faltimo campe\u00f3n de la Liga Ushuaiense, HAF, competir\u00e1 en la ciudad de R\u00edo Grande.<\/p>\n\n\n\n<p>En la previa fuimos en busca de la palabra del entrenador Luciano \u00abLucho\u00bb Montiel. Compartimos la entrevista lograda este jueves en la 94.1 FM del Sur.<\/p>\n\n\n\n<p>    <\/p>\n\n\n\n<!--more-->\n\n\n\n<figure class=\"wp-block-embed is-type-video is-provider-youtube wp-block-embed-youtube wp-embed-aspect-4-3 wp-has-aspect-ratio\"><div class=\"wp-block-embed__wrapper\">\n<iframe loading=\"lazy\" title=\"Audio Luciano &quot;Lucho&quot; Montiel\" width=\"474\" height=\"356\" src=\"https:\/\/www.youtube.com\/embed\/4VmmQfw8rXU?feature=oembed\" frameborder=\"0\" allow=\"accelerometer; autoplay; clipboard-write; encrypted-media; gyroscope; picture-in-picture\" allowfullscreen title=\"Audio Luciano \"Lucho\" Montiel\"><\/iframe>\n<\/div><\/figure>\n\n\n\n<p><\/p>\n\n\n\n<p>S\u00faper Liga Patag\u00f3nica<\/p>\n\n\n\n<p>Zona Sur 1<\/p>\n\n\n\n<p>HAF (Ushuaia)<\/p>\n\n\n\n<p>Estrella Sure\u00f1a (R\u00edo Turbio)<\/p>\n\n\n\n<p>Diablos Rojos (R\u00edo Gallegos)<\/p>\n\n\n\n<p>Camioneros (R\u00edo Grande)<\/p>\n\n\n\n<p>Atl\u00e9tico San Juli\u00e1n (San Juli\u00e1n) <\/p>\n<div class='epvc-post-count'><span class='epvc-eye'><\/span>  <span class=\"epvc-count\"> 1.061<\/span><span class='epvc-label'> veces le\u00edda<\/span><\/div>\n<div class=\"jwsharethis\">\nShare this: \n<br \/>\n<a href=\"mailto:?subject=El%20campe%C3%B3n%20listo%20para%20la%20S%C3%BAper%20Liga%20Patag%C3%B3nica%20%28Audio%29&amp;body=http%3A%2F%2Flabestiadeportiva.com%2Flbd%2Fel-campeon-listo-para-la-super-liga-patagonica-audio%2F\">\n<img src=\"http:\/\/labestiadeportiva.com\/lbd\/wp-content\/plugins\/jw-share-this\/email.png\" alt=\"Share this page via Email\" \/>\n<\/a>\n<a target=\"_blank\" href=\"http:\/\/www.stumbleupon.com\/submit?url=http%3A%2F%2Flabestiadeportiva.com%2Flbd%2Fel-campeon-listo-para-la-super-liga-patagonica-audio%2F&amp;title=El+campe%C3%B3n+listo+para+la+S%C3%BAper+Liga+Patag%C3%B3nica+%28Audio%29\">\n<img src=\"http:\/\/labestiadeportiva.com\/lbd\/wp-content\/plugins\/jw-share-this\/su.png\" alt=\"Share this page via Stumble Upon\" \/>\n<\/a>\n<a target=\"_blank\" href=\"http:\/\/digg.com\/submit?url=http%3A%2F%2Flabestiadeportiva.com%2Flbd%2Fel-campeon-listo-para-la-super-liga-patagonica-audio%2F&amp;title=El+campe%C3%B3n+listo+para+la+S%C3%BAper+Liga+Patag%C3%B3nica+%28Audio%29\">\n<img src=\"http:\/\/labestiadeportiva.com\/lbd\/wp-content\/plugins\/jw-share-this\/digg.png\" alt=\"Share this page via Digg this\" \/>\n<\/a>\n<a target=\"_blank\" href=\"http:\/\/www.facebook.com\/sharer.php?u=http%3A%2F%2Flabestiadeportiva.com%2Flbd%2Fel-campeon-listo-para-la-super-liga-patagonica-audio%2F&amp;t=El+campe%C3%B3n+listo+para+la+S%C3%BAper+Liga+Patag%C3%B3nica+%28Audio%29\">\n<img src=\"http:\/\/labestiadeportiva.com\/lbd\/wp-content\/plugins\/jw-share-this\/fb.png\" alt=\"Share this page via Facebook\" \/>\n<\/a>\n<a target=\"_blank\" href=\"http:\/\/twitter.com\/intent\/tweet?text=I+like+http%3A%2F%2Flabestiadeportiva.com%2Flbd%2Fel-campeon-listo-para-la-super-liga-patagonica-audio%2F&amp;title=El+campe%C3%B3n+listo+para+la+S%C3%BAper+Liga+Patag%C3%B3nica+%28Audio%29\">\n<img src=\"http:\/\/labestiadeportiva.com\/lbd\/wp-content\/plugins\/jw-share-this\/twitter.png\" alt=\"Share this page via Twitter\" \/>\n<\/a>\n<\/div>\n","protected":false},"excerpt":{"rendered":"<p>Durante el fin de semana se iniciar\u00e1 la primera fase de la novedosa competencia salonera de la regi\u00f3n. El \u00faltimo campe\u00f3n de la Liga Ushuaiense, HAF, competir\u00e1 en la ciudad de R\u00edo Grande. En la previa fuimos en busca de la palabra del entrenador Luciano \u00abLucho\u00bb Montiel. Compartimos la entrevista lograda este jueves en la &hellip; <a href=\"http:\/\/labestiadeportiva.com\/lbd\/el-campeon-listo-para-la-super-liga-patagonica-audio\/\" class=\"more-link\">Seguir leyendo <span class=\"screen-reader-text\">El campe\u00f3n listo para la S\u00faper Liga Patag\u00f3nica (Audio)<\/span> <span class=\"meta-nav\">&rarr;<\/span><\/a><\/p>\n","protected":false},"author":1,"featured_media":0,"comment_status":"open","ping_status":"open","sticky":false,"template":"","format":"standard","meta":[],"categories":[5,6,2343,1],"tags":[4838,30,4723,3938],"_links":{"self":[{"href":"http:\/\/labestiadeportiva.com\/lbd\/wp-json\/wp\/v2\/posts\/42454"}],"collection":[{"href":"http:\/\/labestiadeportiva.com\/lbd\/wp-json\/wp\/v2\/posts"}],"about":[{"href":"http:\/\/labestiadeportiva.com\/lbd\/wp-json\/wp\/v2\/types\/post"}],"author":[{"embeddable":true,"href":"http:\/\/labestiadeportiva.com\/lbd\/wp-json\/wp\/v2\/users\/1"}],"replies":[{"embeddable":true,"href":"http:\/\/labestiadeportiva.com\/lbd\/wp-json\/wp\/v2\/comments?post=42454"}],"version-history":[{"count":3,"href":"http:\/\/labestiadeportiva.com\/lbd\/wp-json\/wp\/v2\/posts\/42454\/revisions"}],"predecessor-version":[{"id":42459,"href":"http:\/\/labestiadeportiva.com\/lbd\/wp-json\/wp\/v2\/posts\/42454\/revisions\/42459"}],"wp:attachment":[{"href":"http:\/\/labestiadeportiva.com\/lbd\/wp-json\/wp\/v2\/media?parent=42454"}],"wp:term":[{"taxonomy":"category","embeddable":true,"href":"http:\/\/labestiadeportiva.com\/lbd\/wp-json\/wp\/v2\/categories?post=42454"},{"taxonomy":"post_tag","embeddable":true,"href":"http:\/\/labestiadeportiva.com\/lbd\/wp-json\/wp\/v2\/tags?post=42454"}],"curies":[{"name":"wp","href":"https:\/\/api.w.org\/{rel}","templated":true}]}}