{"id":42486,"date":"2022-08-09T17:12:25","date_gmt":"2022-08-09T20:12:25","guid":{"rendered":"https:\/\/labestiadeportiva.com\/lbd\/?p=42486"},"modified":"2022-08-10T12:07:23","modified_gmt":"2022-08-10T15:07:23","slug":"sedes-confirmadas","status":"publish","type":"post","link":"http:\/\/labestiadeportiva.com\/lbd\/sedes-confirmadas\/","title":{"rendered":"Sedes confirmadas"},"content":{"rendered":"\n<p>Por Mar\u00eda Pellegrinelli (Colaboraci\u00f3n Especial para LBD)<\/p>\n\n\n\n<figure class=\"wp-block-image size-full\"><a href=\"http:\/\/labestiadeportiva.com\/lbd\/wp-content\/uploads\/2022\/08\/IMG-20220809-WA0130.jpg\"><img loading=\"lazy\" width=\"631\" height=\"687\" src=\"http:\/\/labestiadeportiva.com\/lbd\/wp-content\/uploads\/2022\/08\/IMG-20220809-WA0130.jpg\" alt=\"\" class=\"wp-image-42487\" srcset=\"http:\/\/labestiadeportiva.com\/lbd\/wp-content\/uploads\/2022\/08\/IMG-20220809-WA0130.jpg 631w, http:\/\/labestiadeportiva.com\/lbd\/wp-content\/uploads\/2022\/08\/IMG-20220809-WA0130-276x300.jpg 276w\" sizes=\"(max-width: 631px) 100vw, 631px\" \/><\/a><\/figure>\n\n\n\n<p>En el marco del calendario anual de la Confederaci\u00f3n Argentina de Hockey finalmente se dieron a conocer las fechas y sedes para el cierre de campeonatos argentinos en la especialidad Pista.<\/p>\n\n\n\n<!--more-->\n\n\n\n<p>Para la categor\u00eda de selecciones mayores y sub 19 la sede asignada es la ciudad de Comodoro Rivadavia que le ganar\u00e1 finalmente la pulseada a Buenos Aires y Puerto Madryn. <\/p>\n\n\n\n<p>Las fechas prevista para este campeonato es  del 22 al 25 de septiembre para lo cual los combinados fueguinos ya est\u00e1n entrenando a cargo de Sergio Mena con damas mayores,  Ramiro Bravo en caballeros y  Alan Rivierie frente al sub 19.<\/p>\n\n\n\n<p>Por otra parte para las categor\u00edas Sub 14 y 16 Damas la sede nuevamente ser\u00e1 la rionegrina  San Carlos de Bariloche , que por cuestiones de superposici\u00f3n con otros torneos finalmente se decidi\u00f3 realizar del 14 al 16 de noviembre .<\/p>\n\n\n\n<p>De esta forma estos planteles, que tambien se encuentran entrenando, tendr\u00e1n dos  semanas m\u00e1s para la puesta a punto.<\/p>\n<div class='epvc-post-count'><span class='epvc-eye'><\/span>  <span class=\"epvc-count\"> 1.071<\/span><span class='epvc-label'> veces le\u00edda<\/span><\/div>\n<div class=\"jwsharethis\">\nShare this: \n<br \/>\n<a href=\"mailto:?subject=Sedes%20confirmadas&amp;body=http%3A%2F%2Flabestiadeportiva.com%2Flbd%2Fsedes-confirmadas%2F\">\n<img src=\"http:\/\/labestiadeportiva.com\/lbd\/wp-content\/plugins\/jw-share-this\/email.png\" alt=\"Share this page via Email\" \/>\n<\/a>\n<a target=\"_blank\" href=\"http:\/\/www.stumbleupon.com\/submit?url=http%3A%2F%2Flabestiadeportiva.com%2Flbd%2Fsedes-confirmadas%2F&amp;title=Sedes+confirmadas\">\n<img src=\"http:\/\/labestiadeportiva.com\/lbd\/wp-content\/plugins\/jw-share-this\/su.png\" alt=\"Share this page via Stumble Upon\" \/>\n<\/a>\n<a target=\"_blank\" href=\"http:\/\/digg.com\/submit?url=http%3A%2F%2Flabestiadeportiva.com%2Flbd%2Fsedes-confirmadas%2F&amp;title=Sedes+confirmadas\">\n<img src=\"http:\/\/labestiadeportiva.com\/lbd\/wp-content\/plugins\/jw-share-this\/digg.png\" alt=\"Share this page via Digg this\" \/>\n<\/a>\n<a target=\"_blank\" href=\"http:\/\/www.facebook.com\/sharer.php?u=http%3A%2F%2Flabestiadeportiva.com%2Flbd%2Fsedes-confirmadas%2F&amp;t=Sedes+confirmadas\">\n<img src=\"http:\/\/labestiadeportiva.com\/lbd\/wp-content\/plugins\/jw-share-this\/fb.png\" alt=\"Share this page via Facebook\" \/>\n<\/a>\n<a target=\"_blank\" href=\"http:\/\/twitter.com\/intent\/tweet?text=I+like+http%3A%2F%2Flabestiadeportiva.com%2Flbd%2Fsedes-confirmadas%2F&amp;title=Sedes+confirmadas\">\n<img src=\"http:\/\/labestiadeportiva.com\/lbd\/wp-content\/plugins\/jw-share-this\/twitter.png\" alt=\"Share this page via Twitter\" \/>\n<\/a>\n<\/div>\n","protected":false},"excerpt":{"rendered":"<p>Por Mar\u00eda Pellegrinelli (Colaboraci\u00f3n Especial para LBD) En el marco del calendario anual de la Confederaci\u00f3n Argentina de Hockey finalmente se dieron a conocer las fechas y sedes para el cierre de campeonatos argentinos en la especialidad Pista. 1.071 veces le\u00edda Share this:<\/p>\n","protected":false},"author":1,"featured_media":0,"comment_status":"open","ping_status":"open","sticky":false,"template":"","format":"standard","meta":[],"categories":[5,6,2325,1],"tags":[120,32,4851],"_links":{"self":[{"href":"http:\/\/labestiadeportiva.com\/lbd\/wp-json\/wp\/v2\/posts\/42486"}],"collection":[{"href":"http:\/\/labestiadeportiva.com\/lbd\/wp-json\/wp\/v2\/posts"}],"about":[{"href":"http:\/\/labestiadeportiva.com\/lbd\/wp-json\/wp\/v2\/types\/post"}],"author":[{"embeddable":true,"href":"http:\/\/labestiadeportiva.com\/lbd\/wp-json\/wp\/v2\/users\/1"}],"replies":[{"embeddable":true,"href":"http:\/\/labestiadeportiva.com\/lbd\/wp-json\/wp\/v2\/comments?post=42486"}],"version-history":[{"count":2,"href":"http:\/\/labestiadeportiva.com\/lbd\/wp-json\/wp\/v2\/posts\/42486\/revisions"}],"predecessor-version":[{"id":42489,"href":"http:\/\/labestiadeportiva.com\/lbd\/wp-json\/wp\/v2\/posts\/42486\/revisions\/42489"}],"wp:attachment":[{"href":"http:\/\/labestiadeportiva.com\/lbd\/wp-json\/wp\/v2\/media?parent=42486"}],"wp:term":[{"taxonomy":"category","embeddable":true,"href":"http:\/\/labestiadeportiva.com\/lbd\/wp-json\/wp\/v2\/categories?post=42486"},{"taxonomy":"post_tag","embeddable":true,"href":"http:\/\/labestiadeportiva.com\/lbd\/wp-json\/wp\/v2\/tags?post=42486"}],"curies":[{"name":"wp","href":"https:\/\/api.w.org\/{rel}","templated":true}]}}