{"id":42490,"date":"2022-08-09T17:38:37","date_gmt":"2022-08-09T20:38:37","guid":{"rendered":"http:\/\/labestiadeportiva.com\/lbd\/?p=42490"},"modified":"2022-08-10T12:13:30","modified_gmt":"2022-08-10T15:13:30","slug":"estamos-muy-contentos-por-lograr-el-primer-objetivo-audio","status":"publish","type":"post","link":"http:\/\/labestiadeportiva.com\/lbd\/estamos-muy-contentos-por-lograr-el-primer-objetivo-audio\/","title":{"rendered":"\u00abEstamos muy contentos por lograr el primer objetivo\u00bb (Audio)"},"content":{"rendered":"\n<figure class=\"wp-block-image size-large\"><a href=\"http:\/\/labestiadeportiva.com\/lbd\/wp-content\/uploads\/2022\/08\/IMG-20220809-WA0114.jpg\"><img loading=\"lazy\" width=\"1024\" height=\"768\" src=\"http:\/\/labestiadeportiva.com\/lbd\/wp-content\/uploads\/2022\/08\/IMG-20220809-WA0114-1024x768.jpg\" alt=\"\" class=\"wp-image-42491\" srcset=\"http:\/\/labestiadeportiva.com\/lbd\/wp-content\/uploads\/2022\/08\/IMG-20220809-WA0114-1024x768.jpg 1024w, http:\/\/labestiadeportiva.com\/lbd\/wp-content\/uploads\/2022\/08\/IMG-20220809-WA0114-300x225.jpg 300w, http:\/\/labestiadeportiva.com\/lbd\/wp-content\/uploads\/2022\/08\/IMG-20220809-WA0114-768x576.jpg 768w, http:\/\/labestiadeportiva.com\/lbd\/wp-content\/uploads\/2022\/08\/IMG-20220809-WA0114-640x480.jpg 640w, http:\/\/labestiadeportiva.com\/lbd\/wp-content\/uploads\/2022\/08\/IMG-20220809-WA0114.jpg 1080w\" sizes=\"(max-width: 1024px) 100vw, 1024px\" \/><\/a><\/figure>\n\n\n\n<p>Luego de la primera fase de la novedosa competencia regional, la S\u00faper Liga Patag\u00f3nica de Futsal AFA, el actual campe\u00f3n HAF finaliz\u00f3 segundo en su grupo avanzando a la siguiente instancia.<\/p>\n\n\n\n<p>Desde LBD fuimos en busca de uno de sus jugadores,  Agust\u00edn Torres, quien mostr\u00f3 su satisfacci\u00f3n por el primer paso y analiz\u00f3 lo realizado en la ciudad de R\u00edo Grande.<\/p>\n\n\n\n<p>Compartimos la entrevista lograda este martes en la 94.1 FM del Sur.<\/p>\n\n\n\n<!--more-->\n\n\n\n<figure class=\"wp-block-embed is-type-video is-provider-youtube wp-block-embed-youtube wp-embed-aspect-4-3 wp-has-aspect-ratio\"><div class=\"wp-block-embed__wrapper\">\n<iframe loading=\"lazy\" title=\"Audio Agust\u00edn Torres\" width=\"474\" height=\"356\" src=\"https:\/\/www.youtube.com\/embed\/nrzYoTFvPgI?feature=oembed\" frameborder=\"0\" allow=\"accelerometer; autoplay; clipboard-write; encrypted-media; gyroscope; picture-in-picture\" allowfullscreen><\/iframe>\n<\/div><\/figure>\n<div class='epvc-post-count'><span class='epvc-eye'><\/span>  <span class=\"epvc-count\"> 1.182<\/span><span class='epvc-label'> veces le\u00edda<\/span><\/div>\n<div class=\"jwsharethis\">\nShare this: \n<br \/>\n<a href=\"mailto:?subject=%C2%ABEstamos%20muy%20contentos%20por%20lograr%20el%20primer%20objetivo%C2%BB%20%28Audio%29&amp;body=http%3A%2F%2Flabestiadeportiva.com%2Flbd%2Festamos-muy-contentos-por-lograr-el-primer-objetivo-audio%2F\">\n<img src=\"http:\/\/labestiadeportiva.com\/lbd\/wp-content\/plugins\/jw-share-this\/email.png\" alt=\"Share this page via Email\" \/>\n<\/a>\n<a target=\"_blank\" href=\"http:\/\/www.stumbleupon.com\/submit?url=http%3A%2F%2Flabestiadeportiva.com%2Flbd%2Festamos-muy-contentos-por-lograr-el-primer-objetivo-audio%2F&amp;title=%C2%ABEstamos+muy+contentos+por+lograr+el+primer+objetivo%C2%BB+%28Audio%29\">\n<img src=\"http:\/\/labestiadeportiva.com\/lbd\/wp-content\/plugins\/jw-share-this\/su.png\" alt=\"Share this page via Stumble Upon\" \/>\n<\/a>\n<a target=\"_blank\" href=\"http:\/\/digg.com\/submit?url=http%3A%2F%2Flabestiadeportiva.com%2Flbd%2Festamos-muy-contentos-por-lograr-el-primer-objetivo-audio%2F&amp;title=%C2%ABEstamos+muy+contentos+por+lograr+el+primer+objetivo%C2%BB+%28Audio%29\">\n<img src=\"http:\/\/labestiadeportiva.com\/lbd\/wp-content\/plugins\/jw-share-this\/digg.png\" alt=\"Share this page via Digg this\" \/>\n<\/a>\n<a target=\"_blank\" href=\"http:\/\/www.facebook.com\/sharer.php?u=http%3A%2F%2Flabestiadeportiva.com%2Flbd%2Festamos-muy-contentos-por-lograr-el-primer-objetivo-audio%2F&amp;t=%C2%ABEstamos+muy+contentos+por+lograr+el+primer+objetivo%C2%BB+%28Audio%29\">\n<img src=\"http:\/\/labestiadeportiva.com\/lbd\/wp-content\/plugins\/jw-share-this\/fb.png\" alt=\"Share this page via Facebook\" \/>\n<\/a>\n<a target=\"_blank\" href=\"http:\/\/twitter.com\/intent\/tweet?text=I+like+http%3A%2F%2Flabestiadeportiva.com%2Flbd%2Festamos-muy-contentos-por-lograr-el-primer-objetivo-audio%2F&amp;title=%C2%ABEstamos+muy+contentos+por+lograr+el+primer+objetivo%C2%BB+%28Audio%29\">\n<img src=\"http:\/\/labestiadeportiva.com\/lbd\/wp-content\/plugins\/jw-share-this\/twitter.png\" alt=\"Share this page via Twitter\" \/>\n<\/a>\n<\/div>\n","protected":false},"excerpt":{"rendered":"<p>Luego de la primera fase de la novedosa competencia regional, la S\u00faper Liga Patag\u00f3nica de Futsal AFA, el actual campe\u00f3n HAF finaliz\u00f3 segundo en su grupo avanzando a la siguiente instancia. Desde LBD fuimos en busca de uno de sus jugadores, Agust\u00edn Torres, quien mostr\u00f3 su satisfacci\u00f3n por el primer paso y analiz\u00f3 lo realizado &hellip; <a href=\"http:\/\/labestiadeportiva.com\/lbd\/estamos-muy-contentos-por-lograr-el-primer-objetivo-audio\/\" class=\"more-link\">Seguir leyendo <span class=\"screen-reader-text\">\u00abEstamos muy contentos por lograr el primer objetivo\u00bb (Audio)<\/span> <span class=\"meta-nav\">&rarr;<\/span><\/a><\/p>\n","protected":false},"author":1,"featured_media":0,"comment_status":"open","ping_status":"open","sticky":false,"template":"","format":"standard","meta":[],"categories":[5,6,2343,1,4850],"tags":[30,4723,4852],"_links":{"self":[{"href":"http:\/\/labestiadeportiva.com\/lbd\/wp-json\/wp\/v2\/posts\/42490"}],"collection":[{"href":"http:\/\/labestiadeportiva.com\/lbd\/wp-json\/wp\/v2\/posts"}],"about":[{"href":"http:\/\/labestiadeportiva.com\/lbd\/wp-json\/wp\/v2\/types\/post"}],"author":[{"embeddable":true,"href":"http:\/\/labestiadeportiva.com\/lbd\/wp-json\/wp\/v2\/users\/1"}],"replies":[{"embeddable":true,"href":"http:\/\/labestiadeportiva.com\/lbd\/wp-json\/wp\/v2\/comments?post=42490"}],"version-history":[{"count":2,"href":"http:\/\/labestiadeportiva.com\/lbd\/wp-json\/wp\/v2\/posts\/42490\/revisions"}],"predecessor-version":[{"id":42506,"href":"http:\/\/labestiadeportiva.com\/lbd\/wp-json\/wp\/v2\/posts\/42490\/revisions\/42506"}],"wp:attachment":[{"href":"http:\/\/labestiadeportiva.com\/lbd\/wp-json\/wp\/v2\/media?parent=42490"}],"wp:term":[{"taxonomy":"category","embeddable":true,"href":"http:\/\/labestiadeportiva.com\/lbd\/wp-json\/wp\/v2\/categories?post=42490"},{"taxonomy":"post_tag","embeddable":true,"href":"http:\/\/labestiadeportiva.com\/lbd\/wp-json\/wp\/v2\/tags?post=42490"}],"curies":[{"name":"wp","href":"https:\/\/api.w.org\/{rel}","templated":true}]}}