{"id":42507,"date":"2022-08-10T17:25:01","date_gmt":"2022-08-10T20:25:01","guid":{"rendered":"http:\/\/labestiadeportiva.com\/lbd\/?p=42507"},"modified":"2022-08-10T18:13:45","modified_gmt":"2022-08-10T21:13:45","slug":"42507-2","status":"publish","type":"post","link":"http:\/\/labestiadeportiva.com\/lbd\/42507-2\/","title":{"rendered":"El \u00abCami\u00f3n\u00bb protagonista en Gallegos (Audio)"},"content":{"rendered":"\n<figure class=\"wp-block-image size-large\"><a href=\"http:\/\/labestiadeportiva.com\/lbd\/wp-content\/uploads\/2022\/08\/IMG-20220810-WA0117.jpg\"><img loading=\"lazy\" width=\"1024\" height=\"768\" src=\"http:\/\/labestiadeportiva.com\/lbd\/wp-content\/uploads\/2022\/08\/IMG-20220810-WA0117-1024x768.jpg\" alt=\"\" class=\"wp-image-42511\" srcset=\"http:\/\/labestiadeportiva.com\/lbd\/wp-content\/uploads\/2022\/08\/IMG-20220810-WA0117-1024x768.jpg 1024w, http:\/\/labestiadeportiva.com\/lbd\/wp-content\/uploads\/2022\/08\/IMG-20220810-WA0117-300x225.jpg 300w, http:\/\/labestiadeportiva.com\/lbd\/wp-content\/uploads\/2022\/08\/IMG-20220810-WA0117-768x576.jpg 768w, http:\/\/labestiadeportiva.com\/lbd\/wp-content\/uploads\/2022\/08\/IMG-20220810-WA0117-1536x1152.jpg 1536w, http:\/\/labestiadeportiva.com\/lbd\/wp-content\/uploads\/2022\/08\/IMG-20220810-WA0117-640x480.jpg 640w, http:\/\/labestiadeportiva.com\/lbd\/wp-content\/uploads\/2022\/08\/IMG-20220810-WA0117.jpg 1600w\" sizes=\"(max-width: 1024px) 100vw, 1024px\" \/><\/a><\/figure>\n\n\n\n<p>Los conducidos por Facundo Moreno se presentaron en la capital santacruce\u00f1a en el marco de la Zona 2 Sur de la S\u00faper Liga Patag\u00f3nica de futsal AFA . Segundo lugar y clasificaci\u00f3n a la siguiente instancia.<\/p>\n\n\n\n<p>Desde LBD nos contactamos con uno de sus jugadores transportistas, Lucas Nelli, en busca del balance de lo sucedido. Compartimos la entrevista lograda este mi\u00e9rcoles en la 94.1 FM del Sur.<\/p>\n\n\n\n<!--more-->\n\n\n\n<p>  <\/p>\n\n\n\n<figure class=\"wp-block-embed is-type-video is-provider-youtube wp-block-embed-youtube wp-embed-aspect-4-3 wp-has-aspect-ratio\"><div class=\"wp-block-embed__wrapper\">\n<iframe loading=\"lazy\" title=\"Audio Lucas Nelli\" width=\"474\" height=\"356\" src=\"https:\/\/www.youtube.com\/embed\/TtoIAHPzQKg?feature=oembed\" frameborder=\"0\" allow=\"accelerometer; autoplay; clipboard-write; encrypted-media; gyroscope; picture-in-picture\" allowfullscreen><\/iframe>\n<\/div><\/figure>\n<div class='epvc-post-count'><span class='epvc-eye'><\/span>  <span class=\"epvc-count\"> 996<\/span><span class='epvc-label'> veces le\u00edda<\/span><\/div>\n<div class=\"jwsharethis\">\nShare this: \n<br \/>\n<a href=\"mailto:?subject=El%20%C2%ABCami%C3%B3n%C2%BB%20protagonista%20en%20Gallegos%20%28Audio%29&amp;body=http%3A%2F%2Flabestiadeportiva.com%2Flbd%2F42507-2%2F\">\n<img src=\"http:\/\/labestiadeportiva.com\/lbd\/wp-content\/plugins\/jw-share-this\/email.png\" alt=\"Share this page via Email\" \/>\n<\/a>\n<a target=\"_blank\" href=\"http:\/\/www.stumbleupon.com\/submit?url=http%3A%2F%2Flabestiadeportiva.com%2Flbd%2F42507-2%2F&amp;title=El+%C2%ABCami%C3%B3n%C2%BB+protagonista+en+Gallegos+%28Audio%29\">\n<img src=\"http:\/\/labestiadeportiva.com\/lbd\/wp-content\/plugins\/jw-share-this\/su.png\" alt=\"Share this page via Stumble Upon\" \/>\n<\/a>\n<a target=\"_blank\" href=\"http:\/\/digg.com\/submit?url=http%3A%2F%2Flabestiadeportiva.com%2Flbd%2F42507-2%2F&amp;title=El+%C2%ABCami%C3%B3n%C2%BB+protagonista+en+Gallegos+%28Audio%29\">\n<img src=\"http:\/\/labestiadeportiva.com\/lbd\/wp-content\/plugins\/jw-share-this\/digg.png\" alt=\"Share this page via Digg this\" \/>\n<\/a>\n<a target=\"_blank\" href=\"http:\/\/www.facebook.com\/sharer.php?u=http%3A%2F%2Flabestiadeportiva.com%2Flbd%2F42507-2%2F&amp;t=El+%C2%ABCami%C3%B3n%C2%BB+protagonista+en+Gallegos+%28Audio%29\">\n<img src=\"http:\/\/labestiadeportiva.com\/lbd\/wp-content\/plugins\/jw-share-this\/fb.png\" alt=\"Share this page via Facebook\" \/>\n<\/a>\n<a target=\"_blank\" href=\"http:\/\/twitter.com\/intent\/tweet?text=I+like+http%3A%2F%2Flabestiadeportiva.com%2Flbd%2F42507-2%2F&amp;title=El+%C2%ABCami%C3%B3n%C2%BB+protagonista+en+Gallegos+%28Audio%29\">\n<img src=\"http:\/\/labestiadeportiva.com\/lbd\/wp-content\/plugins\/jw-share-this\/twitter.png\" alt=\"Share this page via Twitter\" \/>\n<\/a>\n<\/div>\n","protected":false},"excerpt":{"rendered":"<p>Los conducidos por Facundo Moreno se presentaron en la capital santacruce\u00f1a en el marco de la Zona 2 Sur de la S\u00faper Liga Patag\u00f3nica de futsal AFA . Segundo lugar y clasificaci\u00f3n a la siguiente instancia. Desde LBD nos contactamos con uno de sus jugadores transportistas, Lucas Nelli, en busca del balance de lo sucedido. &hellip; <a href=\"http:\/\/labestiadeportiva.com\/lbd\/42507-2\/\" class=\"more-link\">Seguir leyendo <span class=\"screen-reader-text\">El \u00abCami\u00f3n\u00bb protagonista en Gallegos (Audio)<\/span> <span class=\"meta-nav\">&rarr;<\/span><\/a><\/p>\n","protected":false},"author":1,"featured_media":0,"comment_status":"open","ping_status":"open","sticky":false,"template":"","format":"standard","meta":[],"categories":[5,6,2343,1,4850],"tags":[4001,4838,30,4853,4852],"_links":{"self":[{"href":"http:\/\/labestiadeportiva.com\/lbd\/wp-json\/wp\/v2\/posts\/42507"}],"collection":[{"href":"http:\/\/labestiadeportiva.com\/lbd\/wp-json\/wp\/v2\/posts"}],"about":[{"href":"http:\/\/labestiadeportiva.com\/lbd\/wp-json\/wp\/v2\/types\/post"}],"author":[{"embeddable":true,"href":"http:\/\/labestiadeportiva.com\/lbd\/wp-json\/wp\/v2\/users\/1"}],"replies":[{"embeddable":true,"href":"http:\/\/labestiadeportiva.com\/lbd\/wp-json\/wp\/v2\/comments?post=42507"}],"version-history":[{"count":3,"href":"http:\/\/labestiadeportiva.com\/lbd\/wp-json\/wp\/v2\/posts\/42507\/revisions"}],"predecessor-version":[{"id":42512,"href":"http:\/\/labestiadeportiva.com\/lbd\/wp-json\/wp\/v2\/posts\/42507\/revisions\/42512"}],"wp:attachment":[{"href":"http:\/\/labestiadeportiva.com\/lbd\/wp-json\/wp\/v2\/media?parent=42507"}],"wp:term":[{"taxonomy":"category","embeddable":true,"href":"http:\/\/labestiadeportiva.com\/lbd\/wp-json\/wp\/v2\/categories?post=42507"},{"taxonomy":"post_tag","embeddable":true,"href":"http:\/\/labestiadeportiva.com\/lbd\/wp-json\/wp\/v2\/tags?post=42507"}],"curies":[{"name":"wp","href":"https:\/\/api.w.org\/{rel}","templated":true}]}}