{"id":42577,"date":"2022-08-18T01:49:26","date_gmt":"2022-08-18T04:49:26","guid":{"rendered":"http:\/\/labestiadeportiva.com\/lbd\/?p=42577"},"modified":"2022-08-18T01:49:27","modified_gmt":"2022-08-18T04:49:27","slug":"camioncito-patagonico-audio","status":"publish","type":"post","link":"http:\/\/labestiadeportiva.com\/lbd\/camioncito-patagonico-audio\/","title":{"rendered":"\u00abCamioncito\u00bb patag\u00f3nico (Audio)"},"content":{"rendered":"\n<figure class=\"wp-block-image size-large\"><a href=\"http:\/\/labestiadeportiva.com\/lbd\/wp-content\/uploads\/2022\/08\/IMG-20220817-WA0038.jpg\"><img loading=\"lazy\" width=\"1024\" height=\"472\" src=\"http:\/\/labestiadeportiva.com\/lbd\/wp-content\/uploads\/2022\/08\/IMG-20220817-WA0038-1024x472.jpg\" alt=\"\" class=\"wp-image-42578\" srcset=\"http:\/\/labestiadeportiva.com\/lbd\/wp-content\/uploads\/2022\/08\/IMG-20220817-WA0038-1024x472.jpg 1024w, http:\/\/labestiadeportiva.com\/lbd\/wp-content\/uploads\/2022\/08\/IMG-20220817-WA0038-300x138.jpg 300w, http:\/\/labestiadeportiva.com\/lbd\/wp-content\/uploads\/2022\/08\/IMG-20220817-WA0038-768x354.jpg 768w, http:\/\/labestiadeportiva.com\/lbd\/wp-content\/uploads\/2022\/08\/IMG-20220817-WA0038-640x295.jpg 640w, http:\/\/labestiadeportiva.com\/lbd\/wp-content\/uploads\/2022\/08\/IMG-20220817-WA0038.jpg 1280w\" sizes=\"(max-width: 1024px) 100vw, 1024px\" \/><\/a><\/figure>\n\n\n\n<p>Durante el fin de semana en la ciudad de R\u00edo Grande el conjunto de futsal AFA Sub 17 de Camioneros Ushuaia se adjudic\u00f3 la instancia regional clasificando al Nacional que se realizar\u00e1 en la localidad santacruce\u00f1a de R\u00edo Turbio.<\/p>\n\n\n\n<p>En nuestros estudios de la 94.1 FM del Sur recibimos la visita del entrenador transportista Facundo Moreno. Extensa y constructiva charla con el formador quien en la actualidad dirige formativas, juveniles y primera del \u00abCami\u00f3n\u00bb ushuaiense.<\/p>\n\n\n\n<!--more-->\n\n\n\n<figure class=\"wp-block-embed is-type-video is-provider-youtube wp-block-embed-youtube wp-embed-aspect-4-3 wp-has-aspect-ratio\"><div class=\"wp-block-embed__wrapper\">\n<iframe loading=\"lazy\" title=\"Audio Facundo Moreno\" width=\"474\" height=\"356\" src=\"https:\/\/www.youtube.com\/embed\/yZCstqjFGt0?feature=oembed\" frameborder=\"0\" allow=\"accelerometer; autoplay; clipboard-write; encrypted-media; gyroscope; picture-in-picture\" allowfullscreen><\/iframe>\n<\/div><\/figure>\n<div class='epvc-post-count'><span class='epvc-eye'><\/span>  <span class=\"epvc-count\"> 1.047<\/span><span class='epvc-label'> veces le\u00edda<\/span><\/div>\n<div class=\"jwsharethis\">\nShare this: \n<br \/>\n<a href=\"mailto:?subject=%C2%ABCamioncito%C2%BB%20patag%C3%B3nico%20%28Audio%29&amp;body=http%3A%2F%2Flabestiadeportiva.com%2Flbd%2Fcamioncito-patagonico-audio%2F\">\n<img src=\"http:\/\/labestiadeportiva.com\/lbd\/wp-content\/plugins\/jw-share-this\/email.png\" alt=\"Share this page via Email\" \/>\n<\/a>\n<a target=\"_blank\" href=\"http:\/\/www.stumbleupon.com\/submit?url=http%3A%2F%2Flabestiadeportiva.com%2Flbd%2Fcamioncito-patagonico-audio%2F&amp;title=%C2%ABCamioncito%C2%BB+patag%C3%B3nico+%28Audio%29\">\n<img src=\"http:\/\/labestiadeportiva.com\/lbd\/wp-content\/plugins\/jw-share-this\/su.png\" alt=\"Share this page via Stumble Upon\" \/>\n<\/a>\n<a target=\"_blank\" href=\"http:\/\/digg.com\/submit?url=http%3A%2F%2Flabestiadeportiva.com%2Flbd%2Fcamioncito-patagonico-audio%2F&amp;title=%C2%ABCamioncito%C2%BB+patag%C3%B3nico+%28Audio%29\">\n<img src=\"http:\/\/labestiadeportiva.com\/lbd\/wp-content\/plugins\/jw-share-this\/digg.png\" alt=\"Share this page via Digg this\" \/>\n<\/a>\n<a target=\"_blank\" href=\"http:\/\/www.facebook.com\/sharer.php?u=http%3A%2F%2Flabestiadeportiva.com%2Flbd%2Fcamioncito-patagonico-audio%2F&amp;t=%C2%ABCamioncito%C2%BB+patag%C3%B3nico+%28Audio%29\">\n<img src=\"http:\/\/labestiadeportiva.com\/lbd\/wp-content\/plugins\/jw-share-this\/fb.png\" alt=\"Share this page via Facebook\" \/>\n<\/a>\n<a target=\"_blank\" href=\"http:\/\/twitter.com\/intent\/tweet?text=I+like+http%3A%2F%2Flabestiadeportiva.com%2Flbd%2Fcamioncito-patagonico-audio%2F&amp;title=%C2%ABCamioncito%C2%BB+patag%C3%B3nico+%28Audio%29\">\n<img src=\"http:\/\/labestiadeportiva.com\/lbd\/wp-content\/plugins\/jw-share-this\/twitter.png\" alt=\"Share this page via Twitter\" \/>\n<\/a>\n<\/div>\n","protected":false},"excerpt":{"rendered":"<p>Durante el fin de semana en la ciudad de R\u00edo Grande el conjunto de futsal AFA Sub 17 de Camioneros Ushuaia se adjudic\u00f3 la instancia regional clasificando al Nacional que se realizar\u00e1 en la localidad santacruce\u00f1a de R\u00edo Turbio. En nuestros estudios de la 94.1 FM del Sur recibimos la visita del entrenador transportista Facundo &hellip; <a href=\"http:\/\/labestiadeportiva.com\/lbd\/camioncito-patagonico-audio\/\" class=\"more-link\">Seguir leyendo <span class=\"screen-reader-text\">\u00abCamioncito\u00bb patag\u00f3nico (Audio)<\/span> <span class=\"meta-nav\">&rarr;<\/span><\/a><\/p>\n","protected":false},"author":1,"featured_media":0,"comment_status":"open","ping_status":"open","sticky":false,"template":"","format":"standard","meta":[],"categories":[5,60,47,1],"tags":[4001,4838,4865,30,2848],"_links":{"self":[{"href":"http:\/\/labestiadeportiva.com\/lbd\/wp-json\/wp\/v2\/posts\/42577"}],"collection":[{"href":"http:\/\/labestiadeportiva.com\/lbd\/wp-json\/wp\/v2\/posts"}],"about":[{"href":"http:\/\/labestiadeportiva.com\/lbd\/wp-json\/wp\/v2\/types\/post"}],"author":[{"embeddable":true,"href":"http:\/\/labestiadeportiva.com\/lbd\/wp-json\/wp\/v2\/users\/1"}],"replies":[{"embeddable":true,"href":"http:\/\/labestiadeportiva.com\/lbd\/wp-json\/wp\/v2\/comments?post=42577"}],"version-history":[{"count":1,"href":"http:\/\/labestiadeportiva.com\/lbd\/wp-json\/wp\/v2\/posts\/42577\/revisions"}],"predecessor-version":[{"id":42579,"href":"http:\/\/labestiadeportiva.com\/lbd\/wp-json\/wp\/v2\/posts\/42577\/revisions\/42579"}],"wp:attachment":[{"href":"http:\/\/labestiadeportiva.com\/lbd\/wp-json\/wp\/v2\/media?parent=42577"}],"wp:term":[{"taxonomy":"category","embeddable":true,"href":"http:\/\/labestiadeportiva.com\/lbd\/wp-json\/wp\/v2\/categories?post=42577"},{"taxonomy":"post_tag","embeddable":true,"href":"http:\/\/labestiadeportiva.com\/lbd\/wp-json\/wp\/v2\/tags?post=42577"}],"curies":[{"name":"wp","href":"https:\/\/api.w.org\/{rel}","templated":true}]}}