{"id":42729,"date":"2022-08-30T10:49:56","date_gmt":"2022-08-30T13:49:56","guid":{"rendered":"http:\/\/labestiadeportiva.com\/lbd\/?p=42729"},"modified":"2022-08-30T10:49:57","modified_gmt":"2022-08-30T13:49:57","slug":"otra-fecha-llena-de-polemicas","status":"publish","type":"post","link":"http:\/\/labestiadeportiva.com\/lbd\/otra-fecha-llena-de-polemicas\/","title":{"rendered":"Otra fecha llena de pol\u00e9micas"},"content":{"rendered":"\n<p>Por Javier Nicol\u00e1s Baroli (Corresponsal LBD en R\u00edo Gallegos)<\/p>\n\n\n\n<figure class=\"wp-container-2 wp-block-gallery-1 wp-block-gallery has-nested-images columns-default is-cropped\">\n<figure class=\"wp-block-image size-large\"><a href=\"http:\/\/labestiadeportiva.com\/lbd\/wp-content\/uploads\/2022\/08\/IMG-20220830-WA0020-1.jpg\"><img loading=\"lazy\" width=\"1024\" height=\"576\" data-id=\"42739\"  src=\"http:\/\/labestiadeportiva.com\/lbd\/wp-content\/uploads\/2022\/08\/IMG-20220830-WA0020-1-1024x576.jpg\" alt=\"\" class=\"wp-image-42739\" srcset=\"http:\/\/labestiadeportiva.com\/lbd\/wp-content\/uploads\/2022\/08\/IMG-20220830-WA0020-1-1024x576.jpg 1024w, http:\/\/labestiadeportiva.com\/lbd\/wp-content\/uploads\/2022\/08\/IMG-20220830-WA0020-1-300x169.jpg 300w, http:\/\/labestiadeportiva.com\/lbd\/wp-content\/uploads\/2022\/08\/IMG-20220830-WA0020-1-768x432.jpg 768w, http:\/\/labestiadeportiva.com\/lbd\/wp-content\/uploads\/2022\/08\/IMG-20220830-WA0020-1-640x360.jpg 640w, http:\/\/labestiadeportiva.com\/lbd\/wp-content\/uploads\/2022\/08\/IMG-20220830-WA0020-1.jpg 1200w\" sizes=\"(max-width: 1024px) 100vw, 1024px\" \/><\/a><\/figure>\n<\/figure>\n\n\n\n<p>Una vez m\u00e1s, el VAR en el centro de la escena. Pol\u00e9micas en Boca \/ Atl\u00e9tico Tucum\u00e1n y  Sarmiento \/Gimnasia, partidos determinantes en la lucha por la punta del certamen. Cay\u00f3 el l\u00edder aunque no cambio su condici\u00f3n, su escolta sigue siendo GELP. Empates de River, Racing, Hurac\u00e1n, Independiente y San Lorenzo. El an\u00e1lisis en LBD.<\/p>\n\n\n\n<!--more-->\n\n\n\n<p>Dudas, pol\u00e9micas, enojos, alivio. Sensaciones ambiguas que giran en torno a una herramienta que lejos est\u00e1 de traer paz a un convulsionado f\u00fatbol dom\u00e9stico.<\/p>\n\n\n\n<p>La gran pol\u00e9mica de la fecha estuvo en el triunfo de Boca Juniors ante Atl\u00e9tico Tucum\u00e1n. Un evidente penal de Zambrano que el \u00e1rbitro y el VAR ignoraron, llen\u00f3 de bronca a quienes siguen siendo los l\u00edderes del certamen, pero ahora con menos margen de diferencia.<\/p>\n\n\n\n<p>La otra pol\u00e9mica estuvo en Sarmiento ante el escolta, Gimnasia. El lobo reclam\u00f3 penal en la \u00faltima jugada ante los de Jun\u00edn.<br>Andueza baj\u00f3 a Soldano cuando se dispon\u00eda a definir en el \u00e1rea. El \u00e1rbitro Pablo Echavarr\u00eda no sancion\u00f3 la falta y tampoco lo llamaron desde el VAR. El reclamo de los jugadores y el cuerpo t\u00e9cnico del Lobo se hizo sentir pero fue en vano.<\/p>\n\n\n\n<p>En lo deportivo, Boca fue el equipo de la fecha. Super\u00f3 al l\u00edder y se meti\u00f3 en la disputa del torneo. River, Racing, Independiente y San Lorenzo, empataron sus partidos, en una fecha en la que el negocio fue Xeneize.<\/p>\n\n\n\n<figure class=\"wp-container-4 wp-block-gallery-3 wp-block-gallery has-nested-images columns-default is-cropped\">\n<figure class=\"wp-block-image size-large\"><a href=\"http:\/\/labestiadeportiva.com\/lbd\/wp-content\/uploads\/2022\/08\/IMG-20220828-WA00682-3.jpg\"><img loading=\"lazy\" width=\"524\" height=\"1024\" data-id=\"42743\"  src=\"http:\/\/labestiadeportiva.com\/lbd\/wp-content\/uploads\/2022\/08\/IMG-20220828-WA00682-3-524x1024.jpg\" alt=\"\" class=\"wp-image-42743\" srcset=\"http:\/\/labestiadeportiva.com\/lbd\/wp-content\/uploads\/2022\/08\/IMG-20220828-WA00682-3-524x1024.jpg 524w, http:\/\/labestiadeportiva.com\/lbd\/wp-content\/uploads\/2022\/08\/IMG-20220828-WA00682-3-153x300.jpg 153w, http:\/\/labestiadeportiva.com\/lbd\/wp-content\/uploads\/2022\/08\/IMG-20220828-WA00682-3-768x1502.jpg 768w, http:\/\/labestiadeportiva.com\/lbd\/wp-content\/uploads\/2022\/08\/IMG-20220828-WA00682-3-785x1536.jpg 785w, http:\/\/labestiadeportiva.com\/lbd\/wp-content\/uploads\/2022\/08\/IMG-20220828-WA00682-3-640x1252.jpg 640w, http:\/\/labestiadeportiva.com\/lbd\/wp-content\/uploads\/2022\/08\/IMG-20220828-WA00682-3.jpg 818w\" sizes=\"(max-width: 524px) 100vw, 524px\" \/><\/a><\/figure>\n<\/figure>\n<div class='epvc-post-count'><span class='epvc-eye'><\/span>  <span class=\"epvc-count\"> 1.223<\/span><span class='epvc-label'> veces le\u00edda<\/span><\/div>\n<div class=\"jwsharethis\">\nShare this: \n<br \/>\n<a href=\"mailto:?subject=Otra%20fecha%20llena%20de%20pol%C3%A9micas&amp;body=http%3A%2F%2Flabestiadeportiva.com%2Flbd%2Fotra-fecha-llena-de-polemicas%2F\">\n<img src=\"http:\/\/labestiadeportiva.com\/lbd\/wp-content\/plugins\/jw-share-this\/email.png\" alt=\"Share this page via Email\" \/>\n<\/a>\n<a target=\"_blank\" href=\"http:\/\/www.stumbleupon.com\/submit?url=http%3A%2F%2Flabestiadeportiva.com%2Flbd%2Fotra-fecha-llena-de-polemicas%2F&amp;title=Otra+fecha+llena+de+pol%C3%A9micas\">\n<img src=\"http:\/\/labestiadeportiva.com\/lbd\/wp-content\/plugins\/jw-share-this\/su.png\" alt=\"Share this page via Stumble Upon\" \/>\n<\/a>\n<a target=\"_blank\" href=\"http:\/\/digg.com\/submit?url=http%3A%2F%2Flabestiadeportiva.com%2Flbd%2Fotra-fecha-llena-de-polemicas%2F&amp;title=Otra+fecha+llena+de+pol%C3%A9micas\">\n<img src=\"http:\/\/labestiadeportiva.com\/lbd\/wp-content\/plugins\/jw-share-this\/digg.png\" alt=\"Share this page via Digg this\" \/>\n<\/a>\n<a target=\"_blank\" href=\"http:\/\/www.facebook.com\/sharer.php?u=http%3A%2F%2Flabestiadeportiva.com%2Flbd%2Fotra-fecha-llena-de-polemicas%2F&amp;t=Otra+fecha+llena+de+pol%C3%A9micas\">\n<img src=\"http:\/\/labestiadeportiva.com\/lbd\/wp-content\/plugins\/jw-share-this\/fb.png\" alt=\"Share this page via Facebook\" \/>\n<\/a>\n<a target=\"_blank\" href=\"http:\/\/twitter.com\/intent\/tweet?text=I+like+http%3A%2F%2Flabestiadeportiva.com%2Flbd%2Fotra-fecha-llena-de-polemicas%2F&amp;title=Otra+fecha+llena+de+pol%C3%A9micas\">\n<img src=\"http:\/\/labestiadeportiva.com\/lbd\/wp-content\/plugins\/jw-share-this\/twitter.png\" alt=\"Share this page via Twitter\" \/>\n<\/a>\n<\/div>\n","protected":false},"excerpt":{"rendered":"<p>Por Javier Nicol\u00e1s Baroli (Corresponsal LBD en R\u00edo Gallegos) Una vez m\u00e1s, el VAR en el centro de la escena. Pol\u00e9micas en Boca \/ Atl\u00e9tico Tucum\u00e1n y Sarmiento \/Gimnasia, partidos determinantes en la lucha por la punta del certamen. Cay\u00f3 el l\u00edder aunque no cambio su condici\u00f3n, su escolta sigue siendo GELP. Empates de River, &hellip; <a href=\"http:\/\/labestiadeportiva.com\/lbd\/otra-fecha-llena-de-polemicas\/\" class=\"more-link\">Seguir leyendo <span class=\"screen-reader-text\">Otra fecha llena de pol\u00e9micas<\/span> <span class=\"meta-nav\">&rarr;<\/span><\/a><\/p>\n","protected":false},"author":1,"featured_media":0,"comment_status":"open","ping_status":"open","sticky":false,"template":"","format":"standard","meta":[],"categories":[6,4353,1],"tags":[2904,17,3894],"_links":{"self":[{"href":"http:\/\/labestiadeportiva.com\/lbd\/wp-json\/wp\/v2\/posts\/42729"}],"collection":[{"href":"http:\/\/labestiadeportiva.com\/lbd\/wp-json\/wp\/v2\/posts"}],"about":[{"href":"http:\/\/labestiadeportiva.com\/lbd\/wp-json\/wp\/v2\/types\/post"}],"author":[{"embeddable":true,"href":"http:\/\/labestiadeportiva.com\/lbd\/wp-json\/wp\/v2\/users\/1"}],"replies":[{"embeddable":true,"href":"http:\/\/labestiadeportiva.com\/lbd\/wp-json\/wp\/v2\/comments?post=42729"}],"version-history":[{"count":1,"href":"http:\/\/labestiadeportiva.com\/lbd\/wp-json\/wp\/v2\/posts\/42729\/revisions"}],"predecessor-version":[{"id":42744,"href":"http:\/\/labestiadeportiva.com\/lbd\/wp-json\/wp\/v2\/posts\/42729\/revisions\/42744"}],"wp:attachment":[{"href":"http:\/\/labestiadeportiva.com\/lbd\/wp-json\/wp\/v2\/media?parent=42729"}],"wp:term":[{"taxonomy":"category","embeddable":true,"href":"http:\/\/labestiadeportiva.com\/lbd\/wp-json\/wp\/v2\/categories?post=42729"},{"taxonomy":"post_tag","embeddable":true,"href":"http:\/\/labestiadeportiva.com\/lbd\/wp-json\/wp\/v2\/tags?post=42729"}],"curies":[{"name":"wp","href":"https:\/\/api.w.org\/{rel}","templated":true}]}}