{"id":42834,"date":"2022-09-09T17:14:50","date_gmt":"2022-09-09T20:14:50","guid":{"rendered":"http:\/\/labestiadeportiva.com\/lbd\/?p=42834"},"modified":"2022-09-09T18:07:35","modified_gmt":"2022-09-09T21:07:35","slug":"clasico-de-necesitadas","status":"publish","type":"post","link":"http:\/\/labestiadeportiva.com\/lbd\/clasico-de-necesitadas\/","title":{"rendered":"Cl\u00e1sico de necesitadas"},"content":{"rendered":"\n<figure class=\"wp-block-image size-full\"><a href=\"http:\/\/labestiadeportiva.com\/lbd\/wp-content\/uploads\/2022\/09\/WhatsApp-Image-2022-09-09-at-08.53.00.jpeg\"><img loading=\"lazy\" width=\"720\" height=\"604\" src=\"http:\/\/labestiadeportiva.com\/lbd\/wp-content\/uploads\/2022\/09\/WhatsApp-Image-2022-09-09-at-08.53.00.jpeg\" alt=\"\" class=\"wp-image-42850\" srcset=\"http:\/\/labestiadeportiva.com\/lbd\/wp-content\/uploads\/2022\/09\/WhatsApp-Image-2022-09-09-at-08.53.00.jpeg 720w, http:\/\/labestiadeportiva.com\/lbd\/wp-content\/uploads\/2022\/09\/WhatsApp-Image-2022-09-09-at-08.53.00-300x252.jpeg 300w, http:\/\/labestiadeportiva.com\/lbd\/wp-content\/uploads\/2022\/09\/WhatsApp-Image-2022-09-09-at-08.53.00-640x537.jpeg 640w\" sizes=\"(max-width: 720px) 100vw, 720px\" \/><\/a><\/figure>\n\n\n\n<p>Luego de un complicado debut para las fueguinas en el Patag\u00f3nico de Selecciones de Futsal AFA, R\u00edo Grande perdi\u00f3 ante R\u00edo Gallegos y Ushuaia ajustadamente frente a Bariloche,  se medir\u00e1n este viernes desde las 20 horas. <\/p>\n\n\n\n<!--more-->\n\n\n\n<p>Ya est\u00e1 en marcha en la Cuenca Carbon\u00edfera el primer Patag\u00f3nico de Selecciones femeninas saloneras de la regi\u00f3n.  <\/p>\n\n\n\n<p>Este jueves en primer turno R\u00edo Gallegos dobleg\u00f3 a las riograndenses por 6 a 2 mientras que Bariloche super\u00f3 por la m\u00ednima, 4 a 3, al equipo ushuaiense.<\/p>\n\n\n\n<p>A modo de cierre de la jornada inicial las due\u00f1as de casa, Cuenca Carbon\u00edfera, golearon a su par de la Zona Centro de Santa Cruz  por un categ\u00f3rico 9 a 0.<\/p>\n\n\n\n<p>El cronograma de viernes se iniciar\u00e1 a las 17 horas con el partido R\u00edo Gallegos\/Zona Centro, luego desde las 20 el cl\u00e1sico fueguino para cerrar el d\u00eda con una nueva presentaci\u00f3n de las locales ante Bariloche en el horario central de las 22. <\/p>\n\n\n\n<figure class=\"wp-block-image size-full\"><a href=\"https:\/\/labestiadeportiva.com\/lbd\/wp-content\/uploads\/2022\/09\/IMG-20220909-WA00782.jpg\"><img loading=\"lazy\" width=\"713\" height=\"842\" src=\"https:\/\/labestiadeportiva.com\/lbd\/wp-content\/uploads\/2022\/09\/IMG-20220909-WA00782.jpg\" alt=\"\" class=\"wp-image-42840\" srcset=\"http:\/\/labestiadeportiva.com\/lbd\/wp-content\/uploads\/2022\/09\/IMG-20220909-WA00782.jpg 713w, http:\/\/labestiadeportiva.com\/lbd\/wp-content\/uploads\/2022\/09\/IMG-20220909-WA00782-254x300.jpg 254w, http:\/\/labestiadeportiva.com\/lbd\/wp-content\/uploads\/2022\/09\/IMG-20220909-WA00782-640x756.jpg 640w\" sizes=\"(max-width: 713px) 100vw, 713px\" \/><\/a><\/figure>\n\n\n\n<figure class=\"wp-block-image size-full\"><a href=\"https:\/\/labestiadeportiva.com\/lbd\/wp-content\/uploads\/2022\/09\/IMG-20220909-WA00792.jpg\"><img loading=\"lazy\" width=\"704\" height=\"900\" src=\"https:\/\/labestiadeportiva.com\/lbd\/wp-content\/uploads\/2022\/09\/IMG-20220909-WA00792.jpg\" alt=\"\" class=\"wp-image-42841\" srcset=\"http:\/\/labestiadeportiva.com\/lbd\/wp-content\/uploads\/2022\/09\/IMG-20220909-WA00792.jpg 704w, http:\/\/labestiadeportiva.com\/lbd\/wp-content\/uploads\/2022\/09\/IMG-20220909-WA00792-235x300.jpg 235w, http:\/\/labestiadeportiva.com\/lbd\/wp-content\/uploads\/2022\/09\/IMG-20220909-WA00792-640x818.jpg 640w\" sizes=\"(max-width: 704px) 100vw, 704px\" \/><\/a><\/figure>\n\n\n\n<figure class=\"wp-block-image size-full\"><a href=\"https:\/\/labestiadeportiva.com\/lbd\/wp-content\/uploads\/2022\/09\/IMG-20220909-WA00802.jpg\"><img loading=\"lazy\" width=\"720\" height=\"887\" src=\"https:\/\/labestiadeportiva.com\/lbd\/wp-content\/uploads\/2022\/09\/IMG-20220909-WA00802.jpg\" alt=\"\" class=\"wp-image-42842\" srcset=\"http:\/\/labestiadeportiva.com\/lbd\/wp-content\/uploads\/2022\/09\/IMG-20220909-WA00802.jpg 720w, http:\/\/labestiadeportiva.com\/lbd\/wp-content\/uploads\/2022\/09\/IMG-20220909-WA00802-244x300.jpg 244w, http:\/\/labestiadeportiva.com\/lbd\/wp-content\/uploads\/2022\/09\/IMG-20220909-WA00802-640x788.jpg 640w\" sizes=\"(max-width: 720px) 100vw, 720px\" \/><\/a><\/figure>\n\n\n\n<figure class=\"wp-block-image size-large\"><a href=\"https:\/\/labestiadeportiva.com\/lbd\/wp-content\/uploads\/2022\/09\/IMG-20220909-WA00623.jpg\"><img loading=\"lazy\" width=\"1024\" height=\"595\" src=\"https:\/\/labestiadeportiva.com\/lbd\/wp-content\/uploads\/2022\/09\/IMG-20220909-WA00623-1024x595.jpg\" alt=\"\" class=\"wp-image-42839\" srcset=\"http:\/\/labestiadeportiva.com\/lbd\/wp-content\/uploads\/2022\/09\/IMG-20220909-WA00623-1024x595.jpg 1024w, http:\/\/labestiadeportiva.com\/lbd\/wp-content\/uploads\/2022\/09\/IMG-20220909-WA00623-300x174.jpg 300w, http:\/\/labestiadeportiva.com\/lbd\/wp-content\/uploads\/2022\/09\/IMG-20220909-WA00623-768x446.jpg 768w, http:\/\/labestiadeportiva.com\/lbd\/wp-content\/uploads\/2022\/09\/IMG-20220909-WA00623-1536x893.jpg 1536w, http:\/\/labestiadeportiva.com\/lbd\/wp-content\/uploads\/2022\/09\/IMG-20220909-WA00623-640x372.jpg 640w, http:\/\/labestiadeportiva.com\/lbd\/wp-content\/uploads\/2022\/09\/IMG-20220909-WA00623.jpg 1600w\" sizes=\"(max-width: 1024px) 100vw, 1024px\" \/><\/a><figcaption>Cumplea\u00f1eras! Ceci Pino y \u00abGamu\u00bb Silva&#8230;Felicidades!<\/figcaption><\/figure>\n<div class='epvc-post-count'><span class='epvc-eye'><\/span>  <span class=\"epvc-count\"> 1.108<\/span><span class='epvc-label'> veces le\u00edda<\/span><\/div>\n<div class=\"jwsharethis\">\nShare this: \n<br \/>\n<a href=\"mailto:?subject=Cl%C3%A1sico%20de%20necesitadas&amp;body=http%3A%2F%2Flabestiadeportiva.com%2Flbd%2Fclasico-de-necesitadas%2F\">\n<img src=\"http:\/\/labestiadeportiva.com\/lbd\/wp-content\/plugins\/jw-share-this\/email.png\" alt=\"Share this page via Email\" \/>\n<\/a>\n<a target=\"_blank\" href=\"http:\/\/www.stumbleupon.com\/submit?url=http%3A%2F%2Flabestiadeportiva.com%2Flbd%2Fclasico-de-necesitadas%2F&amp;title=Cl%C3%A1sico+de+necesitadas\">\n<img src=\"http:\/\/labestiadeportiva.com\/lbd\/wp-content\/plugins\/jw-share-this\/su.png\" alt=\"Share this page via Stumble Upon\" \/>\n<\/a>\n<a target=\"_blank\" href=\"http:\/\/digg.com\/submit?url=http%3A%2F%2Flabestiadeportiva.com%2Flbd%2Fclasico-de-necesitadas%2F&amp;title=Cl%C3%A1sico+de+necesitadas\">\n<img src=\"http:\/\/labestiadeportiva.com\/lbd\/wp-content\/plugins\/jw-share-this\/digg.png\" alt=\"Share this page via Digg this\" \/>\n<\/a>\n<a target=\"_blank\" href=\"http:\/\/www.facebook.com\/sharer.php?u=http%3A%2F%2Flabestiadeportiva.com%2Flbd%2Fclasico-de-necesitadas%2F&amp;t=Cl%C3%A1sico+de+necesitadas\">\n<img src=\"http:\/\/labestiadeportiva.com\/lbd\/wp-content\/plugins\/jw-share-this\/fb.png\" alt=\"Share this page via Facebook\" \/>\n<\/a>\n<a target=\"_blank\" href=\"http:\/\/twitter.com\/intent\/tweet?text=I+like+http%3A%2F%2Flabestiadeportiva.com%2Flbd%2Fclasico-de-necesitadas%2F&amp;title=Cl%C3%A1sico+de+necesitadas\">\n<img src=\"http:\/\/labestiadeportiva.com\/lbd\/wp-content\/plugins\/jw-share-this\/twitter.png\" alt=\"Share this page via Twitter\" \/>\n<\/a>\n<\/div>\n","protected":false},"excerpt":{"rendered":"<p>Luego de un complicado debut para las fueguinas en el Patag\u00f3nico de Selecciones de Futsal AFA, R\u00edo Grande perdi\u00f3 ante R\u00edo Gallegos y Ushuaia ajustadamente frente a Bariloche, se medir\u00e1n este viernes desde las 20 horas. 1.108 veces le\u00edda Share this:<\/p>\n","protected":false},"author":1,"featured_media":0,"comment_status":"open","ping_status":"open","sticky":false,"template":"","format":"standard","meta":[],"categories":[5,6,2343,2608,1,3942],"tags":[3948,3733,83,1764],"_links":{"self":[{"href":"http:\/\/labestiadeportiva.com\/lbd\/wp-json\/wp\/v2\/posts\/42834"}],"collection":[{"href":"http:\/\/labestiadeportiva.com\/lbd\/wp-json\/wp\/v2\/posts"}],"about":[{"href":"http:\/\/labestiadeportiva.com\/lbd\/wp-json\/wp\/v2\/types\/post"}],"author":[{"embeddable":true,"href":"http:\/\/labestiadeportiva.com\/lbd\/wp-json\/wp\/v2\/users\/1"}],"replies":[{"embeddable":true,"href":"http:\/\/labestiadeportiva.com\/lbd\/wp-json\/wp\/v2\/comments?post=42834"}],"version-history":[{"count":5,"href":"http:\/\/labestiadeportiva.com\/lbd\/wp-json\/wp\/v2\/posts\/42834\/revisions"}],"predecessor-version":[{"id":42853,"href":"http:\/\/labestiadeportiva.com\/lbd\/wp-json\/wp\/v2\/posts\/42834\/revisions\/42853"}],"wp:attachment":[{"href":"http:\/\/labestiadeportiva.com\/lbd\/wp-json\/wp\/v2\/media?parent=42834"}],"wp:term":[{"taxonomy":"category","embeddable":true,"href":"http:\/\/labestiadeportiva.com\/lbd\/wp-json\/wp\/v2\/categories?post=42834"},{"taxonomy":"post_tag","embeddable":true,"href":"http:\/\/labestiadeportiva.com\/lbd\/wp-json\/wp\/v2\/tags?post=42834"}],"curies":[{"name":"wp","href":"https:\/\/api.w.org\/{rel}","templated":true}]}}