{"id":43092,"date":"2022-09-26T20:36:54","date_gmt":"2022-09-26T23:36:54","guid":{"rendered":"https:\/\/labestiadeportiva.com\/lbd\/?p=43092"},"modified":"2022-09-26T22:30:03","modified_gmt":"2022-09-27T01:30:03","slug":"gracias-por-todo-su-majestad","status":"publish","type":"post","link":"http:\/\/labestiadeportiva.com\/lbd\/gracias-por-todo-su-majestad\/","title":{"rendered":"Gracias por todo \u00abSu Majestad\u00bb"},"content":{"rendered":"\n<p>Por Mat\u00edas Pouso (Tenis Internacional para LBD)<\/p>\n\n\n\n<figure class=\"wp-block-image size-full\"><a href=\"https:\/\/labestiadeportiva.com\/lbd\/wp-content\/uploads\/2022\/09\/1664062047574.jpg\"><img loading=\"lazy\" width=\"720\" height=\"872\" src=\"https:\/\/labestiadeportiva.com\/lbd\/wp-content\/uploads\/2022\/09\/1664062047574.jpg\" alt=\"\" class=\"wp-image-43101\" srcset=\"http:\/\/labestiadeportiva.com\/lbd\/wp-content\/uploads\/2022\/09\/1664062047574.jpg 720w, http:\/\/labestiadeportiva.com\/lbd\/wp-content\/uploads\/2022\/09\/1664062047574-248x300.jpg 248w, http:\/\/labestiadeportiva.com\/lbd\/wp-content\/uploads\/2022\/09\/1664062047574-640x775.jpg 640w\" sizes=\"(max-width: 720px) 100vw, 720px\" \/><\/a><\/figure>\n\n\n\n<p>En 1968 sal\u00eda a la venta el tan recordado \u201c\u00c1lbum Blanco\u201d de los m\u00edticos Beatles, un disco con canciones que se convertir\u00edan en grandes cl\u00e1sicos de la m\u00fasica mundial. Entre sus temas, se encontraba \u201cWhile My Guitar Gently Weeps\u201d, compuesto por la brillante mente de George Harrison. <\/p>\n\n\n\n<!--more-->\n\n\n\n<p>Para interpretar esa maravillosa oda a la melancol\u00eda, el beatle silencioso se ali\u00f3 a otro gigante de la m\u00fasica llamado Eric Clapton; del mismo modo que Roger Federer uni\u00f3 fuerzas con Rafael Nadal el pasado viernes, para el que fue su \u00faltimo partido como tenista profesional.<\/p>\n\n\n\n<p>En el marco de la edici\u00f3n 2022 de la <em>Laver Cup<\/em>, el encuentro de dobles disputado junto a su amigo y eterno rival, marc\u00f3 el fin de una carrera plagada de triunfos, campeonatos, r\u00e9cords y un legado que quedar\u00e1 plasmado en la memoria de los amantes de este y de todos los deportes.<\/p>\n\n\n\n<p>Hoy el mundo entero se conmueve ante la imagen de un Federer m\u00e1s humano que nunca, desconsolado por el cierre de una etapa, pero al mismo tiempo feliz por los logros obtenidos tanto dentro como fuera de los courts.<\/p>\n\n\n\n<p>Y en este \u00faltimo aspecto es donde se diferenci\u00f3 Roger a lo largo de sus m\u00e1s de 20 a\u00f1os de carrera. Fue, es y ser\u00e1 el embajador y modelo de lo que un atleta de elite debiera ser, trasmitiendo valores de humildad y esfuerzo constante, destacando la importancia que el deporte tiene dentro de una sociedad.<\/p>\n\n\n\n<p>La \u00faltima imagen que nos regalaron el suizo y el espa\u00f1ol luego del match fue emocionante, unidos por un apret\u00f3n de manos y envueltos en un llanto que tiene mucho de dolor, pero mucho m\u00e1s tiene de afecto y admiraci\u00f3n mutua.<\/p>\n\n\n\n<p>Ese v\u00ednculo tan elocuente dimensiona el ejemplo de vida de ambos: Federer y Nadal, los ejemplos de elegancia, de competitividad, de discreci\u00f3n, de inteligencia, de sacrificio, de profesionalidad y de grandeza.<\/p>\n\n\n\n<p>Resumir los 24 a\u00f1os de carrera en meras estad\u00edsticas ser\u00eda un acto fr\u00edvolo que le quitar\u00eda el valor real que la huella de \u00abSu Majestad\u00bb cal\u00f3 en la historia del tenis profesional. <\/p>\n\n\n\n<p>Ni los 103 t\u00edtulos levantados, ni los 20 Grand Slams ganados, ni las 310 semanas en la cima del ranking alcanzan para describir la marca imborrable que dej\u00f3 el paso de Roger Federer por los libros del deporte blanco.<\/p>\n\n\n\n<p>Se despidi\u00f3 un \u00eddolo y un referente para m\u00e1s de una generaci\u00f3n de entusiastas. Ya no ser\u00e1 lo mismo trasnochar para ver los encuentros del Abierto de Australia, sabiendo que \u00e9l no estar\u00e1 ah\u00ed soportando las alt\u00edsimas temperaturas sin evidenciar ni una gota de sudor.&nbsp;<\/p>\n\n\n\n<p>Tampoco tendremos esa ansiedad por esperar a que llegue el m\u00edtico torneo de Wimbledon, pensando en que el m\u00e1ximo ganador de la competici\u00f3n ya no volver\u00e1 a pisar el tradicional c\u00e9sped londinense.&nbsp;<\/p>\n\n\n\n<p>Ya no nos deleitaremos con esas largas giras por el cemento norteamericano, de las que El Gran Roger siempre volv\u00eda con el bolso lleno de trofeos. <\/p>\n\n\n\n<p>Y, por \u00faltimo, no volveremos a tener el enorme privilegio de ver al \u00abMaestro\u00bb de maestros coronarse en el torneo que despide el a\u00f1o y que re\u00fane a los mejores tenistas de cada temporada.<\/p>\n\n\n\n<p>Hace m\u00e1s de cinco d\u00e9cadas la guitarra de Harrison lloraba por un amor que se encontraba dormido, hoy las que lloran son todas las raquetas del planeta, que extra\u00f1ar\u00e1n esa derecha inigualable que tanta magia nos regal\u00f3 en cada court, sin importar la superficie ni la categor\u00eda del torneo.&nbsp;<\/p>\n\n\n\n<p>No hay ni habr\u00e1 nadie, pero NADIE, m\u00e1s grande que Roger Federer. Gracias por todo Su Majestad.<\/p>\n\n\n\n<figure class=\"wp-block-image\"><img alt=\"\"\/><\/figure>\n<div class='epvc-post-count'><span class='epvc-eye'><\/span>  <span class=\"epvc-count\"> 1.172<\/span><span class='epvc-label'> veces le\u00edda<\/span><\/div>\n<div class=\"jwsharethis\">\nShare this: \n<br \/>\n<a href=\"mailto:?subject=Gracias%20por%20todo%20%C2%ABSu%20Majestad%C2%BB&amp;body=http%3A%2F%2Flabestiadeportiva.com%2Flbd%2Fgracias-por-todo-su-majestad%2F\">\n<img src=\"http:\/\/labestiadeportiva.com\/lbd\/wp-content\/plugins\/jw-share-this\/email.png\" alt=\"Share this page via Email\" \/>\n<\/a>\n<a target=\"_blank\" href=\"http:\/\/www.stumbleupon.com\/submit?url=http%3A%2F%2Flabestiadeportiva.com%2Flbd%2Fgracias-por-todo-su-majestad%2F&amp;title=Gracias+por+todo+%C2%ABSu+Majestad%C2%BB\">\n<img src=\"http:\/\/labestiadeportiva.com\/lbd\/wp-content\/plugins\/jw-share-this\/su.png\" alt=\"Share this page via Stumble Upon\" \/>\n<\/a>\n<a target=\"_blank\" href=\"http:\/\/digg.com\/submit?url=http%3A%2F%2Flabestiadeportiva.com%2Flbd%2Fgracias-por-todo-su-majestad%2F&amp;title=Gracias+por+todo+%C2%ABSu+Majestad%C2%BB\">\n<img src=\"http:\/\/labestiadeportiva.com\/lbd\/wp-content\/plugins\/jw-share-this\/digg.png\" alt=\"Share this page via Digg this\" \/>\n<\/a>\n<a target=\"_blank\" href=\"http:\/\/www.facebook.com\/sharer.php?u=http%3A%2F%2Flabestiadeportiva.com%2Flbd%2Fgracias-por-todo-su-majestad%2F&amp;t=Gracias+por+todo+%C2%ABSu+Majestad%C2%BB\">\n<img src=\"http:\/\/labestiadeportiva.com\/lbd\/wp-content\/plugins\/jw-share-this\/fb.png\" alt=\"Share this page via Facebook\" \/>\n<\/a>\n<a target=\"_blank\" href=\"http:\/\/twitter.com\/intent\/tweet?text=I+like+http%3A%2F%2Flabestiadeportiva.com%2Flbd%2Fgracias-por-todo-su-majestad%2F&amp;title=Gracias+por+todo+%C2%ABSu+Majestad%C2%BB\">\n<img src=\"http:\/\/labestiadeportiva.com\/lbd\/wp-content\/plugins\/jw-share-this\/twitter.png\" alt=\"Share this page via Twitter\" \/>\n<\/a>\n<\/div>\n","protected":false},"excerpt":{"rendered":"<p>Por Mat\u00edas Pouso (Tenis Internacional para LBD) En 1968 sal\u00eda a la venta el tan recordado \u201c\u00c1lbum Blanco\u201d de los m\u00edticos Beatles, un disco con canciones que se convertir\u00edan en grandes cl\u00e1sicos de la m\u00fasica mundial. Entre sus temas, se encontraba \u201cWhile My Guitar Gently Weeps\u201d, compuesto por la brillante mente de George Harrison. 1.172 &hellip; <a href=\"http:\/\/labestiadeportiva.com\/lbd\/gracias-por-todo-su-majestad\/\" class=\"more-link\">Seguir leyendo <span class=\"screen-reader-text\">Gracias por todo \u00abSu Majestad\u00bb<\/span> <span class=\"meta-nav\">&rarr;<\/span><\/a><\/p>\n","protected":false},"author":1,"featured_media":0,"comment_status":"open","ping_status":"open","sticky":false,"template":"","format":"standard","meta":[],"categories":[4,1,39],"tags":[758,83,2126,4835],"_links":{"self":[{"href":"http:\/\/labestiadeportiva.com\/lbd\/wp-json\/wp\/v2\/posts\/43092"}],"collection":[{"href":"http:\/\/labestiadeportiva.com\/lbd\/wp-json\/wp\/v2\/posts"}],"about":[{"href":"http:\/\/labestiadeportiva.com\/lbd\/wp-json\/wp\/v2\/types\/post"}],"author":[{"embeddable":true,"href":"http:\/\/labestiadeportiva.com\/lbd\/wp-json\/wp\/v2\/users\/1"}],"replies":[{"embeddable":true,"href":"http:\/\/labestiadeportiva.com\/lbd\/wp-json\/wp\/v2\/comments?post=43092"}],"version-history":[{"count":2,"href":"http:\/\/labestiadeportiva.com\/lbd\/wp-json\/wp\/v2\/posts\/43092\/revisions"}],"predecessor-version":[{"id":43103,"href":"http:\/\/labestiadeportiva.com\/lbd\/wp-json\/wp\/v2\/posts\/43092\/revisions\/43103"}],"wp:attachment":[{"href":"http:\/\/labestiadeportiva.com\/lbd\/wp-json\/wp\/v2\/media?parent=43092"}],"wp:term":[{"taxonomy":"category","embeddable":true,"href":"http:\/\/labestiadeportiva.com\/lbd\/wp-json\/wp\/v2\/categories?post=43092"},{"taxonomy":"post_tag","embeddable":true,"href":"http:\/\/labestiadeportiva.com\/lbd\/wp-json\/wp\/v2\/tags?post=43092"}],"curies":[{"name":"wp","href":"https:\/\/api.w.org\/{rel}","templated":true}]}}