{"id":43105,"date":"2022-09-27T00:01:50","date_gmt":"2022-09-27T03:01:50","guid":{"rendered":"http:\/\/labestiadeportiva.com\/lbd\/?p=43105"},"modified":"2022-09-27T00:04:55","modified_gmt":"2022-09-27T03:04:55","slug":"decano-en-soledad","status":"publish","type":"post","link":"http:\/\/labestiadeportiva.com\/lbd\/decano-en-soledad\/","title":{"rendered":"\u00abDecano\u00bb en soledad"},"content":{"rendered":"\n<p>Por Javier Nicol\u00e1s Baroli (Corresponsal LBD en R\u00edo Gallegos)<\/p>\n\n\n\n<figure class=\"wp-block-image size-full\"><a href=\"http:\/\/labestiadeportiva.com\/lbd\/wp-content\/uploads\/2022\/09\/633105bfbcfe9_900.jpg\"><img loading=\"lazy\" width=\"900\" height=\"506\" src=\"http:\/\/labestiadeportiva.com\/lbd\/wp-content\/uploads\/2022\/09\/633105bfbcfe9_900.jpg\" alt=\"\" class=\"wp-image-43131\" srcset=\"http:\/\/labestiadeportiva.com\/lbd\/wp-content\/uploads\/2022\/09\/633105bfbcfe9_900.jpg 900w, http:\/\/labestiadeportiva.com\/lbd\/wp-content\/uploads\/2022\/09\/633105bfbcfe9_900-300x169.jpg 300w, http:\/\/labestiadeportiva.com\/lbd\/wp-content\/uploads\/2022\/09\/633105bfbcfe9_900-768x432.jpg 768w, http:\/\/labestiadeportiva.com\/lbd\/wp-content\/uploads\/2022\/09\/633105bfbcfe9_900-640x360.jpg 640w\" sizes=\"(max-width: 900px) 100vw, 900px\" \/><\/a><\/figure>\n\n\n\n<p>Atl\u00e9tico Tucum\u00e1n es el \u00fanico l\u00edder de la Liga Profesional. Boca, el escolta estelar y la \u00abAcademia\u00bb y el \u00abGlobo\u00bb comparten el tercer escal\u00f3n. Apasionante certamen y lo viv\u00eds en LBD.<\/p>\n\n\n\n<!--more-->\n\n\n\n<p>Atl\u00e9tico Tucuman volvi\u00f3 a ser el \u00fanico l\u00edder del torneo. Es que la derrota de Gimnasia frente Tigre y la victoria del \u00abDecano\u00bb, ante su gente por 3 a 1, le permiti\u00f3 al equipo de Pusineri ser el \u00fanico l\u00edder con 41 puntos.<\/p>\n\n\n\n<p>Boca di\u00f3 una nueva muestra de car\u00e1cter y buen f\u00fatbol tras superar a Godoy Cruz en Mendoza por 1 a 0. Pese a las ausencias, los dirigidos por Ibarra dominaron los 90 minutos y hasta podr\u00edan haber estirado la ventaja sobre su rival.<\/p>\n\n\n\n<p>Racing logr\u00f3 revertir un resultado adverso despu\u00e9s de mucho tiempo. Los dirigidos por Gago empezaron perdiendo ante Uni\u00f3n de Santa Fe. Sin embargo reaccionaron a tiempo y gracias a los goles de Copetti y Carbonero, se quedaron con una victoria de oro ante su gente.<\/p>\n\n\n\n<p>La tabla de posiciones tiene a Atl\u00e9tico como l\u00edder con 41 puntos. Lo sigue Boca con 39. En el tercer escal\u00f3n se ubican Racing y Hurac\u00e1n con 37 puntos y Gimnasia cierra el lote de candidatos con 36 puntos. River que perdi\u00f3 ante Talleres qued\u00f3 rezagado con 32 puntos.<\/p>\n\n\n\n<p>En la fecha 22 GELP visitar\u00e1 a Barracas, Rosario har\u00e1 lo propio con Racing en el \u00abCilindro\u00bb, Hurac\u00e1n reeditar\u00e1 el cl\u00e1sico de barrio en el \u00abNuevo Gas\u00f3metro\u00bb, Boca recibir\u00e1 a V\u00e9lez en la \u00abBombonera\u00bb y Atl\u00e9tico Tucum\u00e1n viajar\u00e1 a Paran\u00e1 para medirse con el \u00abPatr\u00f3n\u00bb entrerriano.<\/p>\n\n\n\n<figure class=\"wp-block-image size-large\"><a href=\"http:\/\/labestiadeportiva.com\/lbd\/wp-content\/uploads\/2022\/09\/Screenshot_20220926-2336522.png\"><img loading=\"lazy\" width=\"525\" height=\"1024\" src=\"http:\/\/labestiadeportiva.com\/lbd\/wp-content\/uploads\/2022\/09\/Screenshot_20220926-2336522-525x1024.png\" alt=\"\" class=\"wp-image-43122\" srcset=\"http:\/\/labestiadeportiva.com\/lbd\/wp-content\/uploads\/2022\/09\/Screenshot_20220926-2336522-525x1024.png 525w, http:\/\/labestiadeportiva.com\/lbd\/wp-content\/uploads\/2022\/09\/Screenshot_20220926-2336522-154x300.png 154w, http:\/\/labestiadeportiva.com\/lbd\/wp-content\/uploads\/2022\/09\/Screenshot_20220926-2336522-640x1249.png 640w, http:\/\/labestiadeportiva.com\/lbd\/wp-content\/uploads\/2022\/09\/Screenshot_20220926-2336522.png 653w\" sizes=\"(max-width: 525px) 100vw, 525px\" \/><\/a><\/figure>\n\n\n\n<figure class=\"wp-block-image size-large\"><a href=\"http:\/\/labestiadeportiva.com\/lbd\/wp-content\/uploads\/2022\/09\/Screenshot_20220926-2337042.png\"><img loading=\"lazy\" width=\"610\" height=\"1024\" src=\"http:\/\/labestiadeportiva.com\/lbd\/wp-content\/uploads\/2022\/09\/Screenshot_20220926-2337042-610x1024.png\" alt=\"\" class=\"wp-image-43133\" srcset=\"http:\/\/labestiadeportiva.com\/lbd\/wp-content\/uploads\/2022\/09\/Screenshot_20220926-2337042-610x1024.png 610w, http:\/\/labestiadeportiva.com\/lbd\/wp-content\/uploads\/2022\/09\/Screenshot_20220926-2337042-179x300.png 179w, http:\/\/labestiadeportiva.com\/lbd\/wp-content\/uploads\/2022\/09\/Screenshot_20220926-2337042-640x1074.png 640w, http:\/\/labestiadeportiva.com\/lbd\/wp-content\/uploads\/2022\/09\/Screenshot_20220926-2337042.png 655w\" sizes=\"(max-width: 610px) 100vw, 610px\" \/><\/a><\/figure>\n<div class='epvc-post-count'><span class='epvc-eye'><\/span>  <span class=\"epvc-count\"> 1.248<\/span><span class='epvc-label'> veces le\u00edda<\/span><\/div>\n<div class=\"jwsharethis\">\nShare this: \n<br \/>\n<a href=\"mailto:?subject=%C2%ABDecano%C2%BB%20en%20soledad&amp;body=http%3A%2F%2Flabestiadeportiva.com%2Flbd%2Fdecano-en-soledad%2F\">\n<img src=\"http:\/\/labestiadeportiva.com\/lbd\/wp-content\/plugins\/jw-share-this\/email.png\" alt=\"Share this page via Email\" \/>\n<\/a>\n<a target=\"_blank\" href=\"http:\/\/www.stumbleupon.com\/submit?url=http%3A%2F%2Flabestiadeportiva.com%2Flbd%2Fdecano-en-soledad%2F&amp;title=%C2%ABDecano%C2%BB+en+soledad\">\n<img src=\"http:\/\/labestiadeportiva.com\/lbd\/wp-content\/plugins\/jw-share-this\/su.png\" alt=\"Share this page via Stumble Upon\" \/>\n<\/a>\n<a target=\"_blank\" href=\"http:\/\/digg.com\/submit?url=http%3A%2F%2Flabestiadeportiva.com%2Flbd%2Fdecano-en-soledad%2F&amp;title=%C2%ABDecano%C2%BB+en+soledad\">\n<img src=\"http:\/\/labestiadeportiva.com\/lbd\/wp-content\/plugins\/jw-share-this\/digg.png\" alt=\"Share this page via Digg this\" \/>\n<\/a>\n<a target=\"_blank\" href=\"http:\/\/www.facebook.com\/sharer.php?u=http%3A%2F%2Flabestiadeportiva.com%2Flbd%2Fdecano-en-soledad%2F&amp;t=%C2%ABDecano%C2%BB+en+soledad\">\n<img src=\"http:\/\/labestiadeportiva.com\/lbd\/wp-content\/plugins\/jw-share-this\/fb.png\" alt=\"Share this page via Facebook\" \/>\n<\/a>\n<a target=\"_blank\" href=\"http:\/\/twitter.com\/intent\/tweet?text=I+like+http%3A%2F%2Flabestiadeportiva.com%2Flbd%2Fdecano-en-soledad%2F&amp;title=%C2%ABDecano%C2%BB+en+soledad\">\n<img src=\"http:\/\/labestiadeportiva.com\/lbd\/wp-content\/plugins\/jw-share-this\/twitter.png\" alt=\"Share this page via Twitter\" \/>\n<\/a>\n<\/div>\n","protected":false},"excerpt":{"rendered":"<p>Por Javier Nicol\u00e1s Baroli (Corresponsal LBD en R\u00edo Gallegos) Atl\u00e9tico Tucum\u00e1n es el \u00fanico l\u00edder de la Liga Profesional. Boca, el escolta estelar y la \u00abAcademia\u00bb y el \u00abGlobo\u00bb comparten el tercer escal\u00f3n. Apasionante certamen y lo viv\u00eds en LBD. 1.248 veces le\u00edda Share this:<\/p>\n","protected":false},"author":1,"featured_media":0,"comment_status":"open","ping_status":"open","sticky":false,"template":"","format":"standard","meta":[],"categories":[6,1987,4817,1],"tags":[3009,17,3894,83],"_links":{"self":[{"href":"http:\/\/labestiadeportiva.com\/lbd\/wp-json\/wp\/v2\/posts\/43105"}],"collection":[{"href":"http:\/\/labestiadeportiva.com\/lbd\/wp-json\/wp\/v2\/posts"}],"about":[{"href":"http:\/\/labestiadeportiva.com\/lbd\/wp-json\/wp\/v2\/types\/post"}],"author":[{"embeddable":true,"href":"http:\/\/labestiadeportiva.com\/lbd\/wp-json\/wp\/v2\/users\/1"}],"replies":[{"embeddable":true,"href":"http:\/\/labestiadeportiva.com\/lbd\/wp-json\/wp\/v2\/comments?post=43105"}],"version-history":[{"count":2,"href":"http:\/\/labestiadeportiva.com\/lbd\/wp-json\/wp\/v2\/posts\/43105\/revisions"}],"predecessor-version":[{"id":43134,"href":"http:\/\/labestiadeportiva.com\/lbd\/wp-json\/wp\/v2\/posts\/43105\/revisions\/43134"}],"wp:attachment":[{"href":"http:\/\/labestiadeportiva.com\/lbd\/wp-json\/wp\/v2\/media?parent=43105"}],"wp:term":[{"taxonomy":"category","embeddable":true,"href":"http:\/\/labestiadeportiva.com\/lbd\/wp-json\/wp\/v2\/categories?post=43105"},{"taxonomy":"post_tag","embeddable":true,"href":"http:\/\/labestiadeportiva.com\/lbd\/wp-json\/wp\/v2\/tags?post=43105"}],"curies":[{"name":"wp","href":"https:\/\/api.w.org\/{rel}","templated":true}]}}