{"id":43837,"date":"2022-11-17T19:12:36","date_gmt":"2022-11-17T22:12:36","guid":{"rendered":"http:\/\/labestiadeportiva.com\/lbd\/?p=43837"},"modified":"2022-11-17T19:12:39","modified_gmt":"2022-11-17T22:12:39","slug":"afuera-nico-gonzalez-y-joaquin-correa-adentro-angel-correa-y-el-26","status":"publish","type":"post","link":"http:\/\/labestiadeportiva.com\/lbd\/afuera-nico-gonzalez-y-joaquin-correa-adentro-angel-correa-y-el-26\/","title":{"rendered":"Afuera \u00abNico\u00bb Gonz\u00e1lez y Joaqu\u00edn Correa, adentro \u00c1ngel Correa&#8230;y el 26?"},"content":{"rendered":"\n<figure class=\"wp-block-image size-full\"><a href=\"http:\/\/labestiadeportiva.com\/lbd\/wp-content\/uploads\/2022\/11\/Twit-joaquin-correa.jpg\"><img loading=\"lazy\" width=\"439\" height=\"482\" src=\"http:\/\/labestiadeportiva.com\/lbd\/wp-content\/uploads\/2022\/11\/Twit-joaquin-correa.jpg\" alt=\"\" class=\"wp-image-43838\" srcset=\"http:\/\/labestiadeportiva.com\/lbd\/wp-content\/uploads\/2022\/11\/Twit-joaquin-correa.jpg 439w, http:\/\/labestiadeportiva.com\/lbd\/wp-content\/uploads\/2022\/11\/Twit-joaquin-correa-273x300.jpg 273w\" sizes=\"(max-width: 439px) 100vw, 439px\" \/><\/a><\/figure>\n\n\n\n<p><br><\/p>\n\n\n\n<figure class=\"wp-block-image size-full is-resized\"><a href=\"http:\/\/labestiadeportiva.com\/lbd\/wp-content\/uploads\/2022\/11\/CARA_AGUIRRE-1.jpg\"><img loading=\"lazy\" src=\"http:\/\/labestiadeportiva.com\/lbd\/wp-content\/uploads\/2022\/11\/CARA_AGUIRRE-1.jpg\" alt=\"\" class=\"wp-image-43573\" width=\"342\" height=\"70\" srcset=\"http:\/\/labestiadeportiva.com\/lbd\/wp-content\/uploads\/2022\/11\/CARA_AGUIRRE-1.jpg 600w, http:\/\/labestiadeportiva.com\/lbd\/wp-content\/uploads\/2022\/11\/CARA_AGUIRRE-1-300x62.jpg 300w\" sizes=\"(max-width: 342px) 100vw, 342px\" \/><\/a><\/figure>\n\n\n\n<p>Scaloni ten\u00eda raz\u00f3n ayer en sus dichos al declarar que ten\u00eda que esperar la evoluci\u00f3n de varios jugadores para definir cambios o no en la lista definitiva. Finalmente Nicol\u00e1s Gonz\u00e1lez y Joaqu\u00edn Correa fueron desafectados.<\/p>\n\n\n\n<!--more-->\n\n\n\n<p>Seg\u00fan informaron desde la cuenta de twitter de la Selecci\u00f3n Argentina (@Argentina) Ingresa  \u00c1ngel Correa el jugador del \u201cAleti\u201d de Madrid, uno que seg\u00fan distintos medios y periodistas era el jugador 27  por las dudas que alguien de mitad de cancha para adelante no est\u00e9 en condiciones de jugar.<br><\/p>\n\n\n\n<p>Gonz\u00e1lez hab\u00eda sufrido una lesi\u00f3n con la Fiorentina jugando el 22 de octubre ante Inter, dur\u00f3 tan solo 8 minutos en cancha y no volvi\u00f3 a jugar.<\/p>\n\n\n\n<p> Cuando empezaron a intensificarle las cargas el jugador respondi\u00f3 de buena manera, es m\u00e1s termin\u00f3 la<br>practica con normalidad, pero en el vestuario cont\u00f3 que sinti\u00f3 una molestia. <\/p>\n\n\n\n<p>Cuando sucedi\u00f3 esto, le hicieron estudios y constataron que hab\u00eda sufrido una lesion muscular, que lo deja afuera de la Copa del Mundo.<br><\/p>\n\n\n\n<p>Pero hubo una noticia m\u00e1s, que se acaba de confirmar tambi\u00e9n por la cuenta oficial de Twitter de la Selecci\u00f3n, Joaqu\u00edn Correa que ten\u00eda una molestia en la rodilla<br>tambi\u00e9n se pierde el mundial, su remplazante seg\u00fan el twit si confirmara en las pr\u00f3ximas horas. <\/p>\n\n\n\n<p>El periodista Gast\u00f3n Edul expres\u00f3 que los candidatos para remplazar a Joaqu\u00edn Correa saldr\u00e1 de Gio Simeone, Thiago Almada o Alejandro Garnacho.<\/p>\n\n\n\n<figure class=\"wp-block-image size-full\"><a href=\"http:\/\/labestiadeportiva.com\/lbd\/wp-content\/uploads\/2022\/11\/Twit-angel-correa.jpg\"><img loading=\"lazy\" width=\"443\" height=\"534\" src=\"http:\/\/labestiadeportiva.com\/lbd\/wp-content\/uploads\/2022\/11\/Twit-angel-correa.jpg\" alt=\"\" class=\"wp-image-43840\" srcset=\"http:\/\/labestiadeportiva.com\/lbd\/wp-content\/uploads\/2022\/11\/Twit-angel-correa.jpg 443w, http:\/\/labestiadeportiva.com\/lbd\/wp-content\/uploads\/2022\/11\/Twit-angel-correa-249x300.jpg 249w\" sizes=\"(max-width: 443px) 100vw, 443px\" \/><\/a><\/figure>\n<div class='epvc-post-count'><span class='epvc-eye'><\/span>  <span class=\"epvc-count\"> 1.365<\/span><span class='epvc-label'> veces le\u00edda<\/span><\/div>\n<div class=\"jwsharethis\">\nShare this: \n<br \/>\n<a href=\"mailto:?subject=Afuera%20%C2%ABNico%C2%BB%20Gonz%C3%A1lez%20y%20Joaqu%C3%ADn%20Correa%2C%20adentro%20%C3%81ngel%20Correa%26%238230%3By%20el%2026%3F&amp;body=http%3A%2F%2Flabestiadeportiva.com%2Flbd%2Fafuera-nico-gonzalez-y-joaquin-correa-adentro-angel-correa-y-el-26%2F\">\n<img src=\"http:\/\/labestiadeportiva.com\/lbd\/wp-content\/plugins\/jw-share-this\/email.png\" alt=\"Share this page via Email\" \/>\n<\/a>\n<a target=\"_blank\" href=\"http:\/\/www.stumbleupon.com\/submit?url=http%3A%2F%2Flabestiadeportiva.com%2Flbd%2Fafuera-nico-gonzalez-y-joaquin-correa-adentro-angel-correa-y-el-26%2F&amp;title=Afuera+%C2%ABNico%C2%BB+Gonz%C3%A1lez+y+Joaqu%C3%ADn+Correa%2C+adentro+%C3%81ngel+Correa%26%238230%3By+el+26%3F\">\n<img src=\"http:\/\/labestiadeportiva.com\/lbd\/wp-content\/plugins\/jw-share-this\/su.png\" alt=\"Share this page via Stumble Upon\" \/>\n<\/a>\n<a target=\"_blank\" href=\"http:\/\/digg.com\/submit?url=http%3A%2F%2Flabestiadeportiva.com%2Flbd%2Fafuera-nico-gonzalez-y-joaquin-correa-adentro-angel-correa-y-el-26%2F&amp;title=Afuera+%C2%ABNico%C2%BB+Gonz%C3%A1lez+y+Joaqu%C3%ADn+Correa%2C+adentro+%C3%81ngel+Correa%26%238230%3By+el+26%3F\">\n<img src=\"http:\/\/labestiadeportiva.com\/lbd\/wp-content\/plugins\/jw-share-this\/digg.png\" alt=\"Share this page via Digg this\" \/>\n<\/a>\n<a target=\"_blank\" href=\"http:\/\/www.facebook.com\/sharer.php?u=http%3A%2F%2Flabestiadeportiva.com%2Flbd%2Fafuera-nico-gonzalez-y-joaquin-correa-adentro-angel-correa-y-el-26%2F&amp;t=Afuera+%C2%ABNico%C2%BB+Gonz%C3%A1lez+y+Joaqu%C3%ADn+Correa%2C+adentro+%C3%81ngel+Correa%26%238230%3By+el+26%3F\">\n<img src=\"http:\/\/labestiadeportiva.com\/lbd\/wp-content\/plugins\/jw-share-this\/fb.png\" alt=\"Share this page via Facebook\" \/>\n<\/a>\n<a target=\"_blank\" href=\"http:\/\/twitter.com\/intent\/tweet?text=I+like+http%3A%2F%2Flabestiadeportiva.com%2Flbd%2Fafuera-nico-gonzalez-y-joaquin-correa-adentro-angel-correa-y-el-26%2F&amp;title=Afuera+%C2%ABNico%C2%BB+Gonz%C3%A1lez+y+Joaqu%C3%ADn+Correa%2C+adentro+%C3%81ngel+Correa%26%238230%3By+el+26%3F\">\n<img src=\"http:\/\/labestiadeportiva.com\/lbd\/wp-content\/plugins\/jw-share-this\/twitter.png\" alt=\"Share this page via Twitter\" \/>\n<\/a>\n<\/div>\n","protected":false},"excerpt":{"rendered":"<p>Scaloni ten\u00eda raz\u00f3n ayer en sus dichos al declarar que ten\u00eda que esperar la evoluci\u00f3n de varios jugadores para definir cambios o no en la lista definitiva. Finalmente Nicol\u00e1s Gonz\u00e1lez y Joaqu\u00edn Correa fueron desafectados. 1.365 veces le\u00edda Share this:<\/p>\n","protected":false},"author":1,"featured_media":0,"comment_status":"open","ping_status":"open","sticky":false,"template":"","format":"standard","meta":[],"categories":[4,14,1,3946],"tags":[4928,4830,83,4515],"_links":{"self":[{"href":"http:\/\/labestiadeportiva.com\/lbd\/wp-json\/wp\/v2\/posts\/43837"}],"collection":[{"href":"http:\/\/labestiadeportiva.com\/lbd\/wp-json\/wp\/v2\/posts"}],"about":[{"href":"http:\/\/labestiadeportiva.com\/lbd\/wp-json\/wp\/v2\/types\/post"}],"author":[{"embeddable":true,"href":"http:\/\/labestiadeportiva.com\/lbd\/wp-json\/wp\/v2\/users\/1"}],"replies":[{"embeddable":true,"href":"http:\/\/labestiadeportiva.com\/lbd\/wp-json\/wp\/v2\/comments?post=43837"}],"version-history":[{"count":1,"href":"http:\/\/labestiadeportiva.com\/lbd\/wp-json\/wp\/v2\/posts\/43837\/revisions"}],"predecessor-version":[{"id":43841,"href":"http:\/\/labestiadeportiva.com\/lbd\/wp-json\/wp\/v2\/posts\/43837\/revisions\/43841"}],"wp:attachment":[{"href":"http:\/\/labestiadeportiva.com\/lbd\/wp-json\/wp\/v2\/media?parent=43837"}],"wp:term":[{"taxonomy":"category","embeddable":true,"href":"http:\/\/labestiadeportiva.com\/lbd\/wp-json\/wp\/v2\/categories?post=43837"},{"taxonomy":"post_tag","embeddable":true,"href":"http:\/\/labestiadeportiva.com\/lbd\/wp-json\/wp\/v2\/tags?post=43837"}],"curies":[{"name":"wp","href":"https:\/\/api.w.org\/{rel}","templated":true}]}}