{"id":43965,"date":"2022-11-25T20:06:16","date_gmt":"2022-11-25T23:06:16","guid":{"rendered":"http:\/\/labestiadeportiva.com\/lbd\/?p=43965"},"modified":"2022-11-25T20:08:23","modified_gmt":"2022-11-25T23:08:23","slug":"camioneros-da-pelea-en-mendoza-audio","status":"publish","type":"post","link":"http:\/\/labestiadeportiva.com\/lbd\/camioneros-da-pelea-en-mendoza-audio\/","title":{"rendered":"Camioneros da pelea en Mendoza (Audio)"},"content":{"rendered":"\n<figure class=\"wp-block-image size-large\"><a href=\"http:\/\/labestiadeportiva.com\/lbd\/wp-content\/uploads\/2022\/11\/IMG-20221125-WA00283.jpg\"><img loading=\"lazy\" width=\"1024\" height=\"633\" src=\"http:\/\/labestiadeportiva.com\/lbd\/wp-content\/uploads\/2022\/11\/IMG-20221125-WA00283-1024x633.jpg\" alt=\"\" class=\"wp-image-43975\" srcset=\"http:\/\/labestiadeportiva.com\/lbd\/wp-content\/uploads\/2022\/11\/IMG-20221125-WA00283-1024x633.jpg 1024w, http:\/\/labestiadeportiva.com\/lbd\/wp-content\/uploads\/2022\/11\/IMG-20221125-WA00283-300x186.jpg 300w, http:\/\/labestiadeportiva.com\/lbd\/wp-content\/uploads\/2022\/11\/IMG-20221125-WA00283-768x475.jpg 768w, http:\/\/labestiadeportiva.com\/lbd\/wp-content\/uploads\/2022\/11\/IMG-20221125-WA00283-640x396.jpg 640w, http:\/\/labestiadeportiva.com\/lbd\/wp-content\/uploads\/2022\/11\/IMG-20221125-WA00283.jpg 1164w\" sizes=\"(max-width: 1024px) 100vw, 1024px\" \/><\/a><\/figure>\n\n\n\n<figure class=\"wp-block-image size-full is-resized\"><a href=\"http:\/\/labestiadeportiva.com\/lbd\/wp-content\/uploads\/2022\/11\/CARA_PEREZ-2.jpg\"><img loading=\"lazy\" src=\"http:\/\/labestiadeportiva.com\/lbd\/wp-content\/uploads\/2022\/11\/CARA_PEREZ-2.jpg\" alt=\"\" class=\"wp-image-43576\" width=\"314\" height=\"64\" srcset=\"http:\/\/labestiadeportiva.com\/lbd\/wp-content\/uploads\/2022\/11\/CARA_PEREZ-2.jpg 600w, http:\/\/labestiadeportiva.com\/lbd\/wp-content\/uploads\/2022\/11\/CARA_PEREZ-2-300x62.jpg 300w\" sizes=\"(max-width: 314px) 100vw, 314px\" \/><\/a><\/figure>\n\n\n\n<p>Luego de un interminable viaje v\u00eda terrestre, con rotura mec\u00e1nica incluida, el plantel salonero de Camioneros Ushuaia ya juega la Copa Argentina en tierra cuyana. Debut con ca\u00edda ante Banda Norte de C\u00f3rdoba por 6 a 4 para luego recuperarse ante uno de los locales Juventus venci\u00e9ndolo por 10 a 7.<\/p>\n\n\n\n<p>Desde LBD fuimos en busca de la palabra de su entrenador Facundo Moreno. Compartimos la entrevista lograda este viernes en la 94.1 FM del Sur.<\/p>\n\n\n\n<!--more-->\n\n\n\n<figure class=\"wp-block-embed is-type-video is-provider-youtube wp-block-embed-youtube wp-embed-aspect-4-3 wp-has-aspect-ratio\"><div class=\"wp-block-embed__wrapper\">\n<iframe loading=\"lazy\" title=\"Audio Facundo Moreno\" width=\"474\" height=\"356\" src=\"https:\/\/www.youtube.com\/embed\/rQus6jnTU3s?feature=oembed\" frameborder=\"0\" allow=\"accelerometer; autoplay; clipboard-write; encrypted-media; gyroscope; picture-in-picture\" allowfullscreen><\/iframe>\n<\/div><\/figure>\n<div class='epvc-post-count'><span class='epvc-eye'><\/span>  <span class=\"epvc-count\"> 1.224<\/span><span class='epvc-label'> veces le\u00edda<\/span><\/div>\n<div class=\"jwsharethis\">\nShare this: \n<br \/>\n<a href=\"mailto:?subject=Camioneros%20da%20pelea%20en%20Mendoza%20%28Audio%29&amp;body=http%3A%2F%2Flabestiadeportiva.com%2Flbd%2Fcamioneros-da-pelea-en-mendoza-audio%2F\">\n<img src=\"http:\/\/labestiadeportiva.com\/lbd\/wp-content\/plugins\/jw-share-this\/email.png\" alt=\"Share this page via Email\" \/>\n<\/a>\n<a target=\"_blank\" href=\"http:\/\/www.stumbleupon.com\/submit?url=http%3A%2F%2Flabestiadeportiva.com%2Flbd%2Fcamioneros-da-pelea-en-mendoza-audio%2F&amp;title=Camioneros+da+pelea+en+Mendoza+%28Audio%29\">\n<img src=\"http:\/\/labestiadeportiva.com\/lbd\/wp-content\/plugins\/jw-share-this\/su.png\" alt=\"Share this page via Stumble Upon\" \/>\n<\/a>\n<a target=\"_blank\" href=\"http:\/\/digg.com\/submit?url=http%3A%2F%2Flabestiadeportiva.com%2Flbd%2Fcamioneros-da-pelea-en-mendoza-audio%2F&amp;title=Camioneros+da+pelea+en+Mendoza+%28Audio%29\">\n<img src=\"http:\/\/labestiadeportiva.com\/lbd\/wp-content\/plugins\/jw-share-this\/digg.png\" alt=\"Share this page via Digg this\" \/>\n<\/a>\n<a target=\"_blank\" href=\"http:\/\/www.facebook.com\/sharer.php?u=http%3A%2F%2Flabestiadeportiva.com%2Flbd%2Fcamioneros-da-pelea-en-mendoza-audio%2F&amp;t=Camioneros+da+pelea+en+Mendoza+%28Audio%29\">\n<img src=\"http:\/\/labestiadeportiva.com\/lbd\/wp-content\/plugins\/jw-share-this\/fb.png\" alt=\"Share this page via Facebook\" \/>\n<\/a>\n<a target=\"_blank\" href=\"http:\/\/twitter.com\/intent\/tweet?text=I+like+http%3A%2F%2Flabestiadeportiva.com%2Flbd%2Fcamioneros-da-pelea-en-mendoza-audio%2F&amp;title=Camioneros+da+pelea+en+Mendoza+%28Audio%29\">\n<img src=\"http:\/\/labestiadeportiva.com\/lbd\/wp-content\/plugins\/jw-share-this\/twitter.png\" alt=\"Share this page via Twitter\" \/>\n<\/a>\n<\/div>\n","protected":false},"excerpt":{"rendered":"<p>Luego de un interminable viaje v\u00eda terrestre, con rotura mec\u00e1nica incluida, el plantel salonero de Camioneros Ushuaia ya juega la Copa Argentina en tierra cuyana. Debut con ca\u00edda ante Banda Norte de C\u00f3rdoba por 6 a 4 para luego recuperarse ante uno de los locales Juventus venci\u00e9ndolo por 10 a 7. Desde LBD fuimos en &hellip; <a href=\"http:\/\/labestiadeportiva.com\/lbd\/camioneros-da-pelea-en-mendoza-audio\/\" class=\"more-link\">Seguir leyendo <span class=\"screen-reader-text\">Camioneros da pelea en Mendoza (Audio)<\/span> <span class=\"meta-nav\">&rarr;<\/span><\/a><\/p>\n","protected":false},"author":1,"featured_media":0,"comment_status":"open","ping_status":"open","sticky":false,"template":"","format":"standard","meta":[],"categories":[5,6,60,2343,1],"tags":[387,4838,4865,30,4931],"_links":{"self":[{"href":"http:\/\/labestiadeportiva.com\/lbd\/wp-json\/wp\/v2\/posts\/43965"}],"collection":[{"href":"http:\/\/labestiadeportiva.com\/lbd\/wp-json\/wp\/v2\/posts"}],"about":[{"href":"http:\/\/labestiadeportiva.com\/lbd\/wp-json\/wp\/v2\/types\/post"}],"author":[{"embeddable":true,"href":"http:\/\/labestiadeportiva.com\/lbd\/wp-json\/wp\/v2\/users\/1"}],"replies":[{"embeddable":true,"href":"http:\/\/labestiadeportiva.com\/lbd\/wp-json\/wp\/v2\/comments?post=43965"}],"version-history":[{"count":2,"href":"http:\/\/labestiadeportiva.com\/lbd\/wp-json\/wp\/v2\/posts\/43965\/revisions"}],"predecessor-version":[{"id":43977,"href":"http:\/\/labestiadeportiva.com\/lbd\/wp-json\/wp\/v2\/posts\/43965\/revisions\/43977"}],"wp:attachment":[{"href":"http:\/\/labestiadeportiva.com\/lbd\/wp-json\/wp\/v2\/media?parent=43965"}],"wp:term":[{"taxonomy":"category","embeddable":true,"href":"http:\/\/labestiadeportiva.com\/lbd\/wp-json\/wp\/v2\/categories?post=43965"},{"taxonomy":"post_tag","embeddable":true,"href":"http:\/\/labestiadeportiva.com\/lbd\/wp-json\/wp\/v2\/tags?post=43965"}],"curies":[{"name":"wp","href":"https:\/\/api.w.org\/{rel}","templated":true}]}}