{"id":44155,"date":"2022-12-07T18:49:00","date_gmt":"2022-12-07T21:49:00","guid":{"rendered":"http:\/\/labestiadeportiva.com\/lbd\/?p=44155"},"modified":"2022-12-07T18:49:02","modified_gmt":"2022-12-07T21:49:02","slug":"se-vienen-las-colonias-de-verano-del-imd","status":"publish","type":"post","link":"http:\/\/labestiadeportiva.com\/lbd\/se-vienen-las-colonias-de-verano-del-imd\/","title":{"rendered":"Se vienen las Colonias de Verano del IMD"},"content":{"rendered":"\n<figure class=\"wp-block-image size-full\"><a href=\"http:\/\/labestiadeportiva.com\/lbd\/wp-content\/uploads\/2022\/12\/IMG-20221206-WA0093.jpg\"><img loading=\"lazy\" width=\"819\" height=\"1024\" src=\"http:\/\/labestiadeportiva.com\/lbd\/wp-content\/uploads\/2022\/12\/IMG-20221206-WA0093.jpg\" alt=\"\" class=\"wp-image-44156\" srcset=\"http:\/\/labestiadeportiva.com\/lbd\/wp-content\/uploads\/2022\/12\/IMG-20221206-WA0093.jpg 819w, http:\/\/labestiadeportiva.com\/lbd\/wp-content\/uploads\/2022\/12\/IMG-20221206-WA0093-240x300.jpg 240w, http:\/\/labestiadeportiva.com\/lbd\/wp-content\/uploads\/2022\/12\/IMG-20221206-WA0093-768x960.jpg 768w, http:\/\/labestiadeportiva.com\/lbd\/wp-content\/uploads\/2022\/12\/IMG-20221206-WA0093-640x800.jpg 640w\" sizes=\"(max-width: 819px) 100vw, 819px\" \/><\/a><\/figure>\n\n\n\n<figure class=\"wp-block-image size-full is-resized\"><a href=\"http:\/\/labestiadeportiva.com\/lbd\/wp-content\/uploads\/2022\/11\/CARA_PEREZ-2.jpg\"><img loading=\"lazy\" src=\"http:\/\/labestiadeportiva.com\/lbd\/wp-content\/uploads\/2022\/11\/CARA_PEREZ-2.jpg\" alt=\"\" class=\"wp-image-43576\" width=\"295\" height=\"60\" srcset=\"http:\/\/labestiadeportiva.com\/lbd\/wp-content\/uploads\/2022\/11\/CARA_PEREZ-2.jpg 600w, http:\/\/labestiadeportiva.com\/lbd\/wp-content\/uploads\/2022\/11\/CARA_PEREZ-2-300x62.jpg 300w\" sizes=\"(max-width: 295px) 100vw, 295px\" \/><\/a><\/figure>\n\n\n\n<p>Como durante los \u00falimos veranos el Instituto Municipal de Deportes realizar\u00e1 su tradicional actividad veraniega. Desde LBD los detalles de inscripciones, grupos y comienzo de la Colonia.<\/p>\n\n\n\n<!--more-->\n\n\n\n<p>En cuanto a las inscripciones para el primer contingente (Desde el lunes 16 al viernes 27 de enero) ser\u00e1 el lunes 12 y martes 13 de diciembre a trav\u00e9s de la Ventanilla Digital de la \u00abMuni\u00bb ingresando en la pesta\u00f1a de Deportes desde las 10 de la ma\u00f1ana <\/p>\n\n\n\n<p>En cuanto al segundo contingente ( Desde el lunes 30 de enero al viernes 10 de febrero) la fecha de inscripci\u00f3n ser\u00e1 el mi\u00e9rcoles 14 y jueves 15 de diciembre, siempre por Ventanilla Digital a las 10 horas.<\/p>\n\n\n\n<p>Cabe aclarar que solo se podr\u00e1 optar por un contingente.   Finalmente tambi\u00e9n abr\u00e1 inscripci\u00f3n presencial el viernes 16 de diciembre desde las 10 en el Sector Informes del Polideportivo Municipal \u00abAugusto Lasserre\u00bb donde el adulto responsable que efect\u00fae el tr\u00e1mite deber\u00e1 llevar su DNI. <\/p>\n\n\n\n<p><\/p>\n<div class='epvc-post-count'><span class='epvc-eye'><\/span>  <span class=\"epvc-count\"> 1.202<\/span><span class='epvc-label'> veces le\u00edda<\/span><\/div>\n<div class=\"jwsharethis\">\nShare this: \n<br \/>\n<a href=\"mailto:?subject=Se%20vienen%20las%20Colonias%20de%20Verano%20del%20IMD&amp;body=http%3A%2F%2Flabestiadeportiva.com%2Flbd%2Fse-vienen-las-colonias-de-verano-del-imd%2F\">\n<img src=\"http:\/\/labestiadeportiva.com\/lbd\/wp-content\/plugins\/jw-share-this\/email.png\" alt=\"Share this page via Email\" \/>\n<\/a>\n<a target=\"_blank\" href=\"http:\/\/www.stumbleupon.com\/submit?url=http%3A%2F%2Flabestiadeportiva.com%2Flbd%2Fse-vienen-las-colonias-de-verano-del-imd%2F&amp;title=Se+vienen+las+Colonias+de+Verano+del+IMD\">\n<img src=\"http:\/\/labestiadeportiva.com\/lbd\/wp-content\/plugins\/jw-share-this\/su.png\" alt=\"Share this page via Stumble Upon\" \/>\n<\/a>\n<a target=\"_blank\" href=\"http:\/\/digg.com\/submit?url=http%3A%2F%2Flabestiadeportiva.com%2Flbd%2Fse-vienen-las-colonias-de-verano-del-imd%2F&amp;title=Se+vienen+las+Colonias+de+Verano+del+IMD\">\n<img src=\"http:\/\/labestiadeportiva.com\/lbd\/wp-content\/plugins\/jw-share-this\/digg.png\" alt=\"Share this page via Digg this\" \/>\n<\/a>\n<a target=\"_blank\" href=\"http:\/\/www.facebook.com\/sharer.php?u=http%3A%2F%2Flabestiadeportiva.com%2Flbd%2Fse-vienen-las-colonias-de-verano-del-imd%2F&amp;t=Se+vienen+las+Colonias+de+Verano+del+IMD\">\n<img src=\"http:\/\/labestiadeportiva.com\/lbd\/wp-content\/plugins\/jw-share-this\/fb.png\" alt=\"Share this page via Facebook\" \/>\n<\/a>\n<a target=\"_blank\" href=\"http:\/\/twitter.com\/intent\/tweet?text=I+like+http%3A%2F%2Flabestiadeportiva.com%2Flbd%2Fse-vienen-las-colonias-de-verano-del-imd%2F&amp;title=Se+vienen+las+Colonias+de+Verano+del+IMD\">\n<img src=\"http:\/\/labestiadeportiva.com\/lbd\/wp-content\/plugins\/jw-share-this\/twitter.png\" alt=\"Share this page via Twitter\" \/>\n<\/a>\n<\/div>\n","protected":false},"excerpt":{"rendered":"<p>Como durante los \u00falimos veranos el Instituto Municipal de Deportes realizar\u00e1 su tradicional actividad veraniega. Desde LBD los detalles de inscripciones, grupos y comienzo de la Colonia. 1.202 veces le\u00edda Share this:<\/p>\n","protected":false},"author":1,"featured_media":0,"comment_status":"open","ping_status":"open","sticky":false,"template":"","format":"standard","meta":[],"categories":[4690,5,2651,1],"tags":[4945,3834,83],"_links":{"self":[{"href":"http:\/\/labestiadeportiva.com\/lbd\/wp-json\/wp\/v2\/posts\/44155"}],"collection":[{"href":"http:\/\/labestiadeportiva.com\/lbd\/wp-json\/wp\/v2\/posts"}],"about":[{"href":"http:\/\/labestiadeportiva.com\/lbd\/wp-json\/wp\/v2\/types\/post"}],"author":[{"embeddable":true,"href":"http:\/\/labestiadeportiva.com\/lbd\/wp-json\/wp\/v2\/users\/1"}],"replies":[{"embeddable":true,"href":"http:\/\/labestiadeportiva.com\/lbd\/wp-json\/wp\/v2\/comments?post=44155"}],"version-history":[{"count":1,"href":"http:\/\/labestiadeportiva.com\/lbd\/wp-json\/wp\/v2\/posts\/44155\/revisions"}],"predecessor-version":[{"id":44157,"href":"http:\/\/labestiadeportiva.com\/lbd\/wp-json\/wp\/v2\/posts\/44155\/revisions\/44157"}],"wp:attachment":[{"href":"http:\/\/labestiadeportiva.com\/lbd\/wp-json\/wp\/v2\/media?parent=44155"}],"wp:term":[{"taxonomy":"category","embeddable":true,"href":"http:\/\/labestiadeportiva.com\/lbd\/wp-json\/wp\/v2\/categories?post=44155"},{"taxonomy":"post_tag","embeddable":true,"href":"http:\/\/labestiadeportiva.com\/lbd\/wp-json\/wp\/v2\/tags?post=44155"}],"curies":[{"name":"wp","href":"https:\/\/api.w.org\/{rel}","templated":true}]}}