{"id":44441,"date":"2023-01-04T14:58:35","date_gmt":"2023-01-04T17:58:35","guid":{"rendered":"http:\/\/labestiadeportiva.com\/lbd\/?p=44441"},"modified":"2023-01-04T14:58:37","modified_gmt":"2023-01-04T17:58:37","slug":"loeb-a-lo-suyo-ganar","status":"publish","type":"post","link":"http:\/\/labestiadeportiva.com\/lbd\/loeb-a-lo-suyo-ganar\/","title":{"rendered":"Loeb a lo suyo&#8230;ganar"},"content":{"rendered":"\n<figure class=\"wp-block-image size-full\"><a href=\"http:\/\/labestiadeportiva.com\/lbd\/wp-content\/uploads\/2023\/01\/Screenshot_20230104-1450432.png\"><img loading=\"lazy\" width=\"720\" height=\"349\" src=\"http:\/\/labestiadeportiva.com\/lbd\/wp-content\/uploads\/2023\/01\/Screenshot_20230104-1450432.png\" alt=\"\" class=\"wp-image-44451\" srcset=\"http:\/\/labestiadeportiva.com\/lbd\/wp-content\/uploads\/2023\/01\/Screenshot_20230104-1450432.png 720w, http:\/\/labestiadeportiva.com\/lbd\/wp-content\/uploads\/2023\/01\/Screenshot_20230104-1450432-300x145.png 300w, http:\/\/labestiadeportiva.com\/lbd\/wp-content\/uploads\/2023\/01\/Screenshot_20230104-1450432-640x310.png 640w\" sizes=\"(max-width: 720px) 100vw, 720px\" \/><\/a><\/figure>\n\n\n\n<figure class=\"wp-block-image size-full is-resized\"><a href=\"http:\/\/labestiadeportiva.com\/lbd\/wp-content\/uploads\/2022\/11\/CARA_CAMPOS-1.jpg\"><img loading=\"lazy\" src=\"http:\/\/labestiadeportiva.com\/lbd\/wp-content\/uploads\/2022\/11\/CARA_CAMPOS-1.jpg\" alt=\"\" class=\"wp-image-43575\" width=\"316\" height=\"64\" srcset=\"http:\/\/labestiadeportiva.com\/lbd\/wp-content\/uploads\/2022\/11\/CARA_CAMPOS-1.jpg 600w, http:\/\/labestiadeportiva.com\/lbd\/wp-content\/uploads\/2022\/11\/CARA_CAMPOS-1-300x62.jpg 300w\" sizes=\"(max-width: 316px) 100vw, 316px\" \/><\/a><\/figure>\n\n\n\n<p>El campe\u00f3n galo de rally suma una nueva victoria de etapa en el Dakar pensando en el Mundial. Gran lucha con su compatriota y rival en pista, Peterhansel con su Audi. En un terreno castigado por las recientes lluvias, no fue impedimento para que el catar\u00ed Al \u2013Attiyah con Toyota sigua al frente de la general del Dakar 2023.&nbsp;&nbsp;<\/p>\n\n\n\n<!--more-->\n\n\n\n<p>Coches<\/p>\n\n\n\n<p>Clasificaci\u00f3n general<\/p>\n\n\n\n<p>1\u00ba Al-Attiyah-Baumel (QAT) Toyota &nbsp; &nbsp; &nbsp; &nbsp; &nbsp; &nbsp; 16:34:13<\/p>\n\n\n\n<p>2\u00ba Al-Rajih-Von Zitzewitz (QAT) Toyota &nbsp; &nbsp; &nbsp; a 18:18<\/p>\n\n\n\n<p>3\u00ba Peterhansel-Boulanger (FRA) Audi &nbsp; &nbsp; &nbsp; &nbsp; a 18:52<\/p>\n\n\n\n<p>16\u00ba Yacopini-Carreras (ARG) Overdrive&nbsp; &nbsp; &nbsp; a + 1:51:22<\/p>\n\n\n\n<p>25\u00ba Halpern-Graue (ARG) Mini &nbsp; &nbsp; &nbsp; &nbsp; &nbsp; &nbsp; &nbsp; &nbsp; &nbsp; &nbsp; a+2:48:7<\/p>\n\n\n\n<p>Motos<\/p>\n\n\n\n<p>Tras la deserci\u00f3n del defensor del t\u00edtulo, el brit\u00e1nico Sunderland por un fuerte accidente en la primera jornada, el australiano Sanders se pone al frente de la general tratando de contener los ataques de los hombres de Honda y KTM como Joan Barreda o Kevin Benavides respectivamente.&nbsp;<\/p>\n\n\n\n<p>Clasificaci\u00f3n general<\/p>\n\n\n\n<p>1\u00ba Sanders (AUT) Gas Gas &nbsp; &nbsp; &nbsp; &nbsp; &nbsp; 18:40:03&nbsp;<\/p>\n\n\n\n<p>2\u00ba Howes (USA) Husqvarna &nbsp; &nbsp; &nbsp; a 03:33<\/p>\n\n\n\n<p>3\u00ba K. Benavides (ARG)&nbsp; KTM &nbsp; &nbsp; &nbsp; &nbsp; a 04:05<\/p>\n\n\n\n<p>9\u00ba L. Benavides (ARG) Husqvarna &nbsp; a 21:16<\/p>\n\n\n\n<p>Quads<\/p>\n\n\n\n<p>En las motos con cuatro ruedas, dominio aplastante de los hombres de la marca de los tres diapasones, con el aspirante el Tuareg del 2023, el franc\u00e9s Alexandre Giroud. No le pierden pisada la legi\u00f3n argentina comandada por Francisco Moreno, Manuel And\u00fajar y compa\u00f1\u00eda.&nbsp;<\/p>\n\n\n\n<p>Clasificaci\u00f3n general<\/p>\n\n\n\n<p>1\u00ba A. Giroud (FRA) Yamaha &nbsp; &nbsp; &nbsp; &nbsp; &nbsp; &nbsp; 16:57:18<\/p>\n\n\n\n<p>2\u00ba F. Moreno (ARG) Yamaha &nbsp;&nbsp;&nbsp; &nbsp; &nbsp; a 35:31<\/p>\n\n\n\n<p>3\u00ba S. Copetti (ARG) Yamaha &nbsp; &nbsp; &nbsp; &nbsp; &nbsp; &nbsp; a 48:47<\/p>\n\n\n\n<p>4\u00ba M. Andujar (ARG) Yamaha &nbsp; &nbsp; &nbsp; &nbsp; &nbsp; a + 1:03:26<\/p>\n\n\n\n<p>&nbsp;SxS<\/p>\n\n\n\n<p>En categor\u00eda buggies, la familia Goczal domina a placer tras una nueva victoria de etapa de Marek y aspira junto a su hermano Michal copar el podio del Dakar en esta edici\u00f3n en territorio saud\u00ed.&nbsp;&nbsp;<\/p>\n\n\n\n<p>Clasificaci\u00f3n general<\/p>\n\n\n\n<p>1\u00ba M. Goczal (POL) BRP &nbsp; &nbsp; &nbsp; &nbsp; &nbsp; &nbsp; &nbsp; &nbsp; &nbsp; 14:30:03<\/p>\n\n\n\n<p>2\u00ba R. Oliveira (BRA) BRP &nbsp; &nbsp; &nbsp; &nbsp; &nbsp; &nbsp; &nbsp; &nbsp; &nbsp; a 09:36<\/p>\n\n\n\n<p>3\u00ba E. Goczal (POL) BRP&nbsp; &nbsp; &nbsp; &nbsp; &nbsp; &nbsp; &nbsp; &nbsp; &nbsp; &nbsp; &nbsp; a 36:05<\/p>\n\n\n\n<p>5\u00ba J. Gonz\u00e1lez (ARG) BRP&nbsp; &nbsp; &nbsp; &nbsp; &nbsp; &nbsp; &nbsp; &nbsp; a 36:05&nbsp;<\/p>\n\n\n\n<figure class=\"wp-block-image size-large\"><a href=\"http:\/\/labestiadeportiva.com\/lbd\/wp-content\/uploads\/2023\/01\/Valtr-Tatra-1-2.jpg\"><img loading=\"lazy\" width=\"1024\" height=\"683\" src=\"http:\/\/labestiadeportiva.com\/lbd\/wp-content\/uploads\/2023\/01\/Valtr-Tatra-1-2-1024x683.jpg\" alt=\"\" class=\"wp-image-44453\" srcset=\"http:\/\/labestiadeportiva.com\/lbd\/wp-content\/uploads\/2023\/01\/Valtr-Tatra-1-2-1024x683.jpg 1024w, http:\/\/labestiadeportiva.com\/lbd\/wp-content\/uploads\/2023\/01\/Valtr-Tatra-1-2-300x200.jpg 300w, http:\/\/labestiadeportiva.com\/lbd\/wp-content\/uploads\/2023\/01\/Valtr-Tatra-1-2-768x512.jpg 768w, http:\/\/labestiadeportiva.com\/lbd\/wp-content\/uploads\/2023\/01\/Valtr-Tatra-1-2-1536x1024.jpg 1536w, http:\/\/labestiadeportiva.com\/lbd\/wp-content\/uploads\/2023\/01\/Valtr-Tatra-1-2-640x427.jpg 640w, http:\/\/labestiadeportiva.com\/lbd\/wp-content\/uploads\/2023\/01\/Valtr-Tatra-1-2.jpg 2048w\" sizes=\"(max-width: 1024px) 100vw, 1024px\" \/><\/a><\/figure>\n\n\n\n<p>Camiones<\/p>\n\n\n\n<p>Los elefantes del desierto, sin la presencia obligada del todopoderoso equipo ruso Kamaz, ven como por fin Iveco escribir\u00e1 su nombre en el podio de los ganadores, aunque las huestes de Trata no se lo pondr\u00e1n tan f\u00e1cil.&nbsp;<\/p>\n\n\n\n<p>Clasificaci\u00f3n general<\/p>\n\n\n\n<p>1\u00ba J. Valtr (CZE) Tatra&nbsp; &nbsp; &nbsp; &nbsp; &nbsp; &nbsp; 14:03:51<\/p>\n\n\n\n<p>2\u00ba A. Loprais (CZE) Praga &nbsp; &nbsp; &nbsp; a 05:45<\/p>\n\n\n\n<p>3\u00ba J. Kasteren (HOL) Iveco &nbsp; &nbsp; a 16:13&nbsp;<\/p>\n\n\n\n<p>La etapa de ma\u00f1ana: quinta etapa del total de 15 prevista para esta edici\u00f3n, en un bucle rodeando Ha\u00b4il con un especial de 374 kil\u00f3metros.&nbsp;&nbsp;&nbsp;<\/p>\n<div class='epvc-post-count'><span class='epvc-eye'><\/span>  <span class=\"epvc-count\"> 1.097<\/span><span class='epvc-label'> veces le\u00edda<\/span><\/div>\n<div class=\"jwsharethis\">\nShare this: \n<br \/>\n<a href=\"mailto:?subject=Loeb%20a%20lo%20suyo%26%238230%3Bganar&amp;body=http%3A%2F%2Flabestiadeportiva.com%2Flbd%2Floeb-a-lo-suyo-ganar%2F\">\n<img src=\"http:\/\/labestiadeportiva.com\/lbd\/wp-content\/plugins\/jw-share-this\/email.png\" alt=\"Share this page via Email\" \/>\n<\/a>\n<a target=\"_blank\" href=\"http:\/\/www.stumbleupon.com\/submit?url=http%3A%2F%2Flabestiadeportiva.com%2Flbd%2Floeb-a-lo-suyo-ganar%2F&amp;title=Loeb+a+lo+suyo%26%238230%3Bganar\">\n<img src=\"http:\/\/labestiadeportiva.com\/lbd\/wp-content\/plugins\/jw-share-this\/su.png\" alt=\"Share this page via Stumble Upon\" \/>\n<\/a>\n<a target=\"_blank\" href=\"http:\/\/digg.com\/submit?url=http%3A%2F%2Flabestiadeportiva.com%2Flbd%2Floeb-a-lo-suyo-ganar%2F&amp;title=Loeb+a+lo+suyo%26%238230%3Bganar\">\n<img src=\"http:\/\/labestiadeportiva.com\/lbd\/wp-content\/plugins\/jw-share-this\/digg.png\" alt=\"Share this page via Digg this\" \/>\n<\/a>\n<a target=\"_blank\" href=\"http:\/\/www.facebook.com\/sharer.php?u=http%3A%2F%2Flabestiadeportiva.com%2Flbd%2Floeb-a-lo-suyo-ganar%2F&amp;t=Loeb+a+lo+suyo%26%238230%3Bganar\">\n<img src=\"http:\/\/labestiadeportiva.com\/lbd\/wp-content\/plugins\/jw-share-this\/fb.png\" alt=\"Share this page via Facebook\" \/>\n<\/a>\n<a target=\"_blank\" href=\"http:\/\/twitter.com\/intent\/tweet?text=I+like+http%3A%2F%2Flabestiadeportiva.com%2Flbd%2Floeb-a-lo-suyo-ganar%2F&amp;title=Loeb+a+lo+suyo%26%238230%3Bganar\">\n<img src=\"http:\/\/labestiadeportiva.com\/lbd\/wp-content\/plugins\/jw-share-this\/twitter.png\" alt=\"Share this page via Twitter\" \/>\n<\/a>\n<\/div>\n","protected":false},"excerpt":{"rendered":"<p>El campe\u00f3n galo de rally suma una nueva victoria de etapa en el Dakar pensando en el Mundial. Gran lucha con su compatriota y rival en pista, Peterhansel con su Audi. En un terreno castigado por las recientes lluvias, no fue impedimento para que el catar\u00ed Al \u2013Attiyah con Toyota sigua al frente de la &hellip; <a href=\"http:\/\/labestiadeportiva.com\/lbd\/loeb-a-lo-suyo-ganar\/\" class=\"more-link\">Seguir leyendo <span class=\"screen-reader-text\">Loeb a lo suyo&#8230;ganar<\/span> <span class=\"meta-nav\">&rarr;<\/span><\/a><\/p>\n","protected":false},"author":1,"featured_media":0,"comment_status":"open","ping_status":"open","sticky":false,"template":"","format":"standard","meta":[],"categories":[2176,4962,4,1],"tags":[154,4961,83],"_links":{"self":[{"href":"http:\/\/labestiadeportiva.com\/lbd\/wp-json\/wp\/v2\/posts\/44441"}],"collection":[{"href":"http:\/\/labestiadeportiva.com\/lbd\/wp-json\/wp\/v2\/posts"}],"about":[{"href":"http:\/\/labestiadeportiva.com\/lbd\/wp-json\/wp\/v2\/types\/post"}],"author":[{"embeddable":true,"href":"http:\/\/labestiadeportiva.com\/lbd\/wp-json\/wp\/v2\/users\/1"}],"replies":[{"embeddable":true,"href":"http:\/\/labestiadeportiva.com\/lbd\/wp-json\/wp\/v2\/comments?post=44441"}],"version-history":[{"count":1,"href":"http:\/\/labestiadeportiva.com\/lbd\/wp-json\/wp\/v2\/posts\/44441\/revisions"}],"predecessor-version":[{"id":44454,"href":"http:\/\/labestiadeportiva.com\/lbd\/wp-json\/wp\/v2\/posts\/44441\/revisions\/44454"}],"wp:attachment":[{"href":"http:\/\/labestiadeportiva.com\/lbd\/wp-json\/wp\/v2\/media?parent=44441"}],"wp:term":[{"taxonomy":"category","embeddable":true,"href":"http:\/\/labestiadeportiva.com\/lbd\/wp-json\/wp\/v2\/categories?post=44441"},{"taxonomy":"post_tag","embeddable":true,"href":"http:\/\/labestiadeportiva.com\/lbd\/wp-json\/wp\/v2\/tags?post=44441"}],"curies":[{"name":"wp","href":"https:\/\/api.w.org\/{rel}","templated":true}]}}