{"id":44476,"date":"2023-01-08T11:19:44","date_gmt":"2023-01-08T14:19:44","guid":{"rendered":"http:\/\/labestiadeportiva.com\/lbd\/?p=44476"},"modified":"2023-01-08T11:19:49","modified_gmt":"2023-01-08T14:19:49","slug":"audi-de-mal-en-peor","status":"publish","type":"post","link":"http:\/\/labestiadeportiva.com\/lbd\/audi-de-mal-en-peor\/","title":{"rendered":"Audi de mal en peor"},"content":{"rendered":"\n<figure class=\"wp-block-image size-large\"><a href=\"http:\/\/labestiadeportiva.com\/lbd\/wp-content\/uploads\/2023\/01\/rallye-dakar-2022-po_7etape-buggyra-1.webp\"><img loading=\"lazy\" width=\"1024\" height=\"683\" src=\"http:\/\/labestiadeportiva.com\/lbd\/wp-content\/uploads\/2023\/01\/rallye-dakar-2022-po_7etape-buggyra-1-1024x683.webp\" alt=\"\" class=\"wp-image-44485\" srcset=\"http:\/\/labestiadeportiva.com\/lbd\/wp-content\/uploads\/2023\/01\/rallye-dakar-2022-po_7etape-buggyra-1-1024x683.webp 1024w, http:\/\/labestiadeportiva.com\/lbd\/wp-content\/uploads\/2023\/01\/rallye-dakar-2022-po_7etape-buggyra-1-300x200.webp 300w, http:\/\/labestiadeportiva.com\/lbd\/wp-content\/uploads\/2023\/01\/rallye-dakar-2022-po_7etape-buggyra-1-768x512.webp 768w, http:\/\/labestiadeportiva.com\/lbd\/wp-content\/uploads\/2023\/01\/rallye-dakar-2022-po_7etape-buggyra-1-640x427.webp 640w, http:\/\/labestiadeportiva.com\/lbd\/wp-content\/uploads\/2023\/01\/rallye-dakar-2022-po_7etape-buggyra-1.webp 1200w\" sizes=\"(max-width: 1024px) 100vw, 1024px\" \/><\/a><\/figure>\n\n\n\n<figure class=\"wp-block-image size-full is-resized\"><a href=\"http:\/\/labestiadeportiva.com\/lbd\/wp-content\/uploads\/2022\/11\/CARA_CAMPOS-1.jpg\"><img loading=\"lazy\" src=\"http:\/\/labestiadeportiva.com\/lbd\/wp-content\/uploads\/2022\/11\/CARA_CAMPOS-1.jpg\" alt=\"\" class=\"wp-image-43575\" width=\"278\" height=\"57\" srcset=\"http:\/\/labestiadeportiva.com\/lbd\/wp-content\/uploads\/2022\/11\/CARA_CAMPOS-1.jpg 600w, http:\/\/labestiadeportiva.com\/lbd\/wp-content\/uploads\/2022\/11\/CARA_CAMPOS-1-300x62.jpg 300w\" sizes=\"(max-width: 278px) 100vw, 278px\" \/><\/a><\/figure>\n\n\n\n<p>El equipo Audi suma una nueva decepci\u00f3n en el Dakar 2023, tras el accidente de Peterhansel y Sainz en sexta etapa, ahora fue el turno de Mattias Ekstr\u00f6m. En el kil\u00f3metro 196 fuerte golpe contra una roca lo que provoc\u00f3 la rotura del brazo de direcci\u00f3n trasera izquierda de su Audi E-Tron. <\/p>\n\n\n\n<!--more-->\n\n\n\n<p>Mientras tanto Nasser AL-Attiyah con Toyota con el t\u00edtulo casi en el bolsillo, cedi\u00f3 casi 20 minutos en la clasificaci\u00f3n de la etapa marat\u00f3n, dejando que Sebastian Loeb abriera pista y cuidando su m\u00e1quina para la jornada dominical. <\/p>\n\n\n\n<p>En la lucha por la victoria de la etapa, Sainz intent\u00f3 un ataque sobre el nueve veces campe\u00f3n de rally galo, pero tras el accidente de Ekstr\u00f6m, el madrile\u00f1o se detuvo para asistirlo. En Coches primer triunfo de etapa en el Dakar para Yazeed Al-Rajhi con Toyota.\u00a0\u00a0\u00a0<\/p>\n\n\n\n<p>Coches<\/p>\n\n\n\n<p>Clasificaci\u00f3n general<\/p>\n\n\n\n<p>1\u00ba Al-Attiyah-Baumel (QAT) Toyota &nbsp; &nbsp; &nbsp; &nbsp; &nbsp; &nbsp; 27:26:23<\/p>\n\n\n\n<p>2\u00ba Lategan-Cummings (SFA) Toyota &nbsp; &nbsp; &nbsp; &nbsp; &nbsp; &nbsp; a +1:01:04<\/p>\n\n\n\n<p>3\u00ba Moraes-Gootschalk (BRA) Toyota &nbsp;&nbsp;&nbsp; &nbsp; &nbsp; a +1:11:24<\/p>\n\n\n\n<p>13\u00ba Yacopini-Carreras (ARG) Overdrive &nbsp; &nbsp; &nbsp; a 3:23:35&nbsp;<\/p>\n\n\n\n<p>14\u00ba Halpern-Graue (ARG) Mini&nbsp; &nbsp; &nbsp; &nbsp; &nbsp; &nbsp; &nbsp; &nbsp; &nbsp; &nbsp; &nbsp; a +3.44.11<\/p>\n\n\n\n<p>SxS<\/p>\n\n\n\n<p>Victoria de etapa y liderato para el lituano Baciuska en la general, tras los problemas mec\u00e1nicos del hasta ayer l\u00edder del Dakar el brasile\u00f1o De Oliveira. Por detr\u00e1s de Baciuska, padre e hijo Erik y Marek Goczal no le pierden pisada y todo muy ajustado en dos minutos de diferencia.&nbsp;&nbsp;&nbsp;&nbsp;&nbsp;<\/p>\n\n\n\n<p>1\u00ba R. Baciuska (LTU) BRP &nbsp; &nbsp; &nbsp; &nbsp; 33:08:46<\/p>\n\n\n\n<p>2\u00ba M. Goczal (POL) BRP &nbsp; &nbsp; &nbsp; &nbsp; a&nbsp; 00:05:42<\/p>\n\n\n\n<p>3\u00ba E. Goczal (POL) BRP &nbsp; &nbsp; &nbsp; &nbsp; &nbsp; a 00:06:23<\/p>\n\n\n\n<p>7\u00ba J. Gonz\u00e1lez (ARG) BRP &nbsp; &nbsp; &nbsp; a 00:51:20<\/p>\n\n\n\n<p>Camiones<\/p>\n\n\n\n<p>Van Kasteren se hace con la etapa y se pone tercero en la clasificaci\u00f3n general que sigue comandando, el checo, Loprais&nbsp; en esta edici\u00f3n del Dakar 2023.<\/p>\n\n\n\n<p>1\u00ba A. Loprais (CZE) Praga&nbsp; &nbsp; &nbsp; &nbsp; 32:22:56<\/p>\n\n\n\n<p>2\u00ba M. Vanderbrik (HOL)&nbsp; &nbsp; &nbsp; &nbsp; &nbsp; a 00:03:00&nbsp;<\/p>\n\n\n\n<p>3\u00ba J. Van Kasteren (HOL)&nbsp; &nbsp; &nbsp; &nbsp; a 00:22:21<\/p>\n\n\n\n<p>En esta etapa, no participaron las motos y los quads.<\/p>\n\n\n\n<p>La pr\u00f3xima etapa: La n\u00famero 8 si contar\u00e1 con la presencia de todos los participantes, motos y quads incluidos. <\/p>\n\n\n\n<p>Con un especial contra reloj de 345 kil\u00f3metros rodeando Al-Duwadimi y luego un tramo de enlace de 300 kil\u00f3metros rumbo a Riyadh, para la jornada de descanso.<\/p>\n<div class='epvc-post-count'><span class='epvc-eye'><\/span>  <span class=\"epvc-count\"> 1.049<\/span><span class='epvc-label'> veces le\u00edda<\/span><\/div>\n<div class=\"jwsharethis\">\nShare this: \n<br \/>\n<a href=\"mailto:?subject=Audi%20de%20mal%20en%20peor&amp;body=http%3A%2F%2Flabestiadeportiva.com%2Flbd%2Faudi-de-mal-en-peor%2F\">\n<img src=\"http:\/\/labestiadeportiva.com\/lbd\/wp-content\/plugins\/jw-share-this\/email.png\" alt=\"Share this page via Email\" \/>\n<\/a>\n<a target=\"_blank\" href=\"http:\/\/www.stumbleupon.com\/submit?url=http%3A%2F%2Flabestiadeportiva.com%2Flbd%2Faudi-de-mal-en-peor%2F&amp;title=Audi+de+mal+en+peor\">\n<img src=\"http:\/\/labestiadeportiva.com\/lbd\/wp-content\/plugins\/jw-share-this\/su.png\" alt=\"Share this page via Stumble Upon\" \/>\n<\/a>\n<a target=\"_blank\" href=\"http:\/\/digg.com\/submit?url=http%3A%2F%2Flabestiadeportiva.com%2Flbd%2Faudi-de-mal-en-peor%2F&amp;title=Audi+de+mal+en+peor\">\n<img src=\"http:\/\/labestiadeportiva.com\/lbd\/wp-content\/plugins\/jw-share-this\/digg.png\" alt=\"Share this page via Digg this\" \/>\n<\/a>\n<a target=\"_blank\" href=\"http:\/\/www.facebook.com\/sharer.php?u=http%3A%2F%2Flabestiadeportiva.com%2Flbd%2Faudi-de-mal-en-peor%2F&amp;t=Audi+de+mal+en+peor\">\n<img src=\"http:\/\/labestiadeportiva.com\/lbd\/wp-content\/plugins\/jw-share-this\/fb.png\" alt=\"Share this page via Facebook\" \/>\n<\/a>\n<a target=\"_blank\" href=\"http:\/\/twitter.com\/intent\/tweet?text=I+like+http%3A%2F%2Flabestiadeportiva.com%2Flbd%2Faudi-de-mal-en-peor%2F&amp;title=Audi+de+mal+en+peor\">\n<img src=\"http:\/\/labestiadeportiva.com\/lbd\/wp-content\/plugins\/jw-share-this\/twitter.png\" alt=\"Share this page via Twitter\" \/>\n<\/a>\n<\/div>\n","protected":false},"excerpt":{"rendered":"<p>El equipo Audi suma una nueva decepci\u00f3n en el Dakar 2023, tras el accidente de Peterhansel y Sainz en sexta etapa, ahora fue el turno de Mattias Ekstr\u00f6m. En el kil\u00f3metro 196 fuerte golpe contra una roca lo que provoc\u00f3 la rotura del brazo de direcci\u00f3n trasera izquierda de su Audi E-Tron. 1.049 veces le\u00edda &hellip; <a href=\"http:\/\/labestiadeportiva.com\/lbd\/audi-de-mal-en-peor\/\" class=\"more-link\">Seguir leyendo <span class=\"screen-reader-text\">Audi de mal en peor<\/span> <span class=\"meta-nav\">&rarr;<\/span><\/a><\/p>\n","protected":false},"author":1,"featured_media":0,"comment_status":"open","ping_status":"open","sticky":false,"template":"","format":"standard","meta":[],"categories":[2176,4962,4,1],"tags":[154,4961,2942,83],"_links":{"self":[{"href":"http:\/\/labestiadeportiva.com\/lbd\/wp-json\/wp\/v2\/posts\/44476"}],"collection":[{"href":"http:\/\/labestiadeportiva.com\/lbd\/wp-json\/wp\/v2\/posts"}],"about":[{"href":"http:\/\/labestiadeportiva.com\/lbd\/wp-json\/wp\/v2\/types\/post"}],"author":[{"embeddable":true,"href":"http:\/\/labestiadeportiva.com\/lbd\/wp-json\/wp\/v2\/users\/1"}],"replies":[{"embeddable":true,"href":"http:\/\/labestiadeportiva.com\/lbd\/wp-json\/wp\/v2\/comments?post=44476"}],"version-history":[{"count":1,"href":"http:\/\/labestiadeportiva.com\/lbd\/wp-json\/wp\/v2\/posts\/44476\/revisions"}],"predecessor-version":[{"id":44486,"href":"http:\/\/labestiadeportiva.com\/lbd\/wp-json\/wp\/v2\/posts\/44476\/revisions\/44486"}],"wp:attachment":[{"href":"http:\/\/labestiadeportiva.com\/lbd\/wp-json\/wp\/v2\/media?parent=44476"}],"wp:term":[{"taxonomy":"category","embeddable":true,"href":"http:\/\/labestiadeportiva.com\/lbd\/wp-json\/wp\/v2\/categories?post=44476"},{"taxonomy":"post_tag","embeddable":true,"href":"http:\/\/labestiadeportiva.com\/lbd\/wp-json\/wp\/v2\/tags?post=44476"}],"curies":[{"name":"wp","href":"https:\/\/api.w.org\/{rel}","templated":true}]}}