{"id":44525,"date":"2023-01-11T00:38:21","date_gmt":"2023-01-11T03:38:21","guid":{"rendered":"http:\/\/labestiadeportiva.com\/lbd\/?p=44525"},"modified":"2023-01-11T01:20:49","modified_gmt":"2023-01-11T04:20:49","slug":"se-despide-el-matador","status":"publish","type":"post","link":"http:\/\/labestiadeportiva.com\/lbd\/se-despide-el-matador\/","title":{"rendered":"Se despide \u00abEl Matador\u00bb"},"content":{"rendered":"\n<figure class=\"wp-block-image size-full\"><a href=\"http:\/\/labestiadeportiva.com\/lbd\/wp-content\/uploads\/2023\/01\/carlos-sainz-2.jpeg\"><img loading=\"lazy\" width=\"990\" height=\"556\" src=\"http:\/\/labestiadeportiva.com\/lbd\/wp-content\/uploads\/2023\/01\/carlos-sainz-2.jpeg\" alt=\"\" class=\"wp-image-44534\" srcset=\"http:\/\/labestiadeportiva.com\/lbd\/wp-content\/uploads\/2023\/01\/carlos-sainz-2.jpeg 990w, http:\/\/labestiadeportiva.com\/lbd\/wp-content\/uploads\/2023\/01\/carlos-sainz-2-300x168.jpeg 300w, http:\/\/labestiadeportiva.com\/lbd\/wp-content\/uploads\/2023\/01\/carlos-sainz-2-768x431.jpeg 768w, http:\/\/labestiadeportiva.com\/lbd\/wp-content\/uploads\/2023\/01\/carlos-sainz-2-640x359.jpeg 640w\" sizes=\"(max-width: 990px) 100vw, 990px\" \/><\/a><\/figure>\n\n\n\n<figure class=\"wp-block-image size-full is-resized\"><a href=\"http:\/\/labestiadeportiva.com\/lbd\/wp-content\/uploads\/2022\/11\/CARA_CAMPOS-1.jpg\"><img loading=\"lazy\" src=\"http:\/\/labestiadeportiva.com\/lbd\/wp-content\/uploads\/2022\/11\/CARA_CAMPOS-1.jpg\" alt=\"\" class=\"wp-image-43575\" width=\"285\" height=\"58\" srcset=\"http:\/\/labestiadeportiva.com\/lbd\/wp-content\/uploads\/2022\/11\/CARA_CAMPOS-1.jpg 600w, http:\/\/labestiadeportiva.com\/lbd\/wp-content\/uploads\/2022\/11\/CARA_CAMPOS-1-300x62.jpg 300w\" sizes=\"(max-width: 285px) 100vw, 285px\" \/><\/a><\/figure>\n\n\n\n<p>El espa\u00f1ol Carlos Sainz, tres veces ganador del Dakar, luego de su accidente en la 9\u00aa etapa, se retira.  A poco de comenzar la especial, entre el kil\u00f3metro 5 y 6, el RS Audi E-tron E2\u00a0 sorte\u00f3 una duna y cay\u00f3 volcando quedando con las cuatro ruedas para arriba. <\/p>\n\n\n\n<!--more-->\n\n\n\n<p>Tanto Sainz como su navegante Lucas Cruz, pudieron salir del habit\u00e1culo y luego con ayuda de personas presentes en el lugar, voltearon su coche. Las asistencias m\u00e9dicas atendieron a los pilotos y la peor parte se la llevo el madrile\u00f1o. <\/p>\n\n\n\n<p>Con fuertes dolores en espalda y t\u00f3rax, se recomend\u00f3 la evacuaci\u00f3n en helic\u00f3ptero. Fue durante el vuelo que Sainz habl\u00f3 con el piloto y le pidi\u00f3 volver al lugar del accidente, porque ya no sent\u00eda dolores y quer\u00eda seguir en carrera. <\/p>\n\n\n\n<p>A pesar de tener una penalizaci\u00f3n de m\u00e1s de 28 horas y de que las opciones de acercarse al podio, estaban casi descartadas, el ex \u2013 campe\u00f3n de rally insisti\u00f3 en quedarse para ayudar al equipo Audi. <\/p>\n\n\n\n<p>El cami\u00f3n de asistencia de la firma alemana lleg\u00f3 y los mec\u00e1nicos constataron lo peor, el chasis estaba muy da\u00f1ado y no pasar\u00eda los controles de la FIA. Cerca de las siete de la tarde hora espa\u00f1ola, el equipo Audi comunic\u00f3 que el coche n\u00famero 207 abandonaba definitivamente de la competencia. <\/p>\n\n\n\n<p>La dupla sueca con Mattias Ekstr\u00f6m como volante y Emil Bergkvist c\u00f3mo navegante, son los \u00fanicos representante de la firma de los cuatro anillos en el Dakar.<\/p>\n\n\n\n<figure class=\"wp-block-image size-large\"><a href=\"http:\/\/labestiadeportiva.com\/lbd\/wp-content\/uploads\/2023\/01\/audi-crash-3.jpg\"><img loading=\"lazy\" width=\"1024\" height=\"683\" src=\"http:\/\/labestiadeportiva.com\/lbd\/wp-content\/uploads\/2023\/01\/audi-crash-3-1024x683.jpg\" alt=\"\" class=\"wp-image-44535\" srcset=\"http:\/\/labestiadeportiva.com\/lbd\/wp-content\/uploads\/2023\/01\/audi-crash-3-1024x683.jpg 1024w, http:\/\/labestiadeportiva.com\/lbd\/wp-content\/uploads\/2023\/01\/audi-crash-3-300x200.jpg 300w, http:\/\/labestiadeportiva.com\/lbd\/wp-content\/uploads\/2023\/01\/audi-crash-3-768x512.jpg 768w, http:\/\/labestiadeportiva.com\/lbd\/wp-content\/uploads\/2023\/01\/audi-crash-3-640x427.jpg 640w, http:\/\/labestiadeportiva.com\/lbd\/wp-content\/uploads\/2023\/01\/audi-crash-3.jpg 1320w\" sizes=\"(max-width: 1024px) 100vw, 1024px\" \/><\/a><\/figure>\n<div class='epvc-post-count'><span class='epvc-eye'><\/span>  <span class=\"epvc-count\"> 1.425<\/span><span class='epvc-label'> veces le\u00edda<\/span><\/div>\n<div class=\"jwsharethis\">\nShare this: \n<br \/>\n<a href=\"mailto:?subject=Se%20despide%20%C2%ABEl%20Matador%C2%BB&amp;body=http%3A%2F%2Flabestiadeportiva.com%2Flbd%2Fse-despide-el-matador%2F\">\n<img src=\"http:\/\/labestiadeportiva.com\/lbd\/wp-content\/plugins\/jw-share-this\/email.png\" alt=\"Share this page via Email\" \/>\n<\/a>\n<a target=\"_blank\" href=\"http:\/\/www.stumbleupon.com\/submit?url=http%3A%2F%2Flabestiadeportiva.com%2Flbd%2Fse-despide-el-matador%2F&amp;title=Se+despide+%C2%ABEl+Matador%C2%BB\">\n<img src=\"http:\/\/labestiadeportiva.com\/lbd\/wp-content\/plugins\/jw-share-this\/su.png\" alt=\"Share this page via Stumble Upon\" \/>\n<\/a>\n<a target=\"_blank\" href=\"http:\/\/digg.com\/submit?url=http%3A%2F%2Flabestiadeportiva.com%2Flbd%2Fse-despide-el-matador%2F&amp;title=Se+despide+%C2%ABEl+Matador%C2%BB\">\n<img src=\"http:\/\/labestiadeportiva.com\/lbd\/wp-content\/plugins\/jw-share-this\/digg.png\" alt=\"Share this page via Digg this\" \/>\n<\/a>\n<a target=\"_blank\" href=\"http:\/\/www.facebook.com\/sharer.php?u=http%3A%2F%2Flabestiadeportiva.com%2Flbd%2Fse-despide-el-matador%2F&amp;t=Se+despide+%C2%ABEl+Matador%C2%BB\">\n<img src=\"http:\/\/labestiadeportiva.com\/lbd\/wp-content\/plugins\/jw-share-this\/fb.png\" alt=\"Share this page via Facebook\" \/>\n<\/a>\n<a target=\"_blank\" href=\"http:\/\/twitter.com\/intent\/tweet?text=I+like+http%3A%2F%2Flabestiadeportiva.com%2Flbd%2Fse-despide-el-matador%2F&amp;title=Se+despide+%C2%ABEl+Matador%C2%BB\">\n<img src=\"http:\/\/labestiadeportiva.com\/lbd\/wp-content\/plugins\/jw-share-this\/twitter.png\" alt=\"Share this page via Twitter\" \/>\n<\/a>\n<\/div>\n","protected":false},"excerpt":{"rendered":"<p>El espa\u00f1ol Carlos Sainz, tres veces ganador del Dakar, luego de su accidente en la 9\u00aa etapa, se retira. A poco de comenzar la especial, entre el kil\u00f3metro 5 y 6, el RS Audi E-tron E2\u00a0 sorte\u00f3 una duna y cay\u00f3 volcando quedando con las cuatro ruedas para arriba. 1.425 veces le\u00edda Share this:<\/p>\n","protected":false},"author":1,"featured_media":0,"comment_status":"open","ping_status":"open","sticky":false,"template":"","format":"standard","meta":[],"categories":[2176,4962,4,1],"tags":[2510,4961,2948,4964],"_links":{"self":[{"href":"http:\/\/labestiadeportiva.com\/lbd\/wp-json\/wp\/v2\/posts\/44525"}],"collection":[{"href":"http:\/\/labestiadeportiva.com\/lbd\/wp-json\/wp\/v2\/posts"}],"about":[{"href":"http:\/\/labestiadeportiva.com\/lbd\/wp-json\/wp\/v2\/types\/post"}],"author":[{"embeddable":true,"href":"http:\/\/labestiadeportiva.com\/lbd\/wp-json\/wp\/v2\/users\/1"}],"replies":[{"embeddable":true,"href":"http:\/\/labestiadeportiva.com\/lbd\/wp-json\/wp\/v2\/comments?post=44525"}],"version-history":[{"count":2,"href":"http:\/\/labestiadeportiva.com\/lbd\/wp-json\/wp\/v2\/posts\/44525\/revisions"}],"predecessor-version":[{"id":44537,"href":"http:\/\/labestiadeportiva.com\/lbd\/wp-json\/wp\/v2\/posts\/44525\/revisions\/44537"}],"wp:attachment":[{"href":"http:\/\/labestiadeportiva.com\/lbd\/wp-json\/wp\/v2\/media?parent=44525"}],"wp:term":[{"taxonomy":"category","embeddable":true,"href":"http:\/\/labestiadeportiva.com\/lbd\/wp-json\/wp\/v2\/categories?post=44525"},{"taxonomy":"post_tag","embeddable":true,"href":"http:\/\/labestiadeportiva.com\/lbd\/wp-json\/wp\/v2\/tags?post=44525"}],"curies":[{"name":"wp","href":"https:\/\/api.w.org\/{rel}","templated":true}]}}