{"id":44869,"date":"2023-01-26T13:08:29","date_gmt":"2023-01-26T16:08:29","guid":{"rendered":"https:\/\/labestiadeportiva.com\/lbd\/?p=44869"},"modified":"2023-01-26T13:08:31","modified_gmt":"2023-01-26T16:08:31","slug":"juan-y-gaston-antes-del-viaje-audio","status":"publish","type":"post","link":"http:\/\/labestiadeportiva.com\/lbd\/juan-y-gaston-antes-del-viaje-audio\/","title":{"rendered":"Juan y Gast\u00f3n antes del viaje (Audio)"},"content":{"rendered":"\n<figure class=\"wp-block-image size-large\"><a href=\"https:\/\/labestiadeportiva.com\/lbd\/wp-content\/uploads\/2023\/01\/IMG-20230125-WA00403.jpg\"><img loading=\"lazy\" width=\"883\" height=\"1024\" src=\"https:\/\/labestiadeportiva.com\/lbd\/wp-content\/uploads\/2023\/01\/IMG-20230125-WA00403-883x1024.jpg\" alt=\"\" class=\"wp-image-44878\" srcset=\"http:\/\/labestiadeportiva.com\/lbd\/wp-content\/uploads\/2023\/01\/IMG-20230125-WA00403-883x1024.jpg 883w, http:\/\/labestiadeportiva.com\/lbd\/wp-content\/uploads\/2023\/01\/IMG-20230125-WA00403-259x300.jpg 259w, http:\/\/labestiadeportiva.com\/lbd\/wp-content\/uploads\/2023\/01\/IMG-20230125-WA00403-768x890.jpg 768w, http:\/\/labestiadeportiva.com\/lbd\/wp-content\/uploads\/2023\/01\/IMG-20230125-WA00403-640x742.jpg 640w, http:\/\/labestiadeportiva.com\/lbd\/wp-content\/uploads\/2023\/01\/IMG-20230125-WA00403.jpg 1004w\" sizes=\"(max-width: 883px) 100vw, 883px\" \/><\/a><\/figure>\n\n\n\n<figure class=\"wp-block-image size-full is-resized\"><a href=\"http:\/\/labestiadeportiva.com\/lbd\/wp-content\/uploads\/2022\/11\/CARA_PEREZ-2.jpg\"><img loading=\"lazy\" src=\"http:\/\/labestiadeportiva.com\/lbd\/wp-content\/uploads\/2022\/11\/CARA_PEREZ-2.jpg\" alt=\"\" class=\"wp-image-43576\" width=\"332\" height=\"68\" srcset=\"http:\/\/labestiadeportiva.com\/lbd\/wp-content\/uploads\/2022\/11\/CARA_PEREZ-2.jpg 600w, http:\/\/labestiadeportiva.com\/lbd\/wp-content\/uploads\/2022\/11\/CARA_PEREZ-2-300x62.jpg 300w\" sizes=\"(max-width: 332px) 100vw, 332px\" \/><\/a><\/figure>\n\n\n\n<p>Juan Eleicegui y Gast\u00f3n Rodr\u00edguez dialogaron con LBD horas antes de partir hac\u00eda Pretoria, Sud\u00e1frica, sede del Mundial de Hockey Pista masculino.<\/p>\n\n\n\n<p>Los jugadores fueguinos dieron detalles de la preparaci\u00f3n del plantel como as\u00ed tambi\u00e9n agradecieron el apoyo y expresaron su deseo e intenci\u00f3n de realizar un gran torneo.<\/p>\n\n\n\n<!--more-->\n\n\n\n<figure class=\"wp-block-embed is-type-video is-provider-youtube wp-block-embed-youtube wp-embed-aspect-4-3 wp-has-aspect-ratio\"><div class=\"wp-block-embed__wrapper\">\n<iframe loading=\"lazy\" title=\"Audio Juan Eleicegui\/ Gast\u00f3n Rodr\u00edguez\" width=\"474\" height=\"356\" src=\"https:\/\/www.youtube.com\/embed\/RHS6apZvNKM?feature=oembed\" frameborder=\"0\" allow=\"accelerometer; autoplay; clipboard-write; encrypted-media; gyroscope; picture-in-picture; web-share\" allowfullscreen><\/iframe>\n<\/div><\/figure>\n<div class='epvc-post-count'><span class='epvc-eye'><\/span>  <span class=\"epvc-count\"> 1.351<\/span><span class='epvc-label'> veces le\u00edda<\/span><\/div>\n<div class=\"jwsharethis\">\nShare this: \n<br \/>\n<a href=\"mailto:?subject=Juan%20y%20Gast%C3%B3n%20antes%20del%20viaje%20%28Audio%29&amp;body=http%3A%2F%2Flabestiadeportiva.com%2Flbd%2Fjuan-y-gaston-antes-del-viaje-audio%2F\">\n<img src=\"http:\/\/labestiadeportiva.com\/lbd\/wp-content\/plugins\/jw-share-this\/email.png\" alt=\"Share this page via Email\" \/>\n<\/a>\n<a target=\"_blank\" href=\"http:\/\/www.stumbleupon.com\/submit?url=http%3A%2F%2Flabestiadeportiva.com%2Flbd%2Fjuan-y-gaston-antes-del-viaje-audio%2F&amp;title=Juan+y+Gast%C3%B3n+antes+del+viaje+%28Audio%29\">\n<img src=\"http:\/\/labestiadeportiva.com\/lbd\/wp-content\/plugins\/jw-share-this\/su.png\" alt=\"Share this page via Stumble Upon\" \/>\n<\/a>\n<a target=\"_blank\" href=\"http:\/\/digg.com\/submit?url=http%3A%2F%2Flabestiadeportiva.com%2Flbd%2Fjuan-y-gaston-antes-del-viaje-audio%2F&amp;title=Juan+y+Gast%C3%B3n+antes+del+viaje+%28Audio%29\">\n<img src=\"http:\/\/labestiadeportiva.com\/lbd\/wp-content\/plugins\/jw-share-this\/digg.png\" alt=\"Share this page via Digg this\" \/>\n<\/a>\n<a target=\"_blank\" href=\"http:\/\/www.facebook.com\/sharer.php?u=http%3A%2F%2Flabestiadeportiva.com%2Flbd%2Fjuan-y-gaston-antes-del-viaje-audio%2F&amp;t=Juan+y+Gast%C3%B3n+antes+del+viaje+%28Audio%29\">\n<img src=\"http:\/\/labestiadeportiva.com\/lbd\/wp-content\/plugins\/jw-share-this\/fb.png\" alt=\"Share this page via Facebook\" \/>\n<\/a>\n<a target=\"_blank\" href=\"http:\/\/twitter.com\/intent\/tweet?text=I+like+http%3A%2F%2Flabestiadeportiva.com%2Flbd%2Fjuan-y-gaston-antes-del-viaje-audio%2F&amp;title=Juan+y+Gast%C3%B3n+antes+del+viaje+%28Audio%29\">\n<img src=\"http:\/\/labestiadeportiva.com\/lbd\/wp-content\/plugins\/jw-share-this\/twitter.png\" alt=\"Share this page via Twitter\" \/>\n<\/a>\n<\/div>\n","protected":false},"excerpt":{"rendered":"<p>Juan Eleicegui y Gast\u00f3n Rodr\u00edguez dialogaron con LBD horas antes de partir hac\u00eda Pretoria, Sud\u00e1frica, sede del Mundial de Hockey Pista masculino. Los jugadores fueguinos dieron detalles de la preparaci\u00f3n del plantel como as\u00ed tambi\u00e9n agradecieron el apoyo y expresaron su deseo e intenci\u00f3n de realizar un gran torneo. 1.351 veces le\u00edda Share this:<\/p>\n","protected":false},"author":1,"featured_media":0,"comment_status":"open","ping_status":"open","sticky":false,"template":"","format":"standard","meta":[],"categories":[5,4,6,2353,2422,1,3946],"tags":[4981,4982,83,88],"_links":{"self":[{"href":"http:\/\/labestiadeportiva.com\/lbd\/wp-json\/wp\/v2\/posts\/44869"}],"collection":[{"href":"http:\/\/labestiadeportiva.com\/lbd\/wp-json\/wp\/v2\/posts"}],"about":[{"href":"http:\/\/labestiadeportiva.com\/lbd\/wp-json\/wp\/v2\/types\/post"}],"author":[{"embeddable":true,"href":"http:\/\/labestiadeportiva.com\/lbd\/wp-json\/wp\/v2\/users\/1"}],"replies":[{"embeddable":true,"href":"http:\/\/labestiadeportiva.com\/lbd\/wp-json\/wp\/v2\/comments?post=44869"}],"version-history":[{"count":1,"href":"http:\/\/labestiadeportiva.com\/lbd\/wp-json\/wp\/v2\/posts\/44869\/revisions"}],"predecessor-version":[{"id":44879,"href":"http:\/\/labestiadeportiva.com\/lbd\/wp-json\/wp\/v2\/posts\/44869\/revisions\/44879"}],"wp:attachment":[{"href":"http:\/\/labestiadeportiva.com\/lbd\/wp-json\/wp\/v2\/media?parent=44869"}],"wp:term":[{"taxonomy":"category","embeddable":true,"href":"http:\/\/labestiadeportiva.com\/lbd\/wp-json\/wp\/v2\/categories?post=44869"},{"taxonomy":"post_tag","embeddable":true,"href":"http:\/\/labestiadeportiva.com\/lbd\/wp-json\/wp\/v2\/tags?post=44869"}],"curies":[{"name":"wp","href":"https:\/\/api.w.org\/{rel}","templated":true}]}}