{"id":44954,"date":"2023-01-31T18:22:08","date_gmt":"2023-01-31T21:22:08","guid":{"rendered":"http:\/\/labestiadeportiva.com\/lbd\/?p=44954"},"modified":"2023-01-31T18:22:13","modified_gmt":"2023-01-31T21:22:13","slug":"paso-la-primera","status":"publish","type":"post","link":"http:\/\/labestiadeportiva.com\/lbd\/paso-la-primera\/","title":{"rendered":"Pas\u00f3 la primera"},"content":{"rendered":"\n<figure class=\"wp-block-image size-full\"><a href=\"http:\/\/labestiadeportiva.com\/lbd\/wp-content\/uploads\/2023\/01\/IMG-20230131-WA0034.jpg\"><img loading=\"lazy\" width=\"400\" height=\"400\" src=\"http:\/\/labestiadeportiva.com\/lbd\/wp-content\/uploads\/2023\/01\/IMG-20230131-WA0034.jpg\" alt=\"\" class=\"wp-image-44955\" srcset=\"http:\/\/labestiadeportiva.com\/lbd\/wp-content\/uploads\/2023\/01\/IMG-20230131-WA0034.jpg 400w, http:\/\/labestiadeportiva.com\/lbd\/wp-content\/uploads\/2023\/01\/IMG-20230131-WA0034-300x300.jpg 300w, http:\/\/labestiadeportiva.com\/lbd\/wp-content\/uploads\/2023\/01\/IMG-20230131-WA0034-150x150.jpg 150w\" sizes=\"(max-width: 400px) 100vw, 400px\" \/><\/a><\/figure>\n\n\n\n<figure class=\"wp-block-image size-full is-resized\"><a href=\"http:\/\/labestiadeportiva.com\/lbd\/wp-content\/uploads\/2022\/11\/CARA_BAROLI-1.jpg\"><img loading=\"lazy\" src=\"http:\/\/labestiadeportiva.com\/lbd\/wp-content\/uploads\/2022\/11\/CARA_BAROLI-1.jpg\" alt=\"\" class=\"wp-image-43574\" width=\"317\" height=\"65\" srcset=\"http:\/\/labestiadeportiva.com\/lbd\/wp-content\/uploads\/2022\/11\/CARA_BAROLI-1.jpg 600w, http:\/\/labestiadeportiva.com\/lbd\/wp-content\/uploads\/2022\/11\/CARA_BAROLI-1-300x62.jpg 300w\" sizes=\"(max-width: 317px) 100vw, 317px\" \/><\/a><\/figure>\n\n\n\n<p>La Liga Profesional de F\u00fatbol, cap\u00edtulo 2023, tuvo su primera fecha. Cuatro de los cinco grandes ganaron. Buenos partidos y un campeonato que promete ser apasionante en la tierra de los Campeones del Mundo.<\/p>\n\n\n\n<!--more-->\n\n\n\n<p>La Liga Argentina, estren\u00f3 la tercera estrella obtenida por la Selecci\u00f3n. Y lo hizo nada m\u00e1s y nada menos que con la victoria de los equipos grandes de nuestro pa\u00eds. Salvo Racing, River, Boca, San Lorenzo e Independiente sumaron de a tres.<\/p>\n\n\n\n<p>River Plate visit\u00f3 a Central C\u00f3rdoba en Santiago del Estero. Franco Armani tuvo su merecido homenaje y en el estreno de Martin Demichelis con DT, el \u00abMillonario\u00bb super\u00f3 sin problemas al local por dos a cero.<\/p>\n\n\n\n<p>Boca no la tuvo sencilla ante Atl\u00e9tico Tucum\u00e1n en \u00abLa Bombonera\u00bb. Promediando el segundo tiempo, \u00d3scar Romero le di\u00f3 el gol de la victoria al \u00abXeneize\u00bb, que ante su gente, comenz\u00f3 festejando y dejando atr\u00e1s la final perdida ante Racing en Abu Dhabi.<\/p>\n\n\n\n<p>El \u00abRojo\u00bb estrenaba presidente y entrenador. No ten\u00eda una parada sencilla. Visit\u00f3 el \u00abMario Alberto Kempes\u00bb en C\u00f3rdoba. All\u00ed, sin lucirse, super\u00f3 a Talleres por la m\u00ednima. San Lorenzo hizo lo propio ante Arsenal ante un Nuevo Gasometro colmado. Racing empat\u00f3 sin goles frente al  recientemente ascendido Belgrano de C\u00f3rdoba.<\/p>\n\n\n\n<p>El f\u00fatbol Argentino volvi\u00f3 a tener acci\u00f3n. Con pol\u00e9micas, fervor, mucho color en las tribunas, la Liga que nutri\u00f3 a la Selecci\u00f3n campeona del mundo, volvi\u00f3 a ver a la redonda rodar, y todo fue alegr\u00eda.<\/p>\n\n\n\n<p><\/p>\n<div class='epvc-post-count'><span class='epvc-eye'><\/span>  <span class=\"epvc-count\"> 1.350<\/span><span class='epvc-label'> veces le\u00edda<\/span><\/div>\n<div class=\"jwsharethis\">\nShare this: \n<br \/>\n<a href=\"mailto:?subject=Pas%C3%B3%20la%20primera&amp;body=http%3A%2F%2Flabestiadeportiva.com%2Flbd%2Fpaso-la-primera%2F\">\n<img src=\"http:\/\/labestiadeportiva.com\/lbd\/wp-content\/plugins\/jw-share-this\/email.png\" alt=\"Share this page via Email\" \/>\n<\/a>\n<a target=\"_blank\" href=\"http:\/\/www.stumbleupon.com\/submit?url=http%3A%2F%2Flabestiadeportiva.com%2Flbd%2Fpaso-la-primera%2F&amp;title=Pas%C3%B3+la+primera\">\n<img src=\"http:\/\/labestiadeportiva.com\/lbd\/wp-content\/plugins\/jw-share-this\/su.png\" alt=\"Share this page via Stumble Upon\" \/>\n<\/a>\n<a target=\"_blank\" href=\"http:\/\/digg.com\/submit?url=http%3A%2F%2Flabestiadeportiva.com%2Flbd%2Fpaso-la-primera%2F&amp;title=Pas%C3%B3+la+primera\">\n<img src=\"http:\/\/labestiadeportiva.com\/lbd\/wp-content\/plugins\/jw-share-this\/digg.png\" alt=\"Share this page via Digg this\" \/>\n<\/a>\n<a target=\"_blank\" href=\"http:\/\/www.facebook.com\/sharer.php?u=http%3A%2F%2Flabestiadeportiva.com%2Flbd%2Fpaso-la-primera%2F&amp;t=Pas%C3%B3+la+primera\">\n<img src=\"http:\/\/labestiadeportiva.com\/lbd\/wp-content\/plugins\/jw-share-this\/fb.png\" alt=\"Share this page via Facebook\" \/>\n<\/a>\n<a target=\"_blank\" href=\"http:\/\/twitter.com\/intent\/tweet?text=I+like+http%3A%2F%2Flabestiadeportiva.com%2Flbd%2Fpaso-la-primera%2F&amp;title=Pas%C3%B3+la+primera\">\n<img src=\"http:\/\/labestiadeportiva.com\/lbd\/wp-content\/plugins\/jw-share-this\/twitter.png\" alt=\"Share this page via Twitter\" \/>\n<\/a>\n<\/div>\n","protected":false},"excerpt":{"rendered":"<p>La Liga Profesional de F\u00fatbol, cap\u00edtulo 2023, tuvo su primera fecha. Cuatro de los cinco grandes ganaron. Buenos partidos y un campeonato que promete ser apasionante en la tierra de los Campeones del Mundo. 1.350 veces le\u00edda Share this:<\/p>\n","protected":false},"author":1,"featured_media":0,"comment_status":"open","ping_status":"open","sticky":false,"template":"","format":"standard","meta":[],"categories":[6,1987,4817,1],"tags":[17,3894,83,798],"_links":{"self":[{"href":"http:\/\/labestiadeportiva.com\/lbd\/wp-json\/wp\/v2\/posts\/44954"}],"collection":[{"href":"http:\/\/labestiadeportiva.com\/lbd\/wp-json\/wp\/v2\/posts"}],"about":[{"href":"http:\/\/labestiadeportiva.com\/lbd\/wp-json\/wp\/v2\/types\/post"}],"author":[{"embeddable":true,"href":"http:\/\/labestiadeportiva.com\/lbd\/wp-json\/wp\/v2\/users\/1"}],"replies":[{"embeddable":true,"href":"http:\/\/labestiadeportiva.com\/lbd\/wp-json\/wp\/v2\/comments?post=44954"}],"version-history":[{"count":1,"href":"http:\/\/labestiadeportiva.com\/lbd\/wp-json\/wp\/v2\/posts\/44954\/revisions"}],"predecessor-version":[{"id":44956,"href":"http:\/\/labestiadeportiva.com\/lbd\/wp-json\/wp\/v2\/posts\/44954\/revisions\/44956"}],"wp:attachment":[{"href":"http:\/\/labestiadeportiva.com\/lbd\/wp-json\/wp\/v2\/media?parent=44954"}],"wp:term":[{"taxonomy":"category","embeddable":true,"href":"http:\/\/labestiadeportiva.com\/lbd\/wp-json\/wp\/v2\/categories?post=44954"},{"taxonomy":"post_tag","embeddable":true,"href":"http:\/\/labestiadeportiva.com\/lbd\/wp-json\/wp\/v2\/tags?post=44954"}],"curies":[{"name":"wp","href":"https:\/\/api.w.org\/{rel}","templated":true}]}}