{"id":45001,"date":"2023-02-06T15:27:48","date_gmt":"2023-02-06T18:27:48","guid":{"rendered":"http:\/\/labestiadeportiva.com\/lbd\/?p=45001"},"modified":"2023-02-06T15:27:50","modified_gmt":"2023-02-06T18:27:50","slug":"argentina-que-bien-se-te-ve-2","status":"publish","type":"post","link":"http:\/\/labestiadeportiva.com\/lbd\/argentina-que-bien-se-te-ve-2\/","title":{"rendered":"Argentina, que bien se te ve"},"content":{"rendered":"\n<figure class=\"wp-block-image size-full\"><a href=\"http:\/\/labestiadeportiva.com\/lbd\/wp-content\/uploads\/2023\/02\/mundialpreargvsaust3.jpg\"><img loading=\"lazy\" width=\"722\" height=\"399\" src=\"http:\/\/labestiadeportiva.com\/lbd\/wp-content\/uploads\/2023\/02\/mundialpreargvsaust3.jpg\" alt=\"\" class=\"wp-image-45010\" srcset=\"http:\/\/labestiadeportiva.com\/lbd\/wp-content\/uploads\/2023\/02\/mundialpreargvsaust3.jpg 722w, http:\/\/labestiadeportiva.com\/lbd\/wp-content\/uploads\/2023\/02\/mundialpreargvsaust3-300x166.jpg 300w, http:\/\/labestiadeportiva.com\/lbd\/wp-content\/uploads\/2023\/02\/mundialpreargvsaust3-640x354.jpg 640w, http:\/\/labestiadeportiva.com\/lbd\/wp-content\/uploads\/2023\/02\/mundialpreargvsaust3-672x372.jpg 672w\" sizes=\"(max-width: 722px) 100vw, 722px\" \/><\/a><\/figure>\n\n\n\n<figure class=\"wp-block-image size-full is-resized\"><a href=\"http:\/\/labestiadeportiva.com\/lbd\/wp-content\/uploads\/2022\/11\/CARA_TORRES-1.jpg\"><img loading=\"lazy\" src=\"http:\/\/labestiadeportiva.com\/lbd\/wp-content\/uploads\/2022\/11\/CARA_TORRES-1.jpg\" alt=\"\" class=\"wp-image-43579\" width=\"308\" height=\"63\" srcset=\"http:\/\/labestiadeportiva.com\/lbd\/wp-content\/uploads\/2022\/11\/CARA_TORRES-1.jpg 600w, http:\/\/labestiadeportiva.com\/lbd\/wp-content\/uploads\/2022\/11\/CARA_TORRES-1-300x62.jpg 300w\" sizes=\"(max-width: 308px) 100vw, 308px\" \/><\/a><\/figure>\n\n\n\n<p>Nuevo triunfo para el Seleccionado Argentino de hockey Indoor en el mundial de la especialidad que se disputa en Pretoria, Sud\u00e1frica.<\/p>\n\n\n\n<p>Esta vez por 3 a 1 sobre Australia con un doblete del capit\u00e1n ushuaiense Juan Eleicegui. Dos de dos, liderazgo de grupo, este martes el rival Rep\u00fablica Checa desde las 9.20 de la ma\u00f1ana. <\/p>\n\n\n\n<!--more-->\n\n\n\n<figure class=\"wp-block-image size-full\"><a href=\"http:\/\/labestiadeportiva.com\/lbd\/wp-content\/uploads\/2023\/02\/mundialpreargvsaust1.jpg\"><img loading=\"lazy\" width=\"725\" height=\"393\" src=\"http:\/\/labestiadeportiva.com\/lbd\/wp-content\/uploads\/2023\/02\/mundialpreargvsaust1.jpg\" alt=\"\" class=\"wp-image-45011\" srcset=\"http:\/\/labestiadeportiva.com\/lbd\/wp-content\/uploads\/2023\/02\/mundialpreargvsaust1.jpg 725w, http:\/\/labestiadeportiva.com\/lbd\/wp-content\/uploads\/2023\/02\/mundialpreargvsaust1-300x163.jpg 300w, http:\/\/labestiadeportiva.com\/lbd\/wp-content\/uploads\/2023\/02\/mundialpreargvsaust1-640x347.jpg 640w\" sizes=\"(max-width: 725px) 100vw, 725px\" \/><\/a><\/figure>\n\n\n\n<p>Con este resultado, el equipo de Lanzano se coloca al tope de las posiciones de su grupo y tiene su primer objetivo cumplido al meterse en la ronda de Cuartos de Final entre los ocho mejores del mundial.<\/p>\n\n\n\n<p>Argentina: equipo serio<\/p>\n\n\n\n<p>El Seleccionado Argentino tuvo un gran desempe\u00f1o al ganar a su par de Australia por 3 tantos a 1 con gran trabajo del arquero Alan Fr\u00edas y del defensor santacruce\u00f1o Freddy Sosa. Con goles de Eleicegui por dos y de Ayala, el conjunto albiceleste construy\u00f3 un triunfo desde el primer minuto del partido, sabiendo que iba a ser un encuentro largo, duro y de mucha concentraci\u00f3n.\u00a0<\/p>\n\n\n\n<p>Con un primer cuarto donde se posicion\u00f3 en tres cuartos de cancha, tratando de buscar el dominio de la pelota, Australia por su lado se par\u00f3 para contragolpear si ten\u00eda alguna posibilidad. <\/p>\n\n\n\n<p>El segundo cuarto mostr\u00f3 a una Argentina con mucha posesi\u00f3n de la pelota y con varios tiros al arco. A los 13 minutos Eleicegui convierte de c\u00f3rner corto para abrir el marcador. Nuevamente Eleicegui desde la misma v\u00eda, pero con una jugada combinada que dej\u00f3 pagando a la defensa australiana.\u00a0<\/p>\n\n\n\n<p>Como estaban dadas las cosas, Australia tuvo que salir a buscar el partido, eso le dio la oportunidad al conjunto nacional para poder hilvanar una jugada r\u00e1pida y de combinaciones que termin\u00f3 abrochando un golazo de rev\u00e9s de Nehuen Ayala.<\/p>\n\n\n\n<p>Dejando  en claro que se iba a seguir con la misma determinaci\u00f3n con la que comenz\u00f3 el encuentro. Lleg\u00f3 el descuento australiano producto de una falta de concentraci\u00f3n en la l\u00ednea defensiva. Gonz\u00e1lez y Sosa estuvieron al m\u00e1ximo de sus fuerzas y era normal que a esta altura pueda aparecer alguna fisura.\u00a0<\/p>\n\n\n\n<p>Los australianos elevaron sus ataques a niveles m\u00e1s punzantes pero Fr\u00edas estuvo a la altura haciendo un gran partido.\u00a0<\/p>\n\n\n\n<p>A pocos minutos del final  la Selecci\u00f3n Argentina segu\u00eda apostando al ataque. La pauta de que es un equipo con la mente puesta en su idea y sistema de juego establecido por un Cuerpo T\u00e9cnico que se ha esmerado en el mensaje y el estilo que deja expresado en la cancha.<\/p>\n\n\n\n<p>Comienza a notarse el traj\u00edn de los partidos, ya que los mismos son extenuantes,  el recambio en lo que se viene ser\u00e1 fundamental para seguir conservando las energ\u00edas. <\/p>\n\n\n\n<p>Este martes a partir de las 9:20, el conjunto dirigido por Massimo Lanzano enfrentar\u00e1 a Rep\u00fablica Checa, un rival de mucho cuidado siendo el primer europeo con qui\u00e9n mefir\u00e1 fuerzas.<\/p>\n\n\n\n<figure class=\"wp-block-image size-full\"><a href=\"http:\/\/labestiadeportiva.com\/lbd\/wp-content\/uploads\/2023\/02\/mundialpreargvsaust2.jpg\"><img loading=\"lazy\" width=\"720\" height=\"407\" src=\"http:\/\/labestiadeportiva.com\/lbd\/wp-content\/uploads\/2023\/02\/mundialpreargvsaust2.jpg\" alt=\"\" class=\"wp-image-45012\" srcset=\"http:\/\/labestiadeportiva.com\/lbd\/wp-content\/uploads\/2023\/02\/mundialpreargvsaust2.jpg 720w, http:\/\/labestiadeportiva.com\/lbd\/wp-content\/uploads\/2023\/02\/mundialpreargvsaust2-300x170.jpg 300w, http:\/\/labestiadeportiva.com\/lbd\/wp-content\/uploads\/2023\/02\/mundialpreargvsaust2-640x362.jpg 640w\" sizes=\"(max-width: 720px) 100vw, 720px\" \/><\/a><\/figure>\n<div class='epvc-post-count'><span class='epvc-eye'><\/span>  <span class=\"epvc-count\"> 1.129<\/span><span class='epvc-label'> veces le\u00edda<\/span><\/div>\n<div class=\"jwsharethis\">\nShare this: \n<br \/>\n<a href=\"mailto:?subject=Argentina%2C%20que%20bien%20se%20te%20ve&amp;body=http%3A%2F%2Flabestiadeportiva.com%2Flbd%2Fargentina-que-bien-se-te-ve-2%2F\">\n<img src=\"http:\/\/labestiadeportiva.com\/lbd\/wp-content\/plugins\/jw-share-this\/email.png\" alt=\"Share this page via Email\" \/>\n<\/a>\n<a target=\"_blank\" href=\"http:\/\/www.stumbleupon.com\/submit?url=http%3A%2F%2Flabestiadeportiva.com%2Flbd%2Fargentina-que-bien-se-te-ve-2%2F&amp;title=Argentina%2C+que+bien+se+te+ve\">\n<img src=\"http:\/\/labestiadeportiva.com\/lbd\/wp-content\/plugins\/jw-share-this\/su.png\" alt=\"Share this page via Stumble Upon\" \/>\n<\/a>\n<a target=\"_blank\" href=\"http:\/\/digg.com\/submit?url=http%3A%2F%2Flabestiadeportiva.com%2Flbd%2Fargentina-que-bien-se-te-ve-2%2F&amp;title=Argentina%2C+que+bien+se+te+ve\">\n<img src=\"http:\/\/labestiadeportiva.com\/lbd\/wp-content\/plugins\/jw-share-this\/digg.png\" alt=\"Share this page via Digg this\" \/>\n<\/a>\n<a target=\"_blank\" href=\"http:\/\/www.facebook.com\/sharer.php?u=http%3A%2F%2Flabestiadeportiva.com%2Flbd%2Fargentina-que-bien-se-te-ve-2%2F&amp;t=Argentina%2C+que+bien+se+te+ve\">\n<img src=\"http:\/\/labestiadeportiva.com\/lbd\/wp-content\/plugins\/jw-share-this\/fb.png\" alt=\"Share this page via Facebook\" \/>\n<\/a>\n<a target=\"_blank\" href=\"http:\/\/twitter.com\/intent\/tweet?text=I+like+http%3A%2F%2Flabestiadeportiva.com%2Flbd%2Fargentina-que-bien-se-te-ve-2%2F&amp;title=Argentina%2C+que+bien+se+te+ve\">\n<img src=\"http:\/\/labestiadeportiva.com\/lbd\/wp-content\/plugins\/jw-share-this\/twitter.png\" alt=\"Share this page via Twitter\" \/>\n<\/a>\n<\/div>\n","protected":false},"excerpt":{"rendered":"<p>Nuevo triunfo para el Seleccionado Argentino de hockey Indoor en el mundial de la especialidad que se disputa en Pretoria, Sud\u00e1frica. Esta vez por 3 a 1 sobre Australia con un doblete del capit\u00e1n ushuaiense Juan Eleicegui. Dos de dos, liderazgo de grupo, este martes el rival Rep\u00fablica Checa desde las 9.20 de la ma\u00f1ana. &hellip; <a href=\"http:\/\/labestiadeportiva.com\/lbd\/argentina-que-bien-se-te-ve-2\/\" class=\"more-link\">Seguir leyendo <span class=\"screen-reader-text\">Argentina, que bien se te ve<\/span> <span class=\"meta-nav\">&rarr;<\/span><\/a><\/p>\n","protected":false},"author":1,"featured_media":0,"comment_status":"open","ping_status":"open","sticky":false,"template":"","format":"standard","meta":[],"categories":[4,2353,2422,1,3946],"tags":[1064,4981,4982,88],"_links":{"self":[{"href":"http:\/\/labestiadeportiva.com\/lbd\/wp-json\/wp\/v2\/posts\/45001"}],"collection":[{"href":"http:\/\/labestiadeportiva.com\/lbd\/wp-json\/wp\/v2\/posts"}],"about":[{"href":"http:\/\/labestiadeportiva.com\/lbd\/wp-json\/wp\/v2\/types\/post"}],"author":[{"embeddable":true,"href":"http:\/\/labestiadeportiva.com\/lbd\/wp-json\/wp\/v2\/users\/1"}],"replies":[{"embeddable":true,"href":"http:\/\/labestiadeportiva.com\/lbd\/wp-json\/wp\/v2\/comments?post=45001"}],"version-history":[{"count":1,"href":"http:\/\/labestiadeportiva.com\/lbd\/wp-json\/wp\/v2\/posts\/45001\/revisions"}],"predecessor-version":[{"id":45013,"href":"http:\/\/labestiadeportiva.com\/lbd\/wp-json\/wp\/v2\/posts\/45001\/revisions\/45013"}],"wp:attachment":[{"href":"http:\/\/labestiadeportiva.com\/lbd\/wp-json\/wp\/v2\/media?parent=45001"}],"wp:term":[{"taxonomy":"category","embeddable":true,"href":"http:\/\/labestiadeportiva.com\/lbd\/wp-json\/wp\/v2\/categories?post=45001"},{"taxonomy":"post_tag","embeddable":true,"href":"http:\/\/labestiadeportiva.com\/lbd\/wp-json\/wp\/v2\/tags?post=45001"}],"curies":[{"name":"wp","href":"https:\/\/api.w.org\/{rel}","templated":true}]}}