{"id":45069,"date":"2023-02-11T00:46:14","date_gmt":"2023-02-11T03:46:14","guid":{"rendered":"http:\/\/labestiadeportiva.com\/lbd\/?p=45069"},"modified":"2023-02-11T00:46:17","modified_gmt":"2023-02-11T03:46:17","slug":"digna-despedida","status":"publish","type":"post","link":"http:\/\/labestiadeportiva.com\/lbd\/digna-despedida\/","title":{"rendered":"Digna despedida"},"content":{"rendered":"\n<figure class=\"wp-block-image size-full\"><a href=\"http:\/\/labestiadeportiva.com\/lbd\/wp-content\/uploads\/2023\/02\/mundialpreargvsAustria1.jpg\"><img loading=\"lazy\" width=\"507\" height=\"402\" src=\"http:\/\/labestiadeportiva.com\/lbd\/wp-content\/uploads\/2023\/02\/mundialpreargvsAustria1.jpg\" alt=\"\" class=\"wp-image-45070\" srcset=\"http:\/\/labestiadeportiva.com\/lbd\/wp-content\/uploads\/2023\/02\/mundialpreargvsAustria1.jpg 507w, http:\/\/labestiadeportiva.com\/lbd\/wp-content\/uploads\/2023\/02\/mundialpreargvsAustria1-300x238.jpg 300w\" sizes=\"(max-width: 507px) 100vw, 507px\" \/><\/a><\/figure>\n\n\n\n<figure class=\"wp-block-image size-full is-resized\"><a href=\"http:\/\/labestiadeportiva.com\/lbd\/wp-content\/uploads\/2022\/11\/CARA_TORRES-1.jpg\"><img loading=\"lazy\" src=\"http:\/\/labestiadeportiva.com\/lbd\/wp-content\/uploads\/2022\/11\/CARA_TORRES-1.jpg\" alt=\"\" class=\"wp-image-43579\" width=\"282\" height=\"57\" srcset=\"http:\/\/labestiadeportiva.com\/lbd\/wp-content\/uploads\/2022\/11\/CARA_TORRES-1.jpg 600w, http:\/\/labestiadeportiva.com\/lbd\/wp-content\/uploads\/2022\/11\/CARA_TORRES-1-300x62.jpg 300w\" sizes=\"(max-width: 282px) 100vw, 282px\" \/><\/a><\/figure>\n\n\n\n<p>Lleg\u00f3 a su fin el camino del Seleccionado Argentino en la Copa del Mundo de hockey indoor que se disputa  en Pretoria, Sud\u00e1frica. Con una derrota de dos a cero ante Austria, campe\u00f3n del mundo, el conjunto dirigido por el italiano Massimo Lanzano dej\u00f3 el sacrificio, el sudor y la calidad en un partido que pele\u00f3 de igual a igual.\u00a0<\/p>\n\n\n\n<!--more-->\n\n\n\n<figure class=\"wp-block-image size-full\"><a href=\"http:\/\/labestiadeportiva.com\/lbd\/wp-content\/uploads\/2023\/02\/mundialpreargvsAustria2.jpg\"><img loading=\"lazy\" width=\"569\" height=\"405\" src=\"http:\/\/labestiadeportiva.com\/lbd\/wp-content\/uploads\/2023\/02\/mundialpreargvsAustria2.jpg\" alt=\"\" class=\"wp-image-45071\" srcset=\"http:\/\/labestiadeportiva.com\/lbd\/wp-content\/uploads\/2023\/02\/mundialpreargvsAustria2.jpg 569w, http:\/\/labestiadeportiva.com\/lbd\/wp-content\/uploads\/2023\/02\/mundialpreargvsAustria2-300x214.jpg 300w\" sizes=\"(max-width: 569px) 100vw, 569px\" \/><\/a><\/figure>\n\n\n\n<p>El Seleccionado Nacional disput\u00f3 un partido de m\u00e1ximo vuelo en la faz defensiva para contrarrestar a un conjunto europeo que trat\u00f3 de llev\u00e1rselo por delante. Desde los primeros minutos, un planteo de presi\u00f3n de los austr\u00edacos no hizo retroceder las l\u00edneas de una Argentina que le present\u00f3 dos contras en los primeros minutos. <\/p>\n\n\n\n<p>Situaci\u00f3n que hizo cambiar la estrategia de los europeos para no penar por alg\u00fan error. De esta manera el partido lleg\u00f3 a movimientos estrat\u00e9gicos muy estudiados ya que un error pod\u00eda crear diferencias en el arco de enfrente.<\/p>\n\n\n\n<p>Fueron pasando los minutos y Austria busc\u00f3 darle posesi\u00f3n de la pelota a la Argentina para de esta manera poder tener campo para contragolpear.\u00a0<\/p>\n\n\n\n<p>El partido de Fr\u00edas en el arco fue perfecto ya que no dej\u00f3 resquicio libre para sorprenderse. Sosa fue baluarte importante en la defensa y Navarro hizo valer su t\u00e9cnica individual para acercar alg\u00fan peligro al \u00e1rea rival.\u00a0<\/p>\n\n\n\n<p>El segundo tiempo comenz\u00f3 sin goles, cosa que nunca en lo que va del torneo le hab\u00eda pasado al Campe\u00f3n del Mundo. Reci\u00e9n lleg\u00f3 el gol para los austr\u00edacos cuando faltaban por jugarse dos minutos y treinta segundos producto de un pase sucio desde la izquierda hizo que Unterkircher de desv\u00edo pueda vencer a Fr\u00edas.\u00a0<\/p>\n\n\n\n<p>Argentina sigui\u00f3 sin desesperarse hasta llegar al \u00faltimo cuarto. De a poco la presi\u00f3n argenta hizo su efecto sobre el arco defendido por Mateusz Szymczyk.\u00a0<\/p>\n\n\n\n<p>Faltando cinco minutos, gol de Korper para estirar la diferencia hizo que el Seleccionado Nacional cambie sus planes.<\/p>\n\n\n\n<p>Los de Lanzano sacaron al arquero para tener mayor presi\u00f3n en las salidas de los austr\u00edacos que empezaron a defenderse y querer conservar la diferencia.\u00a0<\/p>\n\n\n\n<p>Argentina tuvo varios  c\u00f3rner cortos a favor para poder acercarse en el marcador, pero cada vez le costaba tener precisi\u00f3n en los lanzamientos.\u00a0<\/p>\n\n\n\n<p>Los minutos fueron escap\u00e1ndose pero no las ganas y el valor de estos jugadores que mostraron todo su sacrificio hasta la \u00faltima pelota.<\/p>\n\n\n\n<p>Lo que queda para m\u00e1s adelante es saber el futuro que tiene el hockey pista nacional de cara a nuevos desaf\u00edos. Por lo pronto y para ser justos hemos visto un presente dichoso y un futuro alentador, <\/p>\n\n\n\n<p>Producto de mucho trabajo y organizaci\u00f3n de un Cuerpo T\u00e9cnico que estuvo a la altura de lo que pudo verse en la cita mundialista.<\/p>\n\n\n\n<figure class=\"wp-block-image size-full\"><a href=\"http:\/\/labestiadeportiva.com\/lbd\/wp-content\/uploads\/2023\/02\/mundialpreargvsAustria3.jpg\"><img loading=\"lazy\" width=\"583\" height=\"400\" src=\"http:\/\/labestiadeportiva.com\/lbd\/wp-content\/uploads\/2023\/02\/mundialpreargvsAustria3.jpg\" alt=\"\" class=\"wp-image-45072\" srcset=\"http:\/\/labestiadeportiva.com\/lbd\/wp-content\/uploads\/2023\/02\/mundialpreargvsAustria3.jpg 583w, http:\/\/labestiadeportiva.com\/lbd\/wp-content\/uploads\/2023\/02\/mundialpreargvsAustria3-300x206.jpg 300w\" sizes=\"(max-width: 583px) 100vw, 583px\" \/><\/a><\/figure>\n<div class='epvc-post-count'><span class='epvc-eye'><\/span>  <span class=\"epvc-count\"> 1.260<\/span><span class='epvc-label'> veces le\u00edda<\/span><\/div>\n<div class=\"jwsharethis\">\nShare this: \n<br \/>\n<a href=\"mailto:?subject=Digna%20despedida&amp;body=http%3A%2F%2Flabestiadeportiva.com%2Flbd%2Fdigna-despedida%2F\">\n<img src=\"http:\/\/labestiadeportiva.com\/lbd\/wp-content\/plugins\/jw-share-this\/email.png\" alt=\"Share this page via Email\" \/>\n<\/a>\n<a target=\"_blank\" href=\"http:\/\/www.stumbleupon.com\/submit?url=http%3A%2F%2Flabestiadeportiva.com%2Flbd%2Fdigna-despedida%2F&amp;title=Digna+despedida\">\n<img src=\"http:\/\/labestiadeportiva.com\/lbd\/wp-content\/plugins\/jw-share-this\/su.png\" alt=\"Share this page via Stumble Upon\" \/>\n<\/a>\n<a target=\"_blank\" href=\"http:\/\/digg.com\/submit?url=http%3A%2F%2Flabestiadeportiva.com%2Flbd%2Fdigna-despedida%2F&amp;title=Digna+despedida\">\n<img src=\"http:\/\/labestiadeportiva.com\/lbd\/wp-content\/plugins\/jw-share-this\/digg.png\" alt=\"Share this page via Digg this\" \/>\n<\/a>\n<a target=\"_blank\" href=\"http:\/\/www.facebook.com\/sharer.php?u=http%3A%2F%2Flabestiadeportiva.com%2Flbd%2Fdigna-despedida%2F&amp;t=Digna+despedida\">\n<img src=\"http:\/\/labestiadeportiva.com\/lbd\/wp-content\/plugins\/jw-share-this\/fb.png\" alt=\"Share this page via Facebook\" \/>\n<\/a>\n<a target=\"_blank\" href=\"http:\/\/twitter.com\/intent\/tweet?text=I+like+http%3A%2F%2Flabestiadeportiva.com%2Flbd%2Fdigna-despedida%2F&amp;title=Digna+despedida\">\n<img src=\"http:\/\/labestiadeportiva.com\/lbd\/wp-content\/plugins\/jw-share-this\/twitter.png\" alt=\"Share this page via Twitter\" \/>\n<\/a>\n<\/div>\n","protected":false},"excerpt":{"rendered":"<p>Lleg\u00f3 a su fin el camino del Seleccionado Argentino en la Copa del Mundo de hockey indoor que se disputa en Pretoria, Sud\u00e1frica. Con una derrota de dos a cero ante Austria, campe\u00f3n del mundo, el conjunto dirigido por el italiano Massimo Lanzano dej\u00f3 el sacrificio, el sudor y la calidad en un partido que &hellip; <a href=\"http:\/\/labestiadeportiva.com\/lbd\/digna-despedida\/\" class=\"more-link\">Seguir leyendo <span class=\"screen-reader-text\">Digna despedida<\/span> <span class=\"meta-nav\">&rarr;<\/span><\/a><\/p>\n","protected":false},"author":1,"featured_media":0,"comment_status":"open","ping_status":"open","sticky":false,"template":"","format":"standard","meta":[],"categories":[4,2353,2422,1,3946],"tags":[4981,4982,83],"_links":{"self":[{"href":"http:\/\/labestiadeportiva.com\/lbd\/wp-json\/wp\/v2\/posts\/45069"}],"collection":[{"href":"http:\/\/labestiadeportiva.com\/lbd\/wp-json\/wp\/v2\/posts"}],"about":[{"href":"http:\/\/labestiadeportiva.com\/lbd\/wp-json\/wp\/v2\/types\/post"}],"author":[{"embeddable":true,"href":"http:\/\/labestiadeportiva.com\/lbd\/wp-json\/wp\/v2\/users\/1"}],"replies":[{"embeddable":true,"href":"http:\/\/labestiadeportiva.com\/lbd\/wp-json\/wp\/v2\/comments?post=45069"}],"version-history":[{"count":1,"href":"http:\/\/labestiadeportiva.com\/lbd\/wp-json\/wp\/v2\/posts\/45069\/revisions"}],"predecessor-version":[{"id":45073,"href":"http:\/\/labestiadeportiva.com\/lbd\/wp-json\/wp\/v2\/posts\/45069\/revisions\/45073"}],"wp:attachment":[{"href":"http:\/\/labestiadeportiva.com\/lbd\/wp-json\/wp\/v2\/media?parent=45069"}],"wp:term":[{"taxonomy":"category","embeddable":true,"href":"http:\/\/labestiadeportiva.com\/lbd\/wp-json\/wp\/v2\/categories?post=45069"},{"taxonomy":"post_tag","embeddable":true,"href":"http:\/\/labestiadeportiva.com\/lbd\/wp-json\/wp\/v2\/tags?post=45069"}],"curies":[{"name":"wp","href":"https:\/\/api.w.org\/{rel}","templated":true}]}}