{"id":45123,"date":"2023-02-18T15:09:34","date_gmt":"2023-02-18T18:09:34","guid":{"rendered":"https:\/\/labestiadeportiva.com\/lbd\/?p=45123"},"modified":"2023-02-21T20:29:04","modified_gmt":"2023-02-21T23:29:04","slug":"reuniones-en-la-liga","status":"publish","type":"post","link":"http:\/\/labestiadeportiva.com\/lbd\/reuniones-en-la-liga\/","title":{"rendered":"Reuniones en la Liga"},"content":{"rendered":"\n<figure class=\"wp-block-image size-full\"><a href=\"https:\/\/labestiadeportiva.com\/lbd\/wp-content\/uploads\/2023\/02\/FB_IMG_1676734083470.jpg\"><img loading=\"lazy\" width=\"720\" height=\"900\" src=\"https:\/\/labestiadeportiva.com\/lbd\/wp-content\/uploads\/2023\/02\/FB_IMG_1676734083470.jpg\" alt=\"\" class=\"wp-image-45132\" srcset=\"http:\/\/labestiadeportiva.com\/lbd\/wp-content\/uploads\/2023\/02\/FB_IMG_1676734083470.jpg 720w, http:\/\/labestiadeportiva.com\/lbd\/wp-content\/uploads\/2023\/02\/FB_IMG_1676734083470-240x300.jpg 240w, http:\/\/labestiadeportiva.com\/lbd\/wp-content\/uploads\/2023\/02\/FB_IMG_1676734083470-640x800.jpg 640w\" sizes=\"(max-width: 720px) 100vw, 720px\" \/><\/a><\/figure>\n\n\n\n<figure class=\"wp-block-image size-full is-resized\"><a href=\"http:\/\/labestiadeportiva.com\/lbd\/wp-content\/uploads\/2022\/11\/CARA_PEREZ-2.jpg\"><img loading=\"lazy\" src=\"http:\/\/labestiadeportiva.com\/lbd\/wp-content\/uploads\/2022\/11\/CARA_PEREZ-2.jpg\" alt=\"\" class=\"wp-image-43576\" width=\"304\" height=\"62\" srcset=\"http:\/\/labestiadeportiva.com\/lbd\/wp-content\/uploads\/2022\/11\/CARA_PEREZ-2.jpg 600w, http:\/\/labestiadeportiva.com\/lbd\/wp-content\/uploads\/2022\/11\/CARA_PEREZ-2-300x62.jpg 300w\" sizes=\"(max-width: 304px) 100vw, 304px\" \/><\/a><\/figure>\n\n\n\n<p>La pr\u00f3xima se realizar\u00e1 el mi\u00e9rcoles en la nueva sede a las 20 horas siendo para el futsal AFA . Asimismo la semana pasada se realiz\u00f3 una actividad similar orientada al f\u00fatbol femenino que se pondr\u00e1 en marcha oficialmente el s\u00e1bado 25. Desde LBD, todos los detalles.<\/p>\n\n\n\n<!--more-->\n\n\n\n<p>En cuanto a lo sucedido d\u00edas atr\u00e1s se realiz\u00f3 el sorteo para a partir del s\u00e1bado 25 de febrero dar inicio al Torneo de F\u00fatbol Femenino. <\/p>\n\n\n\n<p>Si bien originalmente el comienzo estaba estipulado para este s\u00e1bado 18 finalmente se posterg\u00f3 7 d\u00edas debido a la falta de documentaci\u00f3n de algunos clubes. <\/p>\n\n\n\n<p>Finalmente ser\u00e1n siete equipos, seis clubes: Millo FDM, CAEF, Los Cuervos FDM, HAF, Escuela Municipal, Lasserre m\u00e1s la Preselecci\u00f3n de EPADE\/Araucan\u00eda.<\/p>\n\n\n\n<p>El principal objetivo es desarrollar el f\u00fatbol femenino, que compita en forma paralela al futsal y pueda contribuir al crecimiento de los seleccionados provinciales.<\/p>\n\n\n\n<p>De esta forma la Liga Ushuaiense organizar\u00e1 un torneo antes y otro despu\u00e9s del invierno iniciando la actividad femenina al aire libre e intentando darle continuidad en el tiempo.<\/p>\n\n\n\n<p>En cuanto a lo que vendr\u00e1 este mi\u00e9rcoles en el rubro salonero podemos adelantar que la convocatoria a delegados es para detallar c\u00f3mo ser\u00e1 la competencia de primera divisi\u00f3n masculina y femenina.<\/p>\n\n\n\n<p>El futsal disputar\u00e1 los torneos \u00abApertura\u00bb y \u00abClausura\u00bb m\u00e1s la \u00abCopa Ushuaia\u00bb. La dirigencia inform\u00f3 que a fin de a\u00f1o habr\u00e1 ascensos y descensos a trav\u00e9s de una Tabla General.<\/p>\n\n\n\n<p>Asimismo se informar\u00e1 a los representantes de los clubes que el pr\u00f3ximo 8 de Marzo en la sede de la Asociaci\u00f3n del F\u00fatbol Argentino ubicada en la Ciudad Aut\u00f3noma de Buenos Aires se realizar\u00e1 la reuni\u00f3n con el Departamento de Futsal y F\u00fatbol Playa del Consejo Federal.<\/p>\n\n\n\n<p>Finalmente se tocar\u00e1 el tema de Inferiores e Infantiles donde la Liga a informado mediante nota cu\u00e1les son las divisionales a presentar para esta temporada.<\/p>\n\n\n\n<p>A modo de cierre informativo el departamento salonero tiene la intenci\u00f3n de comenzar las actividades oficiales el segundo fin de semana de marzo, siempre y cuando cuente con los espacios deportivos para tal fin.<\/p>\n\n\n\n<figure class=\"wp-block-image size-large\"><a href=\"https:\/\/labestiadeportiva.com\/lbd\/wp-content\/uploads\/2023\/02\/IMG-20230218-WA0004-1.jpg\"><img loading=\"lazy\" width=\"1024\" height=\"373\" src=\"https:\/\/labestiadeportiva.com\/lbd\/wp-content\/uploads\/2023\/02\/IMG-20230218-WA0004-1-1024x373.jpg\" alt=\"\" class=\"wp-image-45134\" srcset=\"http:\/\/labestiadeportiva.com\/lbd\/wp-content\/uploads\/2023\/02\/IMG-20230218-WA0004-1-1024x373.jpg 1024w, http:\/\/labestiadeportiva.com\/lbd\/wp-content\/uploads\/2023\/02\/IMG-20230218-WA0004-1-300x109.jpg 300w, http:\/\/labestiadeportiva.com\/lbd\/wp-content\/uploads\/2023\/02\/IMG-20230218-WA0004-1-768x280.jpg 768w, http:\/\/labestiadeportiva.com\/lbd\/wp-content\/uploads\/2023\/02\/IMG-20230218-WA0004-1-640x233.jpg 640w, http:\/\/labestiadeportiva.com\/lbd\/wp-content\/uploads\/2023\/02\/IMG-20230218-WA0004-1.jpg 1280w\" sizes=\"(max-width: 1024px) 100vw, 1024px\" \/><\/a><\/figure>\n<div class='epvc-post-count'><span class='epvc-eye'><\/span>  <span class=\"epvc-count\"> 1.178<\/span><span class='epvc-label'> veces le\u00edda<\/span><\/div>\n<div class=\"jwsharethis\">\nShare this: \n<br \/>\n<a href=\"mailto:?subject=Reuniones%20en%20la%20Liga&amp;body=http%3A%2F%2Flabestiadeportiva.com%2Flbd%2Freuniones-en-la-liga%2F\">\n<img src=\"http:\/\/labestiadeportiva.com\/lbd\/wp-content\/plugins\/jw-share-this\/email.png\" alt=\"Share this page via Email\" \/>\n<\/a>\n<a target=\"_blank\" href=\"http:\/\/www.stumbleupon.com\/submit?url=http%3A%2F%2Flabestiadeportiva.com%2Flbd%2Freuniones-en-la-liga%2F&amp;title=Reuniones+en+la+Liga\">\n<img src=\"http:\/\/labestiadeportiva.com\/lbd\/wp-content\/plugins\/jw-share-this\/su.png\" alt=\"Share this page via Stumble Upon\" \/>\n<\/a>\n<a target=\"_blank\" href=\"http:\/\/digg.com\/submit?url=http%3A%2F%2Flabestiadeportiva.com%2Flbd%2Freuniones-en-la-liga%2F&amp;title=Reuniones+en+la+Liga\">\n<img src=\"http:\/\/labestiadeportiva.com\/lbd\/wp-content\/plugins\/jw-share-this\/digg.png\" alt=\"Share this page via Digg this\" \/>\n<\/a>\n<a target=\"_blank\" href=\"http:\/\/www.facebook.com\/sharer.php?u=http%3A%2F%2Flabestiadeportiva.com%2Flbd%2Freuniones-en-la-liga%2F&amp;t=Reuniones+en+la+Liga\">\n<img src=\"http:\/\/labestiadeportiva.com\/lbd\/wp-content\/plugins\/jw-share-this\/fb.png\" alt=\"Share this page via Facebook\" \/>\n<\/a>\n<a target=\"_blank\" href=\"http:\/\/twitter.com\/intent\/tweet?text=I+like+http%3A%2F%2Flabestiadeportiva.com%2Flbd%2Freuniones-en-la-liga%2F&amp;title=Reuniones+en+la+Liga\">\n<img src=\"http:\/\/labestiadeportiva.com\/lbd\/wp-content\/plugins\/jw-share-this\/twitter.png\" alt=\"Share this page via Twitter\" \/>\n<\/a>\n<\/div>\n","protected":false},"excerpt":{"rendered":"<p>La pr\u00f3xima se realizar\u00e1 el mi\u00e9rcoles en la nueva sede a las 20 horas siendo para el futsal AFA . Asimismo la semana pasada se realiz\u00f3 una actividad similar orientada al f\u00fatbol femenino que se pondr\u00e1 en marcha oficialmente el s\u00e1bado 25. Desde LBD, todos los detalles. 1.178 veces le\u00edda Share this:<\/p>\n","protected":false},"author":1,"featured_media":0,"comment_status":"open","ping_status":"open","sticky":false,"template":"","format":"standard","meta":[],"categories":[5,2780,3584,3084,1],"tags":[181,48,83],"_links":{"self":[{"href":"http:\/\/labestiadeportiva.com\/lbd\/wp-json\/wp\/v2\/posts\/45123"}],"collection":[{"href":"http:\/\/labestiadeportiva.com\/lbd\/wp-json\/wp\/v2\/posts"}],"about":[{"href":"http:\/\/labestiadeportiva.com\/lbd\/wp-json\/wp\/v2\/types\/post"}],"author":[{"embeddable":true,"href":"http:\/\/labestiadeportiva.com\/lbd\/wp-json\/wp\/v2\/users\/1"}],"replies":[{"embeddable":true,"href":"http:\/\/labestiadeportiva.com\/lbd\/wp-json\/wp\/v2\/comments?post=45123"}],"version-history":[{"count":2,"href":"http:\/\/labestiadeportiva.com\/lbd\/wp-json\/wp\/v2\/posts\/45123\/revisions"}],"predecessor-version":[{"id":45164,"href":"http:\/\/labestiadeportiva.com\/lbd\/wp-json\/wp\/v2\/posts\/45123\/revisions\/45164"}],"wp:attachment":[{"href":"http:\/\/labestiadeportiva.com\/lbd\/wp-json\/wp\/v2\/media?parent=45123"}],"wp:term":[{"taxonomy":"category","embeddable":true,"href":"http:\/\/labestiadeportiva.com\/lbd\/wp-json\/wp\/v2\/categories?post=45123"},{"taxonomy":"post_tag","embeddable":true,"href":"http:\/\/labestiadeportiva.com\/lbd\/wp-json\/wp\/v2\/tags?post=45123"}],"curies":[{"name":"wp","href":"https:\/\/api.w.org\/{rel}","templated":true}]}}