{"id":45136,"date":"2023-02-21T13:50:06","date_gmt":"2023-02-21T16:50:06","guid":{"rendered":"https:\/\/labestiadeportiva.com\/lbd\/?p=45136"},"modified":"2023-02-21T14:02:55","modified_gmt":"2023-02-21T17:02:55","slug":"aaron-pintos-de-punta-a-punta","status":"publish","type":"post","link":"http:\/\/labestiadeportiva.com\/lbd\/aaron-pintos-de-punta-a-punta\/","title":{"rendered":"Aaron Pintos de punta a punta"},"content":{"rendered":"\n<figure class=\"wp-block-image size-large\"><a href=\"https:\/\/labestiadeportiva.com\/lbd\/wp-content\/uploads\/2023\/02\/IMG-20230220-WA0034.jpg\"><img loading=\"lazy\" width=\"717\" height=\"1024\" src=\"https:\/\/labestiadeportiva.com\/lbd\/wp-content\/uploads\/2023\/02\/IMG-20230220-WA0034-717x1024.jpg\" alt=\"\" class=\"wp-image-45137\" srcset=\"http:\/\/labestiadeportiva.com\/lbd\/wp-content\/uploads\/2023\/02\/IMG-20230220-WA0034-717x1024.jpg 717w, http:\/\/labestiadeportiva.com\/lbd\/wp-content\/uploads\/2023\/02\/IMG-20230220-WA0034-210x300.jpg 210w, http:\/\/labestiadeportiva.com\/lbd\/wp-content\/uploads\/2023\/02\/IMG-20230220-WA0034-640x915.jpg 640w, http:\/\/labestiadeportiva.com\/lbd\/wp-content\/uploads\/2023\/02\/IMG-20230220-WA0034.jpg 720w\" sizes=\"(max-width: 717px) 100vw, 717px\" \/><\/a><\/figure>\n\n\n\n<figure class=\"wp-block-image size-full is-resized\"><a href=\"http:\/\/labestiadeportiva.com\/lbd\/wp-content\/uploads\/2022\/11\/CARA_PEREZ-2.jpg\"><img loading=\"lazy\" src=\"http:\/\/labestiadeportiva.com\/lbd\/wp-content\/uploads\/2022\/11\/CARA_PEREZ-2.jpg\" alt=\"\" class=\"wp-image-43576\" width=\"317\" height=\"65\" srcset=\"http:\/\/labestiadeportiva.com\/lbd\/wp-content\/uploads\/2022\/11\/CARA_PEREZ-2.jpg 600w, http:\/\/labestiadeportiva.com\/lbd\/wp-content\/uploads\/2022\/11\/CARA_PEREZ-2-300x62.jpg 300w\" sizes=\"(max-width: 317px) 100vw, 317px\" \/><\/a><\/figure>\n\n\n\n<p>Durante el fin de semana se disput\u00f3 la segunda edici\u00f3n del \u00abCruce de los Valles\u00bb, competencia de Mountain Bike organizada por Ushuaia Pro Bike. M\u00e1s de 90 corredores inscriptos de los cuales largaron 85 y finalizaron 77.<\/p>\n\n\n\n<p>Entre los varones el riograndense Aaron Pintos se impuso con autoridad mientras que la rama femenina su coterr\u00e1nea Agostina Melgarejo fue la mejor. La campeona Argentina Francisca Chiesa Bachey ocup\u00f3 el tercer escal\u00f3n del podio. Fuente y fotos prensa Ushuaia Pro Bike.<\/p>\n\n\n\n<!--more-->\n\n\n\n<figure class=\"wp-block-image size-full\"><a href=\"https:\/\/labestiadeportiva.com\/lbd\/wp-content\/uploads\/2023\/02\/IMG-20230220-WA0032.jpg\"><img loading=\"lazy\" width=\"720\" height=\"971\" src=\"https:\/\/labestiadeportiva.com\/lbd\/wp-content\/uploads\/2023\/02\/IMG-20230220-WA0032.jpg\" alt=\"\" class=\"wp-image-45141\" srcset=\"http:\/\/labestiadeportiva.com\/lbd\/wp-content\/uploads\/2023\/02\/IMG-20230220-WA0032.jpg 720w, http:\/\/labestiadeportiva.com\/lbd\/wp-content\/uploads\/2023\/02\/IMG-20230220-WA0032-222x300.jpg 222w, http:\/\/labestiadeportiva.com\/lbd\/wp-content\/uploads\/2023\/02\/IMG-20230220-WA0032-640x863.jpg 640w\" sizes=\"(max-width: 720px) 100vw, 720px\" \/><\/a><\/figure>\n\n\n\n<p>Segunda versi\u00f3n de la prueba que se inici\u00f3 por iniciativa de los muchachos de USH PRO BIKE luego de la pandemia.<\/p>\n\n\n\n<p>En esta oportunidad fueron dos etapas, s\u00e1bado y domingo, de 30 y 40 k respectivamente. <\/p>\n\n\n\n<p>El primer d\u00eda de acci\u00f3n 72 ciclistas se pusieron en marcha desde Llanos del Castor hac\u00eda el Polo Deportivo ubicado en el barrio de Andorra.<\/p>\n\n\n\n<p>Tramo r\u00e1pido con mucho descenso en contrapartida al domingo que el recorrido presentar\u00eda doble altitud. A decir verdad el circuito present\u00f3 todo los condimentos senderos, bosques, caminos de tierra, r\u00edos y turbales con la presencia de mucho barro producto de la sorprendente nevada de d\u00edas atr\u00e1s.<\/p>\n\n\n\n<p>En cuanto a los resultados deportivos Aaron Pintos despleg\u00f3 todo su nivel y jerarqu\u00eda para imponerse seguido m\u00e1s atr\u00e1s por un grupo que luch\u00f3 rueda a rueda compuesto por Gonzalo Pasdevicelli, Luciano \u00abLucho\u00bb Preto, Pablo Salgado y Mauricio N\u00fa\u00f1ez.<\/p>\n\n\n\n<figure class=\"wp-block-image size-large\"><a href=\"https:\/\/labestiadeportiva.com\/lbd\/wp-content\/uploads\/2023\/02\/IMG-20230220-WA0028.jpg\"><img loading=\"lazy\" width=\"1024\" height=\"682\" src=\"https:\/\/labestiadeportiva.com\/lbd\/wp-content\/uploads\/2023\/02\/IMG-20230220-WA0028-1024x682.jpg\" alt=\"\" class=\"wp-image-45142\" srcset=\"http:\/\/labestiadeportiva.com\/lbd\/wp-content\/uploads\/2023\/02\/IMG-20230220-WA0028-1024x682.jpg 1024w, http:\/\/labestiadeportiva.com\/lbd\/wp-content\/uploads\/2023\/02\/IMG-20230220-WA0028-300x200.jpg 300w, http:\/\/labestiadeportiva.com\/lbd\/wp-content\/uploads\/2023\/02\/IMG-20230220-WA0028-768x512.jpg 768w, http:\/\/labestiadeportiva.com\/lbd\/wp-content\/uploads\/2023\/02\/IMG-20230220-WA0028-1536x1023.jpg 1536w, http:\/\/labestiadeportiva.com\/lbd\/wp-content\/uploads\/2023\/02\/IMG-20230220-WA0028-640x426.jpg 640w, http:\/\/labestiadeportiva.com\/lbd\/wp-content\/uploads\/2023\/02\/IMG-20230220-WA0028.jpg 1600w\" sizes=\"(max-width: 1024px) 100vw, 1024px\" \/><\/a><\/figure>\n\n\n\n<p>Entre las damas Agostina Melgarejo mostr\u00f3 credenciales realizando una carrera perfecta, la ganadora fue escoltada por la capitalina Tatiana Godoy. La puntana y campeona Argentina Chiesa Bachey complet\u00f3 el podio.<\/p>\n\n\n\n<p>En el segundo d\u00eda de carrera se sumaron los segmentos Cadete y Promocional. El evento deportivo fue seguido por una importante cantidad de p\u00fablico quien se comport\u00f3 de la mejor manera auxiliando a los corredores cuando la ocasi\u00f3n lo ameritaba.<\/p>\n\n\n\n<p>Desde la organizaci\u00f3n destacaron la colaboraci\u00f3n de Gendarmer\u00eda, Transporte Provincial, Tr\u00e1nsito y Defensa Civil Municipal c\u00f3mo as\u00ed tambi\u00e9n a las ambulancias que acompa\u00f1aron durante toda la carrera.<\/p>\n\n\n\n<figure class=\"wp-block-image size-large\"><a href=\"https:\/\/labestiadeportiva.com\/lbd\/wp-content\/uploads\/2023\/02\/IMG-20230220-WA0029.jpg\"><img loading=\"lazy\" width=\"1024\" height=\"727\" src=\"https:\/\/labestiadeportiva.com\/lbd\/wp-content\/uploads\/2023\/02\/IMG-20230220-WA0029-1024x727.jpg\" alt=\"\" class=\"wp-image-45144\" srcset=\"http:\/\/labestiadeportiva.com\/lbd\/wp-content\/uploads\/2023\/02\/IMG-20230220-WA0029-1024x727.jpg 1024w, http:\/\/labestiadeportiva.com\/lbd\/wp-content\/uploads\/2023\/02\/IMG-20230220-WA0029-300x213.jpg 300w, http:\/\/labestiadeportiva.com\/lbd\/wp-content\/uploads\/2023\/02\/IMG-20230220-WA0029-768x545.jpg 768w, http:\/\/labestiadeportiva.com\/lbd\/wp-content\/uploads\/2023\/02\/IMG-20230220-WA0029-1536x1091.jpg 1536w, http:\/\/labestiadeportiva.com\/lbd\/wp-content\/uploads\/2023\/02\/IMG-20230220-WA0029-640x454.jpg 640w, http:\/\/labestiadeportiva.com\/lbd\/wp-content\/uploads\/2023\/02\/IMG-20230220-WA0029.jpg 1600w\" sizes=\"(max-width: 1024px) 100vw, 1024px\" \/><\/a><\/figure>\n\n\n\n<p>Finalmente los organizadores agradecieron al INFUETUR quien hizo posible la llegada de la corredora de elite. Asimismo nos adelantaron la intenci\u00f3n, el a\u00f1o pr\u00f3ximo, de sumarle una nueva etapa a las dos existentes, ser\u00eda Pr\u00f3logo Nocturno,  incluir nuevos tramos y no descartan la presencia de equipos oficiales.<\/p>\n\n\n\n<p>El Cruce de los Valles lleg\u00f3 para quedarse promete meterse definitivamente en el calendario deportivo de verano y mejorar su puesta en escena a\u00f1o tras a\u00f1o.<\/p>\n\n\n\n<figure class=\"wp-block-image\"><img alt=\"\"\/><\/figure>\n\n\n\n<figure class=\"wp-block-image size-full\"><a href=\"https:\/\/labestiadeportiva.com\/lbd\/wp-content\/uploads\/2023\/02\/Screenshot_20230221-1339042.png\"><img loading=\"lazy\" width=\"691\" height=\"759\" src=\"https:\/\/labestiadeportiva.com\/lbd\/wp-content\/uploads\/2023\/02\/Screenshot_20230221-1339042.png\" alt=\"\" class=\"wp-image-45138\" srcset=\"http:\/\/labestiadeportiva.com\/lbd\/wp-content\/uploads\/2023\/02\/Screenshot_20230221-1339042.png 691w, http:\/\/labestiadeportiva.com\/lbd\/wp-content\/uploads\/2023\/02\/Screenshot_20230221-1339042-273x300.png 273w, http:\/\/labestiadeportiva.com\/lbd\/wp-content\/uploads\/2023\/02\/Screenshot_20230221-1339042-640x703.png 640w\" sizes=\"(max-width: 691px) 100vw, 691px\" \/><\/a><\/figure>\n\n\n\n<figure class=\"wp-block-image size-full\"><a href=\"https:\/\/labestiadeportiva.com\/lbd\/wp-content\/uploads\/2023\/02\/Screenshot_20230221-1339162.png\"><img loading=\"lazy\" width=\"682\" height=\"653\" src=\"https:\/\/labestiadeportiva.com\/lbd\/wp-content\/uploads\/2023\/02\/Screenshot_20230221-1339162.png\" alt=\"\" class=\"wp-image-45139\" srcset=\"http:\/\/labestiadeportiva.com\/lbd\/wp-content\/uploads\/2023\/02\/Screenshot_20230221-1339162.png 682w, http:\/\/labestiadeportiva.com\/lbd\/wp-content\/uploads\/2023\/02\/Screenshot_20230221-1339162-300x287.png 300w, http:\/\/labestiadeportiva.com\/lbd\/wp-content\/uploads\/2023\/02\/Screenshot_20230221-1339162-640x613.png 640w\" sizes=\"(max-width: 682px) 100vw, 682px\" \/><\/a><\/figure>\n\n\n\n<p><br><\/p>\n<div class='epvc-post-count'><span class='epvc-eye'><\/span>  <span class=\"epvc-count\"> 1.249<\/span><span class='epvc-label'> veces le\u00edda<\/span><\/div>\n<div class=\"jwsharethis\">\nShare this: \n<br \/>\n<a href=\"mailto:?subject=Aaron%20Pintos%20de%20punta%20a%20punta&amp;body=http%3A%2F%2Flabestiadeportiva.com%2Flbd%2Faaron-pintos-de-punta-a-punta%2F\">\n<img src=\"http:\/\/labestiadeportiva.com\/lbd\/wp-content\/plugins\/jw-share-this\/email.png\" alt=\"Share this page via Email\" \/>\n<\/a>\n<a target=\"_blank\" href=\"http:\/\/www.stumbleupon.com\/submit?url=http%3A%2F%2Flabestiadeportiva.com%2Flbd%2Faaron-pintos-de-punta-a-punta%2F&amp;title=Aaron+Pintos+de+punta+a+punta\">\n<img src=\"http:\/\/labestiadeportiva.com\/lbd\/wp-content\/plugins\/jw-share-this\/su.png\" alt=\"Share this page via Stumble Upon\" \/>\n<\/a>\n<a target=\"_blank\" href=\"http:\/\/digg.com\/submit?url=http%3A%2F%2Flabestiadeportiva.com%2Flbd%2Faaron-pintos-de-punta-a-punta%2F&amp;title=Aaron+Pintos+de+punta+a+punta\">\n<img src=\"http:\/\/labestiadeportiva.com\/lbd\/wp-content\/plugins\/jw-share-this\/digg.png\" alt=\"Share this page via Digg this\" \/>\n<\/a>\n<a target=\"_blank\" href=\"http:\/\/www.facebook.com\/sharer.php?u=http%3A%2F%2Flabestiadeportiva.com%2Flbd%2Faaron-pintos-de-punta-a-punta%2F&amp;t=Aaron+Pintos+de+punta+a+punta\">\n<img src=\"http:\/\/labestiadeportiva.com\/lbd\/wp-content\/plugins\/jw-share-this\/fb.png\" alt=\"Share this page via Facebook\" \/>\n<\/a>\n<a target=\"_blank\" href=\"http:\/\/twitter.com\/intent\/tweet?text=I+like+http%3A%2F%2Flabestiadeportiva.com%2Flbd%2Faaron-pintos-de-punta-a-punta%2F&amp;title=Aaron+Pintos+de+punta+a+punta\">\n<img src=\"http:\/\/labestiadeportiva.com\/lbd\/wp-content\/plugins\/jw-share-this\/twitter.png\" alt=\"Share this page via Twitter\" \/>\n<\/a>\n<\/div>\n","protected":false},"excerpt":{"rendered":"<p>Durante el fin de semana se disput\u00f3 la segunda edici\u00f3n del \u00abCruce de los Valles\u00bb, competencia de Mountain Bike organizada por Ushuaia Pro Bike. M\u00e1s de 90 corredores inscriptos de los cuales largaron 85 y finalizaron 77. Entre los varones el riograndense Aaron Pintos se impuso con autoridad mientras que la rama femenina su coterr\u00e1nea &hellip; <a href=\"http:\/\/labestiadeportiva.com\/lbd\/aaron-pintos-de-punta-a-punta\/\" class=\"more-link\">Seguir leyendo <span class=\"screen-reader-text\">Aaron Pintos de punta a punta<\/span> <span class=\"meta-nav\">&rarr;<\/span><\/a><\/p>\n","protected":false},"author":1,"featured_media":0,"comment_status":"open","ping_status":"open","sticky":false,"template":"","format":"standard","meta":[],"categories":[3831,5,6,2888,1],"tags":[538,4985,2022,83],"_links":{"self":[{"href":"http:\/\/labestiadeportiva.com\/lbd\/wp-json\/wp\/v2\/posts\/45136"}],"collection":[{"href":"http:\/\/labestiadeportiva.com\/lbd\/wp-json\/wp\/v2\/posts"}],"about":[{"href":"http:\/\/labestiadeportiva.com\/lbd\/wp-json\/wp\/v2\/types\/post"}],"author":[{"embeddable":true,"href":"http:\/\/labestiadeportiva.com\/lbd\/wp-json\/wp\/v2\/users\/1"}],"replies":[{"embeddable":true,"href":"http:\/\/labestiadeportiva.com\/lbd\/wp-json\/wp\/v2\/comments?post=45136"}],"version-history":[{"count":3,"href":"http:\/\/labestiadeportiva.com\/lbd\/wp-json\/wp\/v2\/posts\/45136\/revisions"}],"predecessor-version":[{"id":45148,"href":"http:\/\/labestiadeportiva.com\/lbd\/wp-json\/wp\/v2\/posts\/45136\/revisions\/45148"}],"wp:attachment":[{"href":"http:\/\/labestiadeportiva.com\/lbd\/wp-json\/wp\/v2\/media?parent=45136"}],"wp:term":[{"taxonomy":"category","embeddable":true,"href":"http:\/\/labestiadeportiva.com\/lbd\/wp-json\/wp\/v2\/categories?post=45136"},{"taxonomy":"post_tag","embeddable":true,"href":"http:\/\/labestiadeportiva.com\/lbd\/wp-json\/wp\/v2\/tags?post=45136"}],"curies":[{"name":"wp","href":"https:\/\/api.w.org\/{rel}","templated":true}]}}