{"id":45246,"date":"2023-03-03T08:56:38","date_gmt":"2023-03-03T11:56:38","guid":{"rendered":"http:\/\/labestiadeportiva.com\/lbd\/?p=45246"},"modified":"2023-03-03T08:56:40","modified_gmt":"2023-03-03T11:56:40","slug":"hombres-y-maquinas-4","status":"publish","type":"post","link":"http:\/\/labestiadeportiva.com\/lbd\/hombres-y-maquinas-4\/","title":{"rendered":"Hombres y Maquinas"},"content":{"rendered":"\n<figure class=\"wp-block-image size-large\"><a href=\"http:\/\/labestiadeportiva.com\/lbd\/wp-content\/uploads\/2023\/03\/presentacion-F-1-2023.jpg\"><img loading=\"lazy\" width=\"1024\" height=\"683\" src=\"http:\/\/labestiadeportiva.com\/lbd\/wp-content\/uploads\/2023\/03\/presentacion-F-1-2023-1024x683.jpg\" alt=\"\" class=\"wp-image-45247\" srcset=\"http:\/\/labestiadeportiva.com\/lbd\/wp-content\/uploads\/2023\/03\/presentacion-F-1-2023-1024x683.jpg 1024w, http:\/\/labestiadeportiva.com\/lbd\/wp-content\/uploads\/2023\/03\/presentacion-F-1-2023-300x200.jpg 300w, http:\/\/labestiadeportiva.com\/lbd\/wp-content\/uploads\/2023\/03\/presentacion-F-1-2023-768x512.jpg 768w, http:\/\/labestiadeportiva.com\/lbd\/wp-content\/uploads\/2023\/03\/presentacion-F-1-2023-640x427.jpg 640w, http:\/\/labestiadeportiva.com\/lbd\/wp-content\/uploads\/2023\/03\/presentacion-F-1-2023.jpg 1320w\" sizes=\"(max-width: 1024px) 100vw, 1024px\" \/><\/a><\/figure>\n\n\n\n<figure class=\"wp-block-image size-full is-resized\"><a href=\"http:\/\/labestiadeportiva.com\/lbd\/wp-content\/uploads\/2022\/11\/CARA_CAMPOS-1.jpg\"><img loading=\"lazy\" src=\"http:\/\/labestiadeportiva.com\/lbd\/wp-content\/uploads\/2022\/11\/CARA_CAMPOS-1.jpg\" alt=\"\" class=\"wp-image-43575\" width=\"313\" height=\"64\" srcset=\"http:\/\/labestiadeportiva.com\/lbd\/wp-content\/uploads\/2022\/11\/CARA_CAMPOS-1.jpg 600w, http:\/\/labestiadeportiva.com\/lbd\/wp-content\/uploads\/2022\/11\/CARA_CAMPOS-1-300x62.jpg 300w\" sizes=\"(max-width: 313px) 100vw, 313px\" \/><\/a><\/figure>\n\n\n\n<p>Para la temporada 2023, los diez equipos de la m\u00e1xima categor\u00eda ya tienen nombre y apellido, tres caras nuevas y un total de trece nacionalidades. Cambio de jefes de escuder\u00edas, que tambi\u00e9n tiene su peso, en el torneo m\u00e1s largo de la historia de la F-1, que afronta novedades en el aspecto reglamentario y deportivo.\u00a0\u00a0\u00a0<\/p>\n\n\n\n<!--more-->\n\n\n\n<p>La escuder\u00eda Red Bull, bajo la supervisi\u00f3n de Christian Horner desde el muro de boxes, contar\u00e1 con los servicios del bicampe\u00f3n Max Verstappen (1) y de Sergio \u201cCheco\u201d P\u00e9rez (11). Holand\u00e9s y mexicano se pondr\u00e1n a los mandos del nuevo RB 19 con motor Honda.<\/p>\n\n\n\n<p>El franc\u00e9s Fr\u00e9deric Vasseur deja Alfa Romeo para ponerse al frente del equipo Ferrari que confiara el novedoso SF-23 a manos del monegasco Charles Leclerc (16) y el espa\u00f1ol Carlos Sainz (55).<\/p>\n\n\n\n<p>&nbsp;Toto Wolff sigue al frente de la escuadra anglo-alemana Mercedes Benz, el austr\u00edaco, junto a la dupla brit\u00e1nica formada por Lewis Hamilton (44) y George Russell (63), intentar\u00e1n volver a la senda del triunfo, subidos a bordo del W14, equipado con motor Mercedes Benz.<\/p>\n\n\n\n<p>El Alpine AS 23 es la nueva apuesta \u201ctodo franc\u00e9s\u201d de la casa Renault, con Esteban Ocon (31) y Pierre Gasly (10) y con la direcci\u00f3n del norteamericano de origen rumano Otmar Szafnauer.&nbsp;<\/p>\n\n\n\n<p>La escuder\u00eda McLaren cumple 60 a\u00f1os en la categor\u00eda, por esa raz\u00f3n el nuevo monoplaza lleva la denominaci\u00f3n MCL 60 con motor Mercedes Benz. El brit\u00e1nico Lando Norris (4) y el australiano Oscar Piastri (81) ser\u00e1n los hombres encargados de conducirlo, desde el muro vigilar\u00e1 sus evoluciones, el italiano Andrea Stella.<\/p>\n\n\n\n<p>La casa italiana Alfa Romeo mantiene al finland\u00e9s Valtteri Bottas (77) y al chino Guany Zhou (24), y pone en pista el monoplaza C43 con motor Ferrari. Dirige t\u00e1cticamente el italiano&nbsp; Alunni Bravi.<\/p>\n\n\n\n<p>El equipo Aston Martin apuesta fuerte con el AMR 23 con un impulsor Mercedes Benz, bajo la direcci\u00f3n del luxemburgu\u00e9s Mike Krack. Fernando Alonso (14) y Lance Stroll (18) a\u00fanan juventud y experiencia a partes iguales.<\/p>\n\n\n\n<p>El nuevo AT 04, el auto de la escuder\u00eda Alpha Tauri, ser\u00e1 confiado al japon\u00e9s Yuki Tsunoda (22) y al neerland\u00e9s Nick de Vries (21), bajo la direcci\u00f3n del austr\u00edaco Franz Tost.<\/p>\n\n\n\n<figure class=\"wp-block-image size-full\"><a href=\"http:\/\/labestiadeportiva.com\/lbd\/wp-content\/uploads\/2023\/03\/penus-pirelli-f1-.jpg\"><img loading=\"lazy\" width=\"980\" height=\"490\" src=\"http:\/\/labestiadeportiva.com\/lbd\/wp-content\/uploads\/2023\/03\/penus-pirelli-f1-.jpg\" alt=\"\" class=\"wp-image-45249\" srcset=\"http:\/\/labestiadeportiva.com\/lbd\/wp-content\/uploads\/2023\/03\/penus-pirelli-f1-.jpg 980w, http:\/\/labestiadeportiva.com\/lbd\/wp-content\/uploads\/2023\/03\/penus-pirelli-f1--300x150.jpg 300w, http:\/\/labestiadeportiva.com\/lbd\/wp-content\/uploads\/2023\/03\/penus-pirelli-f1--768x384.jpg 768w, http:\/\/labestiadeportiva.com\/lbd\/wp-content\/uploads\/2023\/03\/penus-pirelli-f1--640x320.jpg 640w\" sizes=\"(max-width: 980px) 100vw, 980px\" \/><\/a><\/figure>\n\n\n\n<p>El nuevo monoplaza VF-23 con motor Ferrari, de la escuadra americana Haas, ser\u00e1 conducido por el dan\u00e9s Kevin Magnussen (20) y el alem\u00e1n Nico Hulkenberg. En el muro de boxes, estar\u00e1 el italiano Guenther Steiner.<\/p>\n\n\n\n<p>El FW 45 con impulsor Mercedes Benz, es la herramienta que el equipo Williams pondr\u00e1 en manos del brit\u00e1nico de ascendencia tailandesa, Alexander Albon (23), y el debutante norteamericano Logan Sargeant (2), el brit\u00e1nico James Volwes ser\u00e1 el director de equipo.<\/p>\n\n\n\n<p>Nota:&nbsp;&nbsp;<\/p>\n\n\n\n<p>Los n\u00fameros entre par\u00e9ntesis indican el n\u00famero que llevar\u00e1n en su monoplaza.<\/p>\n\n\n\n<figure class=\"wp-block-image size-full\"><a href=\"http:\/\/labestiadeportiva.com\/lbd\/wp-content\/uploads\/2023\/03\/Monaco-Loews.jpg\"><img loading=\"lazy\" width=\"976\" height=\"651\" src=\"http:\/\/labestiadeportiva.com\/lbd\/wp-content\/uploads\/2023\/03\/Monaco-Loews.jpg\" alt=\"\" class=\"wp-image-45248\" srcset=\"http:\/\/labestiadeportiva.com\/lbd\/wp-content\/uploads\/2023\/03\/Monaco-Loews.jpg 976w, http:\/\/labestiadeportiva.com\/lbd\/wp-content\/uploads\/2023\/03\/Monaco-Loews-300x200.jpg 300w, http:\/\/labestiadeportiva.com\/lbd\/wp-content\/uploads\/2023\/03\/Monaco-Loews-768x512.jpg 768w, http:\/\/labestiadeportiva.com\/lbd\/wp-content\/uploads\/2023\/03\/Monaco-Loews-640x427.jpg 640w\" sizes=\"(max-width: 976px) 100vw, 976px\" \/><\/a><\/figure>\n<div class='epvc-post-count'><span class='epvc-eye'><\/span>  <span class=\"epvc-count\"> 1.077<\/span><span class='epvc-label'> veces le\u00edda<\/span><\/div>\n<div class=\"jwsharethis\">\nShare this: \n<br \/>\n<a href=\"mailto:?subject=Hombres%20y%20Maquinas&amp;body=http%3A%2F%2Flabestiadeportiva.com%2Flbd%2Fhombres-y-maquinas-4%2F\">\n<img src=\"http:\/\/labestiadeportiva.com\/lbd\/wp-content\/plugins\/jw-share-this\/email.png\" alt=\"Share this page via Email\" \/>\n<\/a>\n<a target=\"_blank\" href=\"http:\/\/www.stumbleupon.com\/submit?url=http%3A%2F%2Flabestiadeportiva.com%2Flbd%2Fhombres-y-maquinas-4%2F&amp;title=Hombres+y+Maquinas\">\n<img src=\"http:\/\/labestiadeportiva.com\/lbd\/wp-content\/plugins\/jw-share-this\/su.png\" alt=\"Share this page via Stumble Upon\" \/>\n<\/a>\n<a target=\"_blank\" href=\"http:\/\/digg.com\/submit?url=http%3A%2F%2Flabestiadeportiva.com%2Flbd%2Fhombres-y-maquinas-4%2F&amp;title=Hombres+y+Maquinas\">\n<img src=\"http:\/\/labestiadeportiva.com\/lbd\/wp-content\/plugins\/jw-share-this\/digg.png\" alt=\"Share this page via Digg this\" \/>\n<\/a>\n<a target=\"_blank\" href=\"http:\/\/www.facebook.com\/sharer.php?u=http%3A%2F%2Flabestiadeportiva.com%2Flbd%2Fhombres-y-maquinas-4%2F&amp;t=Hombres+y+Maquinas\">\n<img src=\"http:\/\/labestiadeportiva.com\/lbd\/wp-content\/plugins\/jw-share-this\/fb.png\" alt=\"Share this page via Facebook\" \/>\n<\/a>\n<a target=\"_blank\" href=\"http:\/\/twitter.com\/intent\/tweet?text=I+like+http%3A%2F%2Flabestiadeportiva.com%2Flbd%2Fhombres-y-maquinas-4%2F&amp;title=Hombres+y+Maquinas\">\n<img src=\"http:\/\/labestiadeportiva.com\/lbd\/wp-content\/plugins\/jw-share-this\/twitter.png\" alt=\"Share this page via Twitter\" \/>\n<\/a>\n<\/div>\n","protected":false},"excerpt":{"rendered":"<p>Para la temporada 2023, los diez equipos de la m\u00e1xima categor\u00eda ya tienen nombre y apellido, tres caras nuevas y un total de trece nacionalidades. Cambio de jefes de escuder\u00edas, que tambi\u00e9n tiene su peso, en el torneo m\u00e1s largo de la historia de la F-1, que afronta novedades en el aspecto reglamentario y deportivo.\u00a0\u00a0\u00a0 &hellip; <a href=\"http:\/\/labestiadeportiva.com\/lbd\/hombres-y-maquinas-4\/\" class=\"more-link\">Seguir leyendo <span class=\"screen-reader-text\">Hombres y Maquinas<\/span> <span class=\"meta-nav\">&rarr;<\/span><\/a><\/p>\n","protected":false},"author":1,"featured_media":0,"comment_status":"open","ping_status":"open","sticky":false,"template":"","format":"standard","meta":[],"categories":[2176,4,3534,1],"tags":[154,4995],"_links":{"self":[{"href":"http:\/\/labestiadeportiva.com\/lbd\/wp-json\/wp\/v2\/posts\/45246"}],"collection":[{"href":"http:\/\/labestiadeportiva.com\/lbd\/wp-json\/wp\/v2\/posts"}],"about":[{"href":"http:\/\/labestiadeportiva.com\/lbd\/wp-json\/wp\/v2\/types\/post"}],"author":[{"embeddable":true,"href":"http:\/\/labestiadeportiva.com\/lbd\/wp-json\/wp\/v2\/users\/1"}],"replies":[{"embeddable":true,"href":"http:\/\/labestiadeportiva.com\/lbd\/wp-json\/wp\/v2\/comments?post=45246"}],"version-history":[{"count":1,"href":"http:\/\/labestiadeportiva.com\/lbd\/wp-json\/wp\/v2\/posts\/45246\/revisions"}],"predecessor-version":[{"id":45250,"href":"http:\/\/labestiadeportiva.com\/lbd\/wp-json\/wp\/v2\/posts\/45246\/revisions\/45250"}],"wp:attachment":[{"href":"http:\/\/labestiadeportiva.com\/lbd\/wp-json\/wp\/v2\/media?parent=45246"}],"wp:term":[{"taxonomy":"category","embeddable":true,"href":"http:\/\/labestiadeportiva.com\/lbd\/wp-json\/wp\/v2\/categories?post=45246"},{"taxonomy":"post_tag","embeddable":true,"href":"http:\/\/labestiadeportiva.com\/lbd\/wp-json\/wp\/v2\/tags?post=45246"}],"curies":[{"name":"wp","href":"https:\/\/api.w.org\/{rel}","templated":true}]}}