{"id":45251,"date":"2023-03-03T17:40:03","date_gmt":"2023-03-03T20:40:03","guid":{"rendered":"http:\/\/labestiadeportiva.com\/lbd\/?p=45251"},"modified":"2023-03-03T17:56:57","modified_gmt":"2023-03-03T20:56:57","slug":"arranca-el-torneo-de-transicion","status":"publish","type":"post","link":"http:\/\/labestiadeportiva.com\/lbd\/arranca-el-torneo-de-transicion\/","title":{"rendered":"Arranca el Torneo de Transici\u00f3n"},"content":{"rendered":"\n<figure class=\"wp-block-image size-full\"><a href=\"http:\/\/labestiadeportiva.com\/lbd\/wp-content\/uploads\/2023\/03\/FB_IMG_1677875729280.jpg\"><img loading=\"lazy\" width=\"960\" height=\"960\" src=\"http:\/\/labestiadeportiva.com\/lbd\/wp-content\/uploads\/2023\/03\/FB_IMG_1677875729280.jpg\" alt=\"\" class=\"wp-image-45254\" srcset=\"http:\/\/labestiadeportiva.com\/lbd\/wp-content\/uploads\/2023\/03\/FB_IMG_1677875729280.jpg 960w, http:\/\/labestiadeportiva.com\/lbd\/wp-content\/uploads\/2023\/03\/FB_IMG_1677875729280-300x300.jpg 300w, http:\/\/labestiadeportiva.com\/lbd\/wp-content\/uploads\/2023\/03\/FB_IMG_1677875729280-150x150.jpg 150w, http:\/\/labestiadeportiva.com\/lbd\/wp-content\/uploads\/2023\/03\/FB_IMG_1677875729280-768x768.jpg 768w, http:\/\/labestiadeportiva.com\/lbd\/wp-content\/uploads\/2023\/03\/FB_IMG_1677875729280-640x640.jpg 640w\" sizes=\"(max-width: 960px) 100vw, 960px\" \/><\/a><\/figure>\n\n\n\n<figure class=\"wp-block-image size-full is-resized\"><a href=\"http:\/\/labestiadeportiva.com\/lbd\/wp-content\/uploads\/2022\/11\/CARA_PEREZ-2.jpg\"><img loading=\"lazy\" src=\"http:\/\/labestiadeportiva.com\/lbd\/wp-content\/uploads\/2022\/11\/CARA_PEREZ-2.jpg\" alt=\"\" class=\"wp-image-43576\" width=\"332\" height=\"68\" srcset=\"http:\/\/labestiadeportiva.com\/lbd\/wp-content\/uploads\/2022\/11\/CARA_PEREZ-2.jpg 600w, http:\/\/labestiadeportiva.com\/lbd\/wp-content\/uploads\/2022\/11\/CARA_PEREZ-2-300x62.jpg 300w\" sizes=\"(max-width: 332px) 100vw, 332px\" \/><\/a><\/figure>\n\n\n\n<p>La Liga Ushuaiense de F\u00fatbol pondr\u00e1 en marcha el primer torneo masculino de la temporada. Ser\u00e1 este viernes desde las 21 horas en el sint\u00e9tico \u00abHugo Lumbreras\u00bb con el partido Pratt\/Comercio. El resto de la jornada s\u00e1bado y domingo. CAEF tendr\u00e1 fecha libre. As\u00edmismo se jugar\u00e1 la segunda del Femenino. Desde LBD, los detalles.<\/p>\n\n\n\n<!--more-->\n\n\n\n<p>En primera divisi\u00f3n masculina se disputar\u00e1n 7 partidos. El ya mencionado del viernes, dos el s\u00e1bado (14 AATEDYC\/AMPS) y (21 Los Andes\/Camioneros). La jornada dominguera ser\u00e1 la m\u00e1s intensa con cuatro choques en los horarios de 13,15,17 y 19 horas. <\/p>\n\n\n\n<p>En la fecha inaugural descansar\u00e1 el Club Atl\u00e9tico de la Educaci\u00f3n Fueguina. La competencia servir\u00e1 para establecer las divisionales \u00abA\u00bb y \u00abB\u00bb.<\/p>\n\n\n\n<p>Por el lado de las \u00abChicas\u00bb la segunda fecha de su flamante torneo se nugar\u00e1 el s\u00e1bado con tres partidos a las 16.30, 18 y 19.30 horas teniendo fecha libre Escuela Municipal.<\/p>\n\n\n\n<figure class=\"wp-block-image size-large\"><a href=\"http:\/\/labestiadeportiva.com\/lbd\/wp-content\/uploads\/2023\/03\/IMG-20230302-WA00123.jpg\"><img loading=\"lazy\" width=\"1024\" height=\"539\" src=\"http:\/\/labestiadeportiva.com\/lbd\/wp-content\/uploads\/2023\/03\/IMG-20230302-WA00123-1024x539.jpg\" alt=\"\" class=\"wp-image-45252\" srcset=\"http:\/\/labestiadeportiva.com\/lbd\/wp-content\/uploads\/2023\/03\/IMG-20230302-WA00123-1024x539.jpg 1024w, http:\/\/labestiadeportiva.com\/lbd\/wp-content\/uploads\/2023\/03\/IMG-20230302-WA00123-300x158.jpg 300w, http:\/\/labestiadeportiva.com\/lbd\/wp-content\/uploads\/2023\/03\/IMG-20230302-WA00123-768x404.jpg 768w, http:\/\/labestiadeportiva.com\/lbd\/wp-content\/uploads\/2023\/03\/IMG-20230302-WA00123-640x337.jpg 640w, http:\/\/labestiadeportiva.com\/lbd\/wp-content\/uploads\/2023\/03\/IMG-20230302-WA00123.jpg 1131w\" sizes=\"(max-width: 1024px) 100vw, 1024px\" \/><\/a><\/figure>\n\n\n\n<figure class=\"wp-block-image size-full\"><a href=\"http:\/\/labestiadeportiva.com\/lbd\/wp-content\/uploads\/2023\/03\/IMG-20230302-WA0011.jpg\"><img loading=\"lazy\" width=\"757\" height=\"212\" src=\"http:\/\/labestiadeportiva.com\/lbd\/wp-content\/uploads\/2023\/03\/IMG-20230302-WA0011.jpg\" alt=\"\" class=\"wp-image-45253\" srcset=\"http:\/\/labestiadeportiva.com\/lbd\/wp-content\/uploads\/2023\/03\/IMG-20230302-WA0011.jpg 757w, http:\/\/labestiadeportiva.com\/lbd\/wp-content\/uploads\/2023\/03\/IMG-20230302-WA0011-300x84.jpg 300w, http:\/\/labestiadeportiva.com\/lbd\/wp-content\/uploads\/2023\/03\/IMG-20230302-WA0011-640x179.jpg 640w\" sizes=\"(max-width: 757px) 100vw, 757px\" \/><\/a><\/figure>\n<div class='epvc-post-count'><span class='epvc-eye'><\/span>  <span class=\"epvc-count\"> 1.236<\/span><span class='epvc-label'> veces le\u00edda<\/span><\/div>\n<div class=\"jwsharethis\">\nShare this: \n<br \/>\n<a href=\"mailto:?subject=Arranca%20el%20Torneo%20de%20Transici%C3%B3n&amp;body=http%3A%2F%2Flabestiadeportiva.com%2Flbd%2Farranca-el-torneo-de-transicion%2F\">\n<img src=\"http:\/\/labestiadeportiva.com\/lbd\/wp-content\/plugins\/jw-share-this\/email.png\" alt=\"Share this page via Email\" \/>\n<\/a>\n<a target=\"_blank\" href=\"http:\/\/www.stumbleupon.com\/submit?url=http%3A%2F%2Flabestiadeportiva.com%2Flbd%2Farranca-el-torneo-de-transicion%2F&amp;title=Arranca+el+Torneo+de+Transici%C3%B3n\">\n<img src=\"http:\/\/labestiadeportiva.com\/lbd\/wp-content\/plugins\/jw-share-this\/su.png\" alt=\"Share this page via Stumble Upon\" \/>\n<\/a>\n<a target=\"_blank\" href=\"http:\/\/digg.com\/submit?url=http%3A%2F%2Flabestiadeportiva.com%2Flbd%2Farranca-el-torneo-de-transicion%2F&amp;title=Arranca+el+Torneo+de+Transici%C3%B3n\">\n<img src=\"http:\/\/labestiadeportiva.com\/lbd\/wp-content\/plugins\/jw-share-this\/digg.png\" alt=\"Share this page via Digg this\" \/>\n<\/a>\n<a target=\"_blank\" href=\"http:\/\/www.facebook.com\/sharer.php?u=http%3A%2F%2Flabestiadeportiva.com%2Flbd%2Farranca-el-torneo-de-transicion%2F&amp;t=Arranca+el+Torneo+de+Transici%C3%B3n\">\n<img src=\"http:\/\/labestiadeportiva.com\/lbd\/wp-content\/plugins\/jw-share-this\/fb.png\" alt=\"Share this page via Facebook\" \/>\n<\/a>\n<a target=\"_blank\" href=\"http:\/\/twitter.com\/intent\/tweet?text=I+like+http%3A%2F%2Flabestiadeportiva.com%2Flbd%2Farranca-el-torneo-de-transicion%2F&amp;title=Arranca+el+Torneo+de+Transici%C3%B3n\">\n<img src=\"http:\/\/labestiadeportiva.com\/lbd\/wp-content\/plugins\/jw-share-this\/twitter.png\" alt=\"Share this page via Twitter\" \/>\n<\/a>\n<\/div>\n","protected":false},"excerpt":{"rendered":"<p>La Liga Ushuaiense de F\u00fatbol pondr\u00e1 en marcha el primer torneo masculino de la temporada. Ser\u00e1 este viernes desde las 21 horas en el sint\u00e9tico \u00abHugo Lumbreras\u00bb con el partido Pratt\/Comercio. El resto de la jornada s\u00e1bado y domingo. CAEF tendr\u00e1 fecha libre. As\u00edmismo se jugar\u00e1 la segunda del Femenino. Desde LBD, los detalles. 1.236 &hellip; <a href=\"http:\/\/labestiadeportiva.com\/lbd\/arranca-el-torneo-de-transicion\/\" class=\"more-link\">Seguir leyendo <span class=\"screen-reader-text\">Arranca el Torneo de Transici\u00f3n<\/span> <span class=\"meta-nav\">&rarr;<\/span><\/a><\/p>\n","protected":false},"author":1,"featured_media":0,"comment_status":"open","ping_status":"open","sticky":false,"template":"","format":"standard","meta":[],"categories":[5,1987,2439,1],"tags":[17,48,83,1717],"_links":{"self":[{"href":"http:\/\/labestiadeportiva.com\/lbd\/wp-json\/wp\/v2\/posts\/45251"}],"collection":[{"href":"http:\/\/labestiadeportiva.com\/lbd\/wp-json\/wp\/v2\/posts"}],"about":[{"href":"http:\/\/labestiadeportiva.com\/lbd\/wp-json\/wp\/v2\/types\/post"}],"author":[{"embeddable":true,"href":"http:\/\/labestiadeportiva.com\/lbd\/wp-json\/wp\/v2\/users\/1"}],"replies":[{"embeddable":true,"href":"http:\/\/labestiadeportiva.com\/lbd\/wp-json\/wp\/v2\/comments?post=45251"}],"version-history":[{"count":2,"href":"http:\/\/labestiadeportiva.com\/lbd\/wp-json\/wp\/v2\/posts\/45251\/revisions"}],"predecessor-version":[{"id":45256,"href":"http:\/\/labestiadeportiva.com\/lbd\/wp-json\/wp\/v2\/posts\/45251\/revisions\/45256"}],"wp:attachment":[{"href":"http:\/\/labestiadeportiva.com\/lbd\/wp-json\/wp\/v2\/media?parent=45251"}],"wp:term":[{"taxonomy":"category","embeddable":true,"href":"http:\/\/labestiadeportiva.com\/lbd\/wp-json\/wp\/v2\/categories?post=45251"},{"taxonomy":"post_tag","embeddable":true,"href":"http:\/\/labestiadeportiva.com\/lbd\/wp-json\/wp\/v2\/tags?post=45251"}],"curies":[{"name":"wp","href":"https:\/\/api.w.org\/{rel}","templated":true}]}}