{"id":45443,"date":"2023-03-15T17:22:10","date_gmt":"2023-03-15T20:22:10","guid":{"rendered":"http:\/\/labestiadeportiva.com\/lbd\/?p=45443"},"modified":"2023-03-15T17:22:12","modified_gmt":"2023-03-15T20:22:12","slug":"vamos-a-arrancar-el-2023-con-una-carrera-que-queriamos-hacer-hace-tiempo-audio","status":"publish","type":"post","link":"http:\/\/labestiadeportiva.com\/lbd\/vamos-a-arrancar-el-2023-con-una-carrera-que-queriamos-hacer-hace-tiempo-audio\/","title":{"rendered":"\u00abVamos a arrancar el 2023 con una carrera que quer\u00edamos hacer hace tiempo\u00bb (Audio)"},"content":{"rendered":"\n<figure class=\"wp-block-image size-large\"><a href=\"http:\/\/labestiadeportiva.com\/lbd\/wp-content\/uploads\/2023\/03\/IMG-20230315-WA0035.jpg\"><img loading=\"lazy\" width=\"1024\" height=\"1024\" src=\"http:\/\/labestiadeportiva.com\/lbd\/wp-content\/uploads\/2023\/03\/IMG-20230315-WA0035-1024x1024.jpg\" alt=\"\" class=\"wp-image-45444\" srcset=\"http:\/\/labestiadeportiva.com\/lbd\/wp-content\/uploads\/2023\/03\/IMG-20230315-WA0035-1024x1024.jpg 1024w, http:\/\/labestiadeportiva.com\/lbd\/wp-content\/uploads\/2023\/03\/IMG-20230315-WA0035-300x300.jpg 300w, http:\/\/labestiadeportiva.com\/lbd\/wp-content\/uploads\/2023\/03\/IMG-20230315-WA0035-150x150.jpg 150w, http:\/\/labestiadeportiva.com\/lbd\/wp-content\/uploads\/2023\/03\/IMG-20230315-WA0035-768x768.jpg 768w, http:\/\/labestiadeportiva.com\/lbd\/wp-content\/uploads\/2023\/03\/IMG-20230315-WA0035-640x640.jpg 640w, http:\/\/labestiadeportiva.com\/lbd\/wp-content\/uploads\/2023\/03\/IMG-20230315-WA0035.jpg 1080w\" sizes=\"(max-width: 1024px) 100vw, 1024px\" \/><\/a><\/figure>\n\n\n\n<figure class=\"wp-block-image size-full is-resized\"><a href=\"http:\/\/labestiadeportiva.com\/lbd\/wp-content\/uploads\/2022\/11\/CARA_PEREZ-2.jpg\"><img loading=\"lazy\" src=\"http:\/\/labestiadeportiva.com\/lbd\/wp-content\/uploads\/2022\/11\/CARA_PEREZ-2.jpg\" alt=\"\" class=\"wp-image-43576\" width=\"360\" height=\"74\" srcset=\"http:\/\/labestiadeportiva.com\/lbd\/wp-content\/uploads\/2022\/11\/CARA_PEREZ-2.jpg 600w, http:\/\/labestiadeportiva.com\/lbd\/wp-content\/uploads\/2022\/11\/CARA_PEREZ-2-300x62.jpg 300w\" sizes=\"(max-width: 360px) 100vw, 360px\" \/><\/a><\/figure>\n\n\n\n<p>As\u00ed lo expres\u00f3 Javier Austin, m\u00e1ximo responsable de Beagle Eventos Deportivos, respecto al Trail de 10 k \u00abCerro Los Loros\u00bb que llegar\u00e1 el domingo 26 de marzo <\/p>\n\n\n\n<p>Compartimos la entrevista lograda este mi\u00e9rcoles en la 94.1 FM del Sur con todos los detalles.<\/p>\n\n\n\n<!--more-->\n\n\n\n<figure class=\"wp-block-embed is-type-video is-provider-youtube wp-block-embed-youtube wp-embed-aspect-4-3 wp-has-aspect-ratio\"><div class=\"wp-block-embed__wrapper\">\n<iframe loading=\"lazy\" title=\"Audio Javier Austin\" width=\"474\" height=\"356\" src=\"https:\/\/www.youtube.com\/embed\/kVr83mEYkmY?feature=oembed\" frameborder=\"0\" allow=\"accelerometer; autoplay; clipboard-write; encrypted-media; gyroscope; picture-in-picture; web-share\" allowfullscreen><\/iframe>\n<\/div><\/figure>\n<div class='epvc-post-count'><span class='epvc-eye'><\/span>  <span class=\"epvc-count\"> 1.230<\/span><span class='epvc-label'> veces le\u00edda<\/span><\/div>\n<div class=\"jwsharethis\">\nShare this: \n<br \/>\n<a href=\"mailto:?subject=%C2%ABVamos%20a%20arrancar%20el%202023%20con%20una%20carrera%20que%20quer%C3%ADamos%20hacer%20hace%20tiempo%C2%BB%20%28Audio%29&amp;body=http%3A%2F%2Flabestiadeportiva.com%2Flbd%2Fvamos-a-arrancar-el-2023-con-una-carrera-que-queriamos-hacer-hace-tiempo-audio%2F\">\n<img src=\"http:\/\/labestiadeportiva.com\/lbd\/wp-content\/plugins\/jw-share-this\/email.png\" alt=\"Share this page via Email\" \/>\n<\/a>\n<a target=\"_blank\" href=\"http:\/\/www.stumbleupon.com\/submit?url=http%3A%2F%2Flabestiadeportiva.com%2Flbd%2Fvamos-a-arrancar-el-2023-con-una-carrera-que-queriamos-hacer-hace-tiempo-audio%2F&amp;title=%C2%ABVamos+a+arrancar+el+2023+con+una+carrera+que+quer%C3%ADamos+hacer+hace+tiempo%C2%BB+%28Audio%29\">\n<img src=\"http:\/\/labestiadeportiva.com\/lbd\/wp-content\/plugins\/jw-share-this\/su.png\" alt=\"Share this page via Stumble Upon\" \/>\n<\/a>\n<a target=\"_blank\" href=\"http:\/\/digg.com\/submit?url=http%3A%2F%2Flabestiadeportiva.com%2Flbd%2Fvamos-a-arrancar-el-2023-con-una-carrera-que-queriamos-hacer-hace-tiempo-audio%2F&amp;title=%C2%ABVamos+a+arrancar+el+2023+con+una+carrera+que+quer%C3%ADamos+hacer+hace+tiempo%C2%BB+%28Audio%29\">\n<img src=\"http:\/\/labestiadeportiva.com\/lbd\/wp-content\/plugins\/jw-share-this\/digg.png\" alt=\"Share this page via Digg this\" \/>\n<\/a>\n<a target=\"_blank\" href=\"http:\/\/www.facebook.com\/sharer.php?u=http%3A%2F%2Flabestiadeportiva.com%2Flbd%2Fvamos-a-arrancar-el-2023-con-una-carrera-que-queriamos-hacer-hace-tiempo-audio%2F&amp;t=%C2%ABVamos+a+arrancar+el+2023+con+una+carrera+que+quer%C3%ADamos+hacer+hace+tiempo%C2%BB+%28Audio%29\">\n<img src=\"http:\/\/labestiadeportiva.com\/lbd\/wp-content\/plugins\/jw-share-this\/fb.png\" alt=\"Share this page via Facebook\" \/>\n<\/a>\n<a target=\"_blank\" href=\"http:\/\/twitter.com\/intent\/tweet?text=I+like+http%3A%2F%2Flabestiadeportiva.com%2Flbd%2Fvamos-a-arrancar-el-2023-con-una-carrera-que-queriamos-hacer-hace-tiempo-audio%2F&amp;title=%C2%ABVamos+a+arrancar+el+2023+con+una+carrera+que+quer%C3%ADamos+hacer+hace+tiempo%C2%BB+%28Audio%29\">\n<img src=\"http:\/\/labestiadeportiva.com\/lbd\/wp-content\/plugins\/jw-share-this\/twitter.png\" alt=\"Share this page via Twitter\" \/>\n<\/a>\n<\/div>\n","protected":false},"excerpt":{"rendered":"<p>As\u00ed lo expres\u00f3 Javier Austin, m\u00e1ximo responsable de Beagle Eventos Deportivos, respecto al Trail de 10 k \u00abCerro Los Loros\u00bb que llegar\u00e1 el domingo 26 de marzo Compartimos la entrevista lograda este mi\u00e9rcoles en la 94.1 FM del Sur con todos los detalles. 1.230 veces le\u00edda Share this:<\/p>\n","protected":false},"author":1,"featured_media":0,"comment_status":"open","ping_status":"open","sticky":false,"template":"","format":"standard","meta":[],"categories":[5,60,1,4405],"tags":[4721,4449,5007,4838,4381],"_links":{"self":[{"href":"http:\/\/labestiadeportiva.com\/lbd\/wp-json\/wp\/v2\/posts\/45443"}],"collection":[{"href":"http:\/\/labestiadeportiva.com\/lbd\/wp-json\/wp\/v2\/posts"}],"about":[{"href":"http:\/\/labestiadeportiva.com\/lbd\/wp-json\/wp\/v2\/types\/post"}],"author":[{"embeddable":true,"href":"http:\/\/labestiadeportiva.com\/lbd\/wp-json\/wp\/v2\/users\/1"}],"replies":[{"embeddable":true,"href":"http:\/\/labestiadeportiva.com\/lbd\/wp-json\/wp\/v2\/comments?post=45443"}],"version-history":[{"count":1,"href":"http:\/\/labestiadeportiva.com\/lbd\/wp-json\/wp\/v2\/posts\/45443\/revisions"}],"predecessor-version":[{"id":45445,"href":"http:\/\/labestiadeportiva.com\/lbd\/wp-json\/wp\/v2\/posts\/45443\/revisions\/45445"}],"wp:attachment":[{"href":"http:\/\/labestiadeportiva.com\/lbd\/wp-json\/wp\/v2\/media?parent=45443"}],"wp:term":[{"taxonomy":"category","embeddable":true,"href":"http:\/\/labestiadeportiva.com\/lbd\/wp-json\/wp\/v2\/categories?post=45443"},{"taxonomy":"post_tag","embeddable":true,"href":"http:\/\/labestiadeportiva.com\/lbd\/wp-json\/wp\/v2\/tags?post=45443"}],"curies":[{"name":"wp","href":"https:\/\/api.w.org\/{rel}","templated":true}]}}