{"id":45785,"date":"2023-04-13T17:46:13","date_gmt":"2023-04-13T20:46:13","guid":{"rendered":"http:\/\/labestiadeportiva.com\/lbd\/?p=45785"},"modified":"2023-04-13T17:46:17","modified_gmt":"2023-04-13T20:46:17","slug":"muchos-logros-de-la-seleccion-y-san-martin-fueron-con-el-en-la-cancha-y-el-banco-fue-un-avido-lector-del-futsal-audio","status":"publish","type":"post","link":"http:\/\/labestiadeportiva.com\/lbd\/muchos-logros-de-la-seleccion-y-san-martin-fueron-con-el-en-la-cancha-y-el-banco-fue-un-avido-lector-del-futsal-audio\/","title":{"rendered":"\u00abMuchos logros de la Selecci\u00f3n y San Mart\u00edn fueron con \u00e9l en la cancha y el banco, fue un \u00e1vido lector del futsal\u00bb  (Audio)"},"content":{"rendered":"\n<figure class=\"wp-block-image size-full is-resized\"><a href=\"http:\/\/labestiadeportiva.com\/lbd\/wp-content\/uploads\/2022\/11\/CARA_PEREZ-2.jpg\"><img loading=\"lazy\" src=\"http:\/\/labestiadeportiva.com\/lbd\/wp-content\/uploads\/2022\/11\/CARA_PEREZ-2.jpg\" alt=\"\" class=\"wp-image-43576\" width=\"350\" height=\"71\" srcset=\"http:\/\/labestiadeportiva.com\/lbd\/wp-content\/uploads\/2022\/11\/CARA_PEREZ-2.jpg 600w, http:\/\/labestiadeportiva.com\/lbd\/wp-content\/uploads\/2022\/11\/CARA_PEREZ-2-300x62.jpg 300w\" sizes=\"(max-width: 350px) 100vw, 350px\" \/><\/a><\/figure>\n\n\n\n<figure class=\"wp-block-image size-large\"><a href=\"http:\/\/labestiadeportiva.com\/lbd\/wp-content\/uploads\/2023\/04\/IMG-20230413-WA0058.jpg\"><img loading=\"lazy\" width=\"534\" height=\"1024\" src=\"http:\/\/labestiadeportiva.com\/lbd\/wp-content\/uploads\/2023\/04\/IMG-20230413-WA0058-534x1024.jpg\" alt=\"\" class=\"wp-image-45794\" srcset=\"http:\/\/labestiadeportiva.com\/lbd\/wp-content\/uploads\/2023\/04\/IMG-20230413-WA0058-534x1024.jpg 534w, http:\/\/labestiadeportiva.com\/lbd\/wp-content\/uploads\/2023\/04\/IMG-20230413-WA0058-157x300.jpg 157w, http:\/\/labestiadeportiva.com\/lbd\/wp-content\/uploads\/2023\/04\/IMG-20230413-WA0058-768x1472.jpg 768w, http:\/\/labestiadeportiva.com\/lbd\/wp-content\/uploads\/2023\/04\/IMG-20230413-WA0058-802x1536.jpg 802w, http:\/\/labestiadeportiva.com\/lbd\/wp-content\/uploads\/2023\/04\/IMG-20230413-WA0058-640x1226.jpg 640w, http:\/\/labestiadeportiva.com\/lbd\/wp-content\/uploads\/2023\/04\/IMG-20230413-WA0058.jpg 835w\" sizes=\"(max-width: 534px) 100vw, 534px\" \/><\/a><\/figure>\n\n\n\n<p>Luego del lamentable fallecimiento de Alberto \u00abChinchu\u00bb Kovacic acontecido d\u00edas atr\u00e1s nos contactamos con el referente, historiador y amigo \u00abCachirilo\u00bb Oyarz\u00fan.<\/p>\n\n\n\n<p>Con todo su conocimiento y autoridad en la materia salonera repasamos parte de la historia de \u00abChinchu\u00bb, la familia Kovacic, el Club San Mart\u00edn y la Selecci\u00f3n de R\u00edo Grande, atravesada por un hilo conductor com\u00fan: la pelota de Futsal.<\/p>\n\n\n\n<p>Compartimos la extensa y amena charla lograda este jueves en la 94.1 FM del Sur.<\/p>\n\n\n\n<!--more-->\n\n\n\n<figure class=\"wp-block-embed is-type-video is-provider-youtube wp-block-embed-youtube wp-embed-aspect-4-3 wp-has-aspect-ratio\"><div class=\"wp-block-embed__wrapper\">\n<iframe loading=\"lazy\" title=\"Audio &quot;Cachirilo&quot; Oyarz\u00fan\" width=\"474\" height=\"356\" src=\"https:\/\/www.youtube.com\/embed\/7lu7EzYH3eg?feature=oembed\" frameborder=\"0\" allow=\"accelerometer; autoplay; clipboard-write; encrypted-media; gyroscope; picture-in-picture; web-share\" allowfullscreen><\/iframe>\n<\/div><\/figure>\n<div class='epvc-post-count'><span class='epvc-eye'><\/span>  <span class=\"epvc-count\"> 2.941<\/span><span class='epvc-label'> veces le\u00edda<\/span><\/div>\n<div class=\"jwsharethis\">\nShare this: \n<br \/>\n<a href=\"mailto:?subject=%C2%ABMuchos%20logros%20de%20la%20Selecci%C3%B3n%20y%20San%20Mart%C3%ADn%20fueron%20con%20%C3%A9l%20en%20la%20cancha%20y%20el%20banco%2C%20fue%20un%20%C3%A1vido%20lector%20del%20futsal%C2%BB%20%20%28Audio%29&amp;body=http%3A%2F%2Flabestiadeportiva.com%2Flbd%2Fmuchos-logros-de-la-seleccion-y-san-martin-fueron-con-el-en-la-cancha-y-el-banco-fue-un-avido-lector-del-futsal-audio%2F\">\n<img src=\"http:\/\/labestiadeportiva.com\/lbd\/wp-content\/plugins\/jw-share-this\/email.png\" alt=\"Share this page via Email\" \/>\n<\/a>\n<a target=\"_blank\" href=\"http:\/\/www.stumbleupon.com\/submit?url=http%3A%2F%2Flabestiadeportiva.com%2Flbd%2Fmuchos-logros-de-la-seleccion-y-san-martin-fueron-con-el-en-la-cancha-y-el-banco-fue-un-avido-lector-del-futsal-audio%2F&amp;title=%C2%ABMuchos+logros+de+la+Selecci%C3%B3n+y+San+Mart%C3%ADn+fueron+con+%C3%A9l+en+la+cancha+y+el+banco%2C+fue+un+%C3%A1vido+lector+del+futsal%C2%BB++%28Audio%29\">\n<img src=\"http:\/\/labestiadeportiva.com\/lbd\/wp-content\/plugins\/jw-share-this\/su.png\" alt=\"Share this page via Stumble Upon\" \/>\n<\/a>\n<a target=\"_blank\" href=\"http:\/\/digg.com\/submit?url=http%3A%2F%2Flabestiadeportiva.com%2Flbd%2Fmuchos-logros-de-la-seleccion-y-san-martin-fueron-con-el-en-la-cancha-y-el-banco-fue-un-avido-lector-del-futsal-audio%2F&amp;title=%C2%ABMuchos+logros+de+la+Selecci%C3%B3n+y+San+Mart%C3%ADn+fueron+con+%C3%A9l+en+la+cancha+y+el+banco%2C+fue+un+%C3%A1vido+lector+del+futsal%C2%BB++%28Audio%29\">\n<img src=\"http:\/\/labestiadeportiva.com\/lbd\/wp-content\/plugins\/jw-share-this\/digg.png\" alt=\"Share this page via Digg this\" \/>\n<\/a>\n<a target=\"_blank\" href=\"http:\/\/www.facebook.com\/sharer.php?u=http%3A%2F%2Flabestiadeportiva.com%2Flbd%2Fmuchos-logros-de-la-seleccion-y-san-martin-fueron-con-el-en-la-cancha-y-el-banco-fue-un-avido-lector-del-futsal-audio%2F&amp;t=%C2%ABMuchos+logros+de+la+Selecci%C3%B3n+y+San+Mart%C3%ADn+fueron+con+%C3%A9l+en+la+cancha+y+el+banco%2C+fue+un+%C3%A1vido+lector+del+futsal%C2%BB++%28Audio%29\">\n<img src=\"http:\/\/labestiadeportiva.com\/lbd\/wp-content\/plugins\/jw-share-this\/fb.png\" alt=\"Share this page via Facebook\" \/>\n<\/a>\n<a target=\"_blank\" href=\"http:\/\/twitter.com\/intent\/tweet?text=I+like+http%3A%2F%2Flabestiadeportiva.com%2Flbd%2Fmuchos-logros-de-la-seleccion-y-san-martin-fueron-con-el-en-la-cancha-y-el-banco-fue-un-avido-lector-del-futsal-audio%2F&amp;title=%C2%ABMuchos+logros+de+la+Selecci%C3%B3n+y+San+Mart%C3%ADn+fueron+con+%C3%A9l+en+la+cancha+y+el+banco%2C+fue+un+%C3%A1vido+lector+del+futsal%C2%BB++%28Audio%29\">\n<img src=\"http:\/\/labestiadeportiva.com\/lbd\/wp-content\/plugins\/jw-share-this\/twitter.png\" alt=\"Share this page via Twitter\" \/>\n<\/a>\n<\/div>\n","protected":false},"excerpt":{"rendered":"<p>Luego del lamentable fallecimiento de Alberto \u00abChinchu\u00bb Kovacic acontecido d\u00edas atr\u00e1s nos contactamos con el referente, historiador y amigo \u00abCachirilo\u00bb Oyarz\u00fan. Con todo su conocimiento y autoridad en la materia salonera repasamos parte de la historia de \u00abChinchu\u00bb, la familia Kovacic, el Club San Mart\u00edn y la Selecci\u00f3n de R\u00edo Grande, atravesada por un hilo &hellip; <a href=\"http:\/\/labestiadeportiva.com\/lbd\/muchos-logros-de-la-seleccion-y-san-martin-fueron-con-el-en-la-cancha-y-el-banco-fue-un-avido-lector-del-futsal-audio\/\" class=\"more-link\">Seguir leyendo <span class=\"screen-reader-text\">\u00abMuchos logros de la Selecci\u00f3n y San Mart\u00edn fueron con \u00e9l en la cancha y el banco, fue un \u00e1vido lector del futsal\u00bb  (Audio)<\/span> <span class=\"meta-nav\">&rarr;<\/span><\/a><\/p>\n","protected":false},"author":1,"featured_media":0,"comment_status":"open","ping_status":"open","sticky":false,"template":"","format":"standard","meta":[],"categories":[5,4,6,60,31,1],"tags":[1650,117,5021,5022],"_links":{"self":[{"href":"http:\/\/labestiadeportiva.com\/lbd\/wp-json\/wp\/v2\/posts\/45785"}],"collection":[{"href":"http:\/\/labestiadeportiva.com\/lbd\/wp-json\/wp\/v2\/posts"}],"about":[{"href":"http:\/\/labestiadeportiva.com\/lbd\/wp-json\/wp\/v2\/types\/post"}],"author":[{"embeddable":true,"href":"http:\/\/labestiadeportiva.com\/lbd\/wp-json\/wp\/v2\/users\/1"}],"replies":[{"embeddable":true,"href":"http:\/\/labestiadeportiva.com\/lbd\/wp-json\/wp\/v2\/comments?post=45785"}],"version-history":[{"count":1,"href":"http:\/\/labestiadeportiva.com\/lbd\/wp-json\/wp\/v2\/posts\/45785\/revisions"}],"predecessor-version":[{"id":45795,"href":"http:\/\/labestiadeportiva.com\/lbd\/wp-json\/wp\/v2\/posts\/45785\/revisions\/45795"}],"wp:attachment":[{"href":"http:\/\/labestiadeportiva.com\/lbd\/wp-json\/wp\/v2\/media?parent=45785"}],"wp:term":[{"taxonomy":"category","embeddable":true,"href":"http:\/\/labestiadeportiva.com\/lbd\/wp-json\/wp\/v2\/categories?post=45785"},{"taxonomy":"post_tag","embeddable":true,"href":"http:\/\/labestiadeportiva.com\/lbd\/wp-json\/wp\/v2\/tags?post=45785"}],"curies":[{"name":"wp","href":"https:\/\/api.w.org\/{rel}","templated":true}]}}