{"id":45929,"date":"2023-05-01T10:22:21","date_gmt":"2023-05-01T13:22:21","guid":{"rendered":"http:\/\/labestiadeportiva.com\/lbd\/?p=45929"},"modified":"2023-05-01T10:22:23","modified_gmt":"2023-05-01T13:22:23","slug":"checo-perez-otra-vez-en-baku","status":"publish","type":"post","link":"http:\/\/labestiadeportiva.com\/lbd\/checo-perez-otra-vez-en-baku\/","title":{"rendered":"\u00abCheco\u00bb P\u00e9rez otra vez en Bak\u00fa"},"content":{"rendered":"\n<figure class=\"wp-block-image size-full is-resized\"><a href=\"http:\/\/labestiadeportiva.com\/lbd\/wp-content\/uploads\/2023\/05\/7XKTWXJ45BEVRBIYTI33X6C25E.jpg\"><img loading=\"lazy\" src=\"http:\/\/labestiadeportiva.com\/lbd\/wp-content\/uploads\/2023\/05\/7XKTWXJ45BEVRBIYTI33X6C25E.jpg\" alt=\"\" class=\"wp-image-45938\" width=\"416\" height=\"224\" srcset=\"http:\/\/labestiadeportiva.com\/lbd\/wp-content\/uploads\/2023\/05\/7XKTWXJ45BEVRBIYTI33X6C25E.jpg 980w, http:\/\/labestiadeportiva.com\/lbd\/wp-content\/uploads\/2023\/05\/7XKTWXJ45BEVRBIYTI33X6C25E-300x162.jpg 300w, http:\/\/labestiadeportiva.com\/lbd\/wp-content\/uploads\/2023\/05\/7XKTWXJ45BEVRBIYTI33X6C25E-768x414.jpg 768w, http:\/\/labestiadeportiva.com\/lbd\/wp-content\/uploads\/2023\/05\/7XKTWXJ45BEVRBIYTI33X6C25E-640x345.jpg 640w\" sizes=\"(max-width: 416px) 100vw, 416px\" \/><\/a><\/figure>\n\n\n\n<figure class=\"wp-block-image size-full is-resized\"><a href=\"http:\/\/labestiadeportiva.com\/lbd\/wp-content\/uploads\/2022\/11\/CARA_CAMPOS-1.jpg\"><img loading=\"lazy\" src=\"http:\/\/labestiadeportiva.com\/lbd\/wp-content\/uploads\/2022\/11\/CARA_CAMPOS-1.jpg\" alt=\"\" class=\"wp-image-43575\" width=\"362\" height=\"74\" srcset=\"http:\/\/labestiadeportiva.com\/lbd\/wp-content\/uploads\/2022\/11\/CARA_CAMPOS-1.jpg 600w, http:\/\/labestiadeportiva.com\/lbd\/wp-content\/uploads\/2022\/11\/CARA_CAMPOS-1-300x62.jpg 300w\" sizes=\"(max-width: 362px) 100vw, 362px\" \/><\/a><\/figure>\n\n\n\n<p>El mexicano Sergio \u201cCheco\u201d P\u00e9rez con Red Bull venci\u00f3 este fin de semana en el GP de Azerbaiy\u00e1n , segundo fue su compa\u00f1ero de equipo, Max Verstappen, y tercer escal\u00f3n del podio para Charles Leclerc con Ferrari. <\/p>\n\n\n\n<!--more-->\n\n\n\n<p>Cuarta cita del mundial de F-1 y el piloto de Jalisco presenta nuevamente su candidatura a la lucha por el t\u00edtulo, ante su primer rival en pista, su compa\u00f1ero de equipo, el vigente campe\u00f3n, Max Vertappen. <\/p>\n\n\n\n<p>Si bien el holand\u00e9s sigue al frente del torneo, la diferencia se ha reducido a seis puntos, y su condici\u00f3n de imbatibilidad comienza a mostrar puntos de debilidad. El s\u00e1bado las tuvo muy duras con George Russell, y la peor parte se la llev\u00f3 su monoplaza, que acab\u00f3 con el pont\u00f3n lateral muy da\u00f1ado. <\/p>\n\n\n\n<p>El domingo, la estrategia desde el muro de Red Bull fall\u00f3, cuando el incidente del Alpha Tauri de De Vries, provoc\u00f3 la aparici\u00f3n del auto de seguridad. Luego no pudo seguir el ritmo de su compa\u00f1ero, que lo mantuvo a tiro de DRS. <\/p>\n\n\n\n<p>P\u00e9rez tuvo un fin de semana muy bueno con Sprint y GP incluidos. Tambi\u00e9n la escuder\u00eda Ferrari mostr\u00f3 una gran mejor\u00eda y fiabilidad. No sufrieron con la degradaci\u00f3n de sus neum\u00e1ticos en la calles de Bak\u00fa, Leclerc sum\u00f3 su primer podio de la temporada y Sainz quinto al final, conteniendo el ataque de los Mercedes de Hamilton y Russell. <\/p>\n\n\n\n<p>El otro espa\u00f1ol, Fernando Alonso, esta vez no pudo acceder al podio, acab\u00f3 cuarto, su monoplaza con un nuevo paquete aerodin\u00e1mico, no se adapt\u00f3 a las calles de Bak\u00fa. Adem\u00e1s tuvo\u00a0 un nuevo encontronazo en pista con Sainz, en la jornada del s\u00e1bado, durante la carrera al sprint. <\/p>\n\n\n\n<p>Y haciendo referencia a calles, parece ser que \u00e9sta es la t\u00f3nica de este inicio de temporada 2023. En una semana la F-1 pisar\u00e1 el asfalto de la ciudad de Miami, en un quinto cap\u00edtulo del torneo, y todav\u00eda falta un mes para el GP de M\u00f3naco.\u00a0\u00a0\u00a0\u00a0\u00a0<\/p>\n\n\n\n<p>As\u00ed llegaron:<\/p>\n\n\n\n<p>1\u00ba S. P\u00e9rez-Red Bull en 1:32:436&nbsp;<\/p>\n\n\n\n<p>2\u00ba M. Verstappen-Red Bull a 2,137<\/p>\n\n\n\n<p>3\u00ba C. Leclerc-Ferrari a 21,217<\/p>\n\n\n\n<p>El Mundial de pilotos<\/p>\n\n\n\n<p>1\u00ba M. Verstappen (HOL) 93 pts.<\/p>\n\n\n\n<p>2\u00ba S. P\u00e9rez (MEX) 87 pts.<\/p>\n\n\n\n<p>3\u00ba F. Alonso (ESP) 60 pts.<\/p>\n\n\n\n<p>El Mundial de constructores<\/p>\n\n\n\n<p>1\u00ba Red Bull 180 pts.<\/p>\n\n\n\n<p>2\u00ba Aston Martin 87 pts.<\/p>\n\n\n\n<p>3\u00ba Mercedes Benz 76 pts.<\/p>\n\n\n\n<figure class=\"wp-block-image\"><img alt=\"\"\/><\/figure>\n\n\n\n<p>Pr\u00f3xima competencia: GP de Miami, el 7 de mayo , Hard Rock Stadium Circuit.<\/p>\n<div class='epvc-post-count'><span class='epvc-eye'><\/span>  <span class=\"epvc-count\"> 3.431<\/span><span class='epvc-label'> veces le\u00edda<\/span><\/div>\n<div class=\"jwsharethis\">\nShare this: \n<br \/>\n<a href=\"mailto:?subject=%C2%ABCheco%C2%BB%20P%C3%A9rez%20otra%20vez%20en%20Bak%C3%BA&amp;body=http%3A%2F%2Flabestiadeportiva.com%2Flbd%2Fcheco-perez-otra-vez-en-baku%2F\">\n<img src=\"http:\/\/labestiadeportiva.com\/lbd\/wp-content\/plugins\/jw-share-this\/email.png\" alt=\"Share this page via Email\" \/>\n<\/a>\n<a target=\"_blank\" href=\"http:\/\/www.stumbleupon.com\/submit?url=http%3A%2F%2Flabestiadeportiva.com%2Flbd%2Fcheco-perez-otra-vez-en-baku%2F&amp;title=%C2%ABCheco%C2%BB+P%C3%A9rez+otra+vez+en+Bak%C3%BA\">\n<img src=\"http:\/\/labestiadeportiva.com\/lbd\/wp-content\/plugins\/jw-share-this\/su.png\" alt=\"Share this page via Stumble Upon\" \/>\n<\/a>\n<a target=\"_blank\" href=\"http:\/\/digg.com\/submit?url=http%3A%2F%2Flabestiadeportiva.com%2Flbd%2Fcheco-perez-otra-vez-en-baku%2F&amp;title=%C2%ABCheco%C2%BB+P%C3%A9rez+otra+vez+en+Bak%C3%BA\">\n<img src=\"http:\/\/labestiadeportiva.com\/lbd\/wp-content\/plugins\/jw-share-this\/digg.png\" alt=\"Share this page via Digg this\" \/>\n<\/a>\n<a target=\"_blank\" href=\"http:\/\/www.facebook.com\/sharer.php?u=http%3A%2F%2Flabestiadeportiva.com%2Flbd%2Fcheco-perez-otra-vez-en-baku%2F&amp;t=%C2%ABCheco%C2%BB+P%C3%A9rez+otra+vez+en+Bak%C3%BA\">\n<img src=\"http:\/\/labestiadeportiva.com\/lbd\/wp-content\/plugins\/jw-share-this\/fb.png\" alt=\"Share this page via Facebook\" \/>\n<\/a>\n<a target=\"_blank\" href=\"http:\/\/twitter.com\/intent\/tweet?text=I+like+http%3A%2F%2Flabestiadeportiva.com%2Flbd%2Fcheco-perez-otra-vez-en-baku%2F&amp;title=%C2%ABCheco%C2%BB+P%C3%A9rez+otra+vez+en+Bak%C3%BA\">\n<img src=\"http:\/\/labestiadeportiva.com\/lbd\/wp-content\/plugins\/jw-share-this\/twitter.png\" alt=\"Share this page via Twitter\" \/>\n<\/a>\n<\/div>\n","protected":false},"excerpt":{"rendered":"<p>El mexicano Sergio \u201cCheco\u201d P\u00e9rez con Red Bull venci\u00f3 este fin de semana en el GP de Azerbaiy\u00e1n , segundo fue su compa\u00f1ero de equipo, Max Verstappen, y tercer escal\u00f3n del podio para Charles Leclerc con Ferrari. 3.431 veces le\u00edda Share this:<\/p>\n","protected":false},"author":1,"featured_media":0,"comment_status":"open","ping_status":"open","sticky":false,"template":"","format":"standard","meta":[],"categories":[2176,4,3534,1],"tags":[154,148,3575,83],"_links":{"self":[{"href":"http:\/\/labestiadeportiva.com\/lbd\/wp-json\/wp\/v2\/posts\/45929"}],"collection":[{"href":"http:\/\/labestiadeportiva.com\/lbd\/wp-json\/wp\/v2\/posts"}],"about":[{"href":"http:\/\/labestiadeportiva.com\/lbd\/wp-json\/wp\/v2\/types\/post"}],"author":[{"embeddable":true,"href":"http:\/\/labestiadeportiva.com\/lbd\/wp-json\/wp\/v2\/users\/1"}],"replies":[{"embeddable":true,"href":"http:\/\/labestiadeportiva.com\/lbd\/wp-json\/wp\/v2\/comments?post=45929"}],"version-history":[{"count":1,"href":"http:\/\/labestiadeportiva.com\/lbd\/wp-json\/wp\/v2\/posts\/45929\/revisions"}],"predecessor-version":[{"id":45939,"href":"http:\/\/labestiadeportiva.com\/lbd\/wp-json\/wp\/v2\/posts\/45929\/revisions\/45939"}],"wp:attachment":[{"href":"http:\/\/labestiadeportiva.com\/lbd\/wp-json\/wp\/v2\/media?parent=45929"}],"wp:term":[{"taxonomy":"category","embeddable":true,"href":"http:\/\/labestiadeportiva.com\/lbd\/wp-json\/wp\/v2\/categories?post=45929"},{"taxonomy":"post_tag","embeddable":true,"href":"http:\/\/labestiadeportiva.com\/lbd\/wp-json\/wp\/v2\/tags?post=45929"}],"curies":[{"name":"wp","href":"https:\/\/api.w.org\/{rel}","templated":true}]}}