{"id":45969,"date":"2023-05-03T23:22:40","date_gmt":"2023-05-04T02:22:40","guid":{"rendered":"http:\/\/labestiadeportiva.com\/lbd\/?p=45969"},"modified":"2023-05-03T23:22:41","modified_gmt":"2023-05-04T02:22:41","slug":"nunca-pense-llegar-a-este-nivel-en-bici-me-subi-por-la-lesion-que-tuve-en-la-moto-estoy-muy-contento-por-mis-resultados-audio","status":"publish","type":"post","link":"http:\/\/labestiadeportiva.com\/lbd\/nunca-pense-llegar-a-este-nivel-en-bici-me-subi-por-la-lesion-que-tuve-en-la-moto-estoy-muy-contento-por-mis-resultados-audio\/","title":{"rendered":"\u00abNunca pens\u00e9 llegar a este nivel en bici, me sub\u00ed por la lesi\u00f3n que tuve en la moto,  estoy muy contento por mis resultados\u00bb (Audio)"},"content":{"rendered":"\n<figure class=\"wp-block-image size-large\"><a href=\"http:\/\/labestiadeportiva.com\/lbd\/wp-content\/uploads\/2023\/05\/IMG-20230503-WA0046.jpg\"><img loading=\"lazy\" width=\"576\" height=\"1024\" src=\"http:\/\/labestiadeportiva.com\/lbd\/wp-content\/uploads\/2023\/05\/IMG-20230503-WA0046-576x1024.jpg\" alt=\"\" class=\"wp-image-45970\" srcset=\"http:\/\/labestiadeportiva.com\/lbd\/wp-content\/uploads\/2023\/05\/IMG-20230503-WA0046-576x1024.jpg 576w, http:\/\/labestiadeportiva.com\/lbd\/wp-content\/uploads\/2023\/05\/IMG-20230503-WA0046-169x300.jpg 169w, http:\/\/labestiadeportiva.com\/lbd\/wp-content\/uploads\/2023\/05\/IMG-20230503-WA0046-640x1138.jpg 640w, http:\/\/labestiadeportiva.com\/lbd\/wp-content\/uploads\/2023\/05\/IMG-20230503-WA0046.jpg 720w\" sizes=\"(max-width: 576px) 100vw, 576px\" \/><\/a><\/figure>\n\n\n\n<figure class=\"wp-block-image size-full is-resized\"><a href=\"http:\/\/labestiadeportiva.com\/lbd\/wp-content\/uploads\/2022\/11\/CARA_PEREZ-2.jpg\"><img loading=\"lazy\" src=\"http:\/\/labestiadeportiva.com\/lbd\/wp-content\/uploads\/2022\/11\/CARA_PEREZ-2.jpg\" alt=\"\" class=\"wp-image-43576\" width=\"354\" height=\"72\" srcset=\"http:\/\/labestiadeportiva.com\/lbd\/wp-content\/uploads\/2022\/11\/CARA_PEREZ-2.jpg 600w, http:\/\/labestiadeportiva.com\/lbd\/wp-content\/uploads\/2022\/11\/CARA_PEREZ-2-300x62.jpg 300w\" sizes=\"(max-width: 354px) 100vw, 354px\" \/><\/a><\/figure>\n\n\n\n<p>El riograndense Aaron Pintos descoll\u00f3 en la versi\u00f3n 2023 del \u00abDesaf\u00edo al Valle del R\u00edo Pinto\u00bb en la provincia de C\u00f3rdoba donde se qued\u00f3 con el 1 en la categor\u00eda Elite.<\/p>\n\n\n\n<p>Los detalles de la prueba, su proyecci\u00f3n para la temporada y el deseo de dar un nuevo salto de calidad expresados en la amena y extensa charla lograda este mi\u00e9rcoles en la 94.1 FM del Sur.<\/p>\n\n\n\n<!--more-->\n\n\n\n<figure class=\"wp-block-embed is-type-video is-provider-youtube wp-block-embed-youtube wp-embed-aspect-4-3 wp-has-aspect-ratio\"><div class=\"wp-block-embed__wrapper\">\n<iframe loading=\"lazy\" title=\"Audio Aaron Pintos\" width=\"474\" height=\"356\" src=\"https:\/\/www.youtube.com\/embed\/i_UGdnzl4Ns?feature=oembed\" frameborder=\"0\" allow=\"accelerometer; autoplay; clipboard-write; encrypted-media; gyroscope; picture-in-picture; web-share\" allowfullscreen><\/iframe>\n<\/div><\/figure>\n<div class='epvc-post-count'><span class='epvc-eye'><\/span>  <span class=\"epvc-count\"> 1.238<\/span><span class='epvc-label'> veces le\u00edda<\/span><\/div>\n<div class=\"jwsharethis\">\nShare this: \n<br \/>\n<a href=\"mailto:?subject=%C2%ABNunca%20pens%C3%A9%20llegar%20a%20este%20nivel%20en%20bici%2C%20me%20sub%C3%AD%20por%20la%20lesi%C3%B3n%20que%20tuve%20en%20la%20moto%2C%20%20estoy%20muy%20contento%20por%20mis%20resultados%C2%BB%20%28Audio%29&amp;body=http%3A%2F%2Flabestiadeportiva.com%2Flbd%2Fnunca-pense-llegar-a-este-nivel-en-bici-me-subi-por-la-lesion-que-tuve-en-la-moto-estoy-muy-contento-por-mis-resultados-audio%2F\">\n<img src=\"http:\/\/labestiadeportiva.com\/lbd\/wp-content\/plugins\/jw-share-this\/email.png\" alt=\"Share this page via Email\" \/>\n<\/a>\n<a target=\"_blank\" href=\"http:\/\/www.stumbleupon.com\/submit?url=http%3A%2F%2Flabestiadeportiva.com%2Flbd%2Fnunca-pense-llegar-a-este-nivel-en-bici-me-subi-por-la-lesion-que-tuve-en-la-moto-estoy-muy-contento-por-mis-resultados-audio%2F&amp;title=%C2%ABNunca+pens%C3%A9+llegar+a+este+nivel+en+bici%2C+me+sub%C3%AD+por+la+lesi%C3%B3n+que+tuve+en+la+moto%2C++estoy+muy+contento+por+mis+resultados%C2%BB+%28Audio%29\">\n<img src=\"http:\/\/labestiadeportiva.com\/lbd\/wp-content\/plugins\/jw-share-this\/su.png\" alt=\"Share this page via Stumble Upon\" \/>\n<\/a>\n<a target=\"_blank\" href=\"http:\/\/digg.com\/submit?url=http%3A%2F%2Flabestiadeportiva.com%2Flbd%2Fnunca-pense-llegar-a-este-nivel-en-bici-me-subi-por-la-lesion-que-tuve-en-la-moto-estoy-muy-contento-por-mis-resultados-audio%2F&amp;title=%C2%ABNunca+pens%C3%A9+llegar+a+este+nivel+en+bici%2C+me+sub%C3%AD+por+la+lesi%C3%B3n+que+tuve+en+la+moto%2C++estoy+muy+contento+por+mis+resultados%C2%BB+%28Audio%29\">\n<img src=\"http:\/\/labestiadeportiva.com\/lbd\/wp-content\/plugins\/jw-share-this\/digg.png\" alt=\"Share this page via Digg this\" \/>\n<\/a>\n<a target=\"_blank\" href=\"http:\/\/www.facebook.com\/sharer.php?u=http%3A%2F%2Flabestiadeportiva.com%2Flbd%2Fnunca-pense-llegar-a-este-nivel-en-bici-me-subi-por-la-lesion-que-tuve-en-la-moto-estoy-muy-contento-por-mis-resultados-audio%2F&amp;t=%C2%ABNunca+pens%C3%A9+llegar+a+este+nivel+en+bici%2C+me+sub%C3%AD+por+la+lesi%C3%B3n+que+tuve+en+la+moto%2C++estoy+muy+contento+por+mis+resultados%C2%BB+%28Audio%29\">\n<img src=\"http:\/\/labestiadeportiva.com\/lbd\/wp-content\/plugins\/jw-share-this\/fb.png\" alt=\"Share this page via Facebook\" \/>\n<\/a>\n<a target=\"_blank\" href=\"http:\/\/twitter.com\/intent\/tweet?text=I+like+http%3A%2F%2Flabestiadeportiva.com%2Flbd%2Fnunca-pense-llegar-a-este-nivel-en-bici-me-subi-por-la-lesion-que-tuve-en-la-moto-estoy-muy-contento-por-mis-resultados-audio%2F&amp;title=%C2%ABNunca+pens%C3%A9+llegar+a+este+nivel+en+bici%2C+me+sub%C3%AD+por+la+lesi%C3%B3n+que+tuve+en+la+moto%2C++estoy+muy+contento+por+mis+resultados%C2%BB+%28Audio%29\">\n<img src=\"http:\/\/labestiadeportiva.com\/lbd\/wp-content\/plugins\/jw-share-this\/twitter.png\" alt=\"Share this page via Twitter\" \/>\n<\/a>\n<\/div>\n","protected":false},"excerpt":{"rendered":"<p>El riograndense Aaron Pintos descoll\u00f3 en la versi\u00f3n 2023 del \u00abDesaf\u00edo al Valle del R\u00edo Pinto\u00bb en la provincia de C\u00f3rdoba donde se qued\u00f3 con el 1 en la categor\u00eda Elite. Los detalles de la prueba, su proyecci\u00f3n para la temporada y el deseo de dar un nuevo salto de calidad expresados en la amena &hellip; <a href=\"http:\/\/labestiadeportiva.com\/lbd\/nunca-pense-llegar-a-este-nivel-en-bici-me-subi-por-la-lesion-que-tuve-en-la-moto-estoy-muy-contento-por-mis-resultados-audio\/\" class=\"more-link\">Seguir leyendo <span class=\"screen-reader-text\">\u00abNunca pens\u00e9 llegar a este nivel en bici, me sub\u00ed por la lesi\u00f3n que tuve en la moto,  estoy muy contento por mis resultados\u00bb (Audio)<\/span> <span class=\"meta-nav\">&rarr;<\/span><\/a><\/p>\n","protected":false},"author":1,"featured_media":0,"comment_status":"open","ping_status":"open","sticky":false,"template":"","format":"standard","meta":[],"categories":[5,4,6,60,2888,1],"tags":[5037,4838,2022,83,4446],"_links":{"self":[{"href":"http:\/\/labestiadeportiva.com\/lbd\/wp-json\/wp\/v2\/posts\/45969"}],"collection":[{"href":"http:\/\/labestiadeportiva.com\/lbd\/wp-json\/wp\/v2\/posts"}],"about":[{"href":"http:\/\/labestiadeportiva.com\/lbd\/wp-json\/wp\/v2\/types\/post"}],"author":[{"embeddable":true,"href":"http:\/\/labestiadeportiva.com\/lbd\/wp-json\/wp\/v2\/users\/1"}],"replies":[{"embeddable":true,"href":"http:\/\/labestiadeportiva.com\/lbd\/wp-json\/wp\/v2\/comments?post=45969"}],"version-history":[{"count":1,"href":"http:\/\/labestiadeportiva.com\/lbd\/wp-json\/wp\/v2\/posts\/45969\/revisions"}],"predecessor-version":[{"id":45971,"href":"http:\/\/labestiadeportiva.com\/lbd\/wp-json\/wp\/v2\/posts\/45969\/revisions\/45971"}],"wp:attachment":[{"href":"http:\/\/labestiadeportiva.com\/lbd\/wp-json\/wp\/v2\/media?parent=45969"}],"wp:term":[{"taxonomy":"category","embeddable":true,"href":"http:\/\/labestiadeportiva.com\/lbd\/wp-json\/wp\/v2\/categories?post=45969"},{"taxonomy":"post_tag","embeddable":true,"href":"http:\/\/labestiadeportiva.com\/lbd\/wp-json\/wp\/v2\/tags?post=45969"}],"curies":[{"name":"wp","href":"https:\/\/api.w.org\/{rel}","templated":true}]}}