{"id":45972,"date":"2023-05-04T08:50:06","date_gmt":"2023-05-04T11:50:06","guid":{"rendered":"http:\/\/labestiadeportiva.com\/lbd\/?p=45972"},"modified":"2023-05-04T08:50:07","modified_gmt":"2023-05-04T11:50:07","slug":"mascherano-definio-la-lista","status":"publish","type":"post","link":"http:\/\/labestiadeportiva.com\/lbd\/mascherano-definio-la-lista\/","title":{"rendered":"Mascherano defini\u00f3 la lista"},"content":{"rendered":"\n<figure class=\"wp-block-image size-large\"><a href=\"http:\/\/labestiadeportiva.com\/lbd\/wp-content\/uploads\/2023\/05\/4OZPQMK4D5FYZCDNNESEYTNX6Y.jpg\"><img loading=\"lazy\" width=\"1024\" height=\"573\" src=\"http:\/\/labestiadeportiva.com\/lbd\/wp-content\/uploads\/2023\/05\/4OZPQMK4D5FYZCDNNESEYTNX6Y-1024x573.jpg\" alt=\"\" class=\"wp-image-45973\" srcset=\"http:\/\/labestiadeportiva.com\/lbd\/wp-content\/uploads\/2023\/05\/4OZPQMK4D5FYZCDNNESEYTNX6Y-1024x573.jpg 1024w, http:\/\/labestiadeportiva.com\/lbd\/wp-content\/uploads\/2023\/05\/4OZPQMK4D5FYZCDNNESEYTNX6Y-300x168.jpg 300w, http:\/\/labestiadeportiva.com\/lbd\/wp-content\/uploads\/2023\/05\/4OZPQMK4D5FYZCDNNESEYTNX6Y-768x430.jpg 768w, http:\/\/labestiadeportiva.com\/lbd\/wp-content\/uploads\/2023\/05\/4OZPQMK4D5FYZCDNNESEYTNX6Y-640x358.jpg 640w, http:\/\/labestiadeportiva.com\/lbd\/wp-content\/uploads\/2023\/05\/4OZPQMK4D5FYZCDNNESEYTNX6Y.jpg 1440w\" sizes=\"(max-width: 1024px) 100vw, 1024px\" \/><\/a><\/figure>\n\n\n\n<figure class=\"wp-block-image size-full is-resized\"><a href=\"http:\/\/labestiadeportiva.com\/lbd\/wp-content\/uploads\/2022\/11\/CARA_BAROLI-1.jpg\"><img loading=\"lazy\" src=\"http:\/\/labestiadeportiva.com\/lbd\/wp-content\/uploads\/2022\/11\/CARA_BAROLI-1.jpg\" alt=\"\" class=\"wp-image-43574\" width=\"336\" height=\"69\" srcset=\"http:\/\/labestiadeportiva.com\/lbd\/wp-content\/uploads\/2022\/11\/CARA_BAROLI-1.jpg 600w, http:\/\/labestiadeportiva.com\/lbd\/wp-content\/uploads\/2022\/11\/CARA_BAROLI-1-300x62.jpg 300w\" sizes=\"(max-width: 336px) 100vw, 336px\" \/><\/a><\/figure>\n\n\n\n<p>Se devel\u00f3 el misterio. Javier Mascherano hizo oficial los 21 elegidos para la Copa del Mundo que comenzar\u00e1 el 20 de mayo pr\u00f3ximo en nuestro pa\u00eds. LBD te cuenta quienes son nuestros representantes.<\/p>\n\n\n\n<!--more-->\n\n\n\n<p>Con presencia de los jugadores que juegan en Europa y una amplia convocatoria local con sorpresas. No vendr\u00e1n Alejandro Garnacho, Nico Paz y Facundo Buonanotte porque sus clubes no los cedieron. El torneo empieza el pr\u00f3ximo 20 de mayo.<\/p>\n\n\n\n<p>Los futbolistas comenzar\u00e1n a entrenar bajo las \u00f3rdenes del \u00abJefecito\u00bb desde el pr\u00f3ximo lunes. Sin Alejandro Garnacho, Nicol\u00e1s Paz ni Facundo Buonanotte, que no fueron cedidos por Manchester United, Real Madrid y Brighton, respectivamente, el entrenador del combinado nacional convoc\u00f3 a seis futbolistas que se desempe\u00f1an en el viejo continente: Rom\u00e1n Vega (Barcelona), Mateo Tanlongo (Sporting CP), M\u00e1ximo Perrone (Manchester City), Valent\u00edn Carboni (Inter), Mat\u00edas Soul\u00e9 (Juventus) y Luka Romero (Lazio).<\/p>\n\n\n\n<p>Los dos clubes con m\u00e1s jugadores citados son Boca (Valen\u00edn Barco y Lautaro Di Lollo) y Rosario Central (Gino Infantino y Alejo V\u00e9liz), mientras que River (Lucas Lavagnino), Racing (Tom\u00e1s Avil\u00e9s) y San Lorenzo (Agust\u00edn Giay) aportaron uno. Independiente es el \u00fanico grande que no aport\u00f3. Completan la lista Federico Gomes Gerth (Tigre), Nicol\u00e1s Cl\u00e1a (Lan\u00fas), Valent\u00edn G\u00f3mez (V\u00e9lez), Ignacio Miram\u00f3n (Gimnasia), Federico Redondo (Argentinos), Ignacio Maestro Puch (Atl\u00e9tico Tucum\u00e1n), Juan Gauto (Hurac\u00e1n) y Brian Aguirre (Newell&#8217;s).<\/p>\n\n\n\n<p>Los citados para el Mundial Sub 20<\/p>\n\n\n\n<p>Arqueros<\/p>\n\n\n\n<p>Federico Gomes Gerth<br>Nicol\u00e1s Cl\u00e1a<br>Lucas Lavagnino<\/p>\n\n\n\n<p>Defensores<\/p>\n\n\n\n<p>Agust\u00edn Giay<br>Tom\u00e1s Avil\u00e9s<br>Lautaro Di Lollo<br>Valent\u00edn G\u00f3mez<br>Rom\u00e1n Vega<br>Valent\u00edn Barco<\/p>\n\n\n\n<p>Mediocampistas<\/p>\n\n\n\n<p>Mateo Tanlongo<br>Ignacio Miram\u00f3n<br>Federico Redondo<br>M\u00e1ximo Perrone<br>Gino Infantino<br>Valent\u00edn Carboni<\/p>\n\n\n\n<p>Delanteros<\/p>\n\n\n\n<p>Mat\u00edas Soul\u00e9<br>Luka Romero<br>Alejo V\u00e9liz<br>Ignacio Maestro Puch<br>Juan Gauto<br>Brian Aguirre<\/p>\n<div class='epvc-post-count'><span class='epvc-eye'><\/span>  <span class=\"epvc-count\"> 1.143<\/span><span class='epvc-label'> veces le\u00edda<\/span><\/div>\n<div class=\"jwsharethis\">\nShare this: \n<br \/>\n<a href=\"mailto:?subject=Mascherano%20defini%C3%B3%20la%20lista&amp;body=http%3A%2F%2Flabestiadeportiva.com%2Flbd%2Fmascherano-definio-la-lista%2F\">\n<img src=\"http:\/\/labestiadeportiva.com\/lbd\/wp-content\/plugins\/jw-share-this\/email.png\" alt=\"Share this page via Email\" \/>\n<\/a>\n<a target=\"_blank\" href=\"http:\/\/www.stumbleupon.com\/submit?url=http%3A%2F%2Flabestiadeportiva.com%2Flbd%2Fmascherano-definio-la-lista%2F&amp;title=Mascherano+defini%C3%B3+la+lista\">\n<img src=\"http:\/\/labestiadeportiva.com\/lbd\/wp-content\/plugins\/jw-share-this\/su.png\" alt=\"Share this page via Stumble Upon\" \/>\n<\/a>\n<a target=\"_blank\" href=\"http:\/\/digg.com\/submit?url=http%3A%2F%2Flabestiadeportiva.com%2Flbd%2Fmascherano-definio-la-lista%2F&amp;title=Mascherano+defini%C3%B3+la+lista\">\n<img src=\"http:\/\/labestiadeportiva.com\/lbd\/wp-content\/plugins\/jw-share-this\/digg.png\" alt=\"Share this page via Digg this\" \/>\n<\/a>\n<a target=\"_blank\" href=\"http:\/\/www.facebook.com\/sharer.php?u=http%3A%2F%2Flabestiadeportiva.com%2Flbd%2Fmascherano-definio-la-lista%2F&amp;t=Mascherano+defini%C3%B3+la+lista\">\n<img src=\"http:\/\/labestiadeportiva.com\/lbd\/wp-content\/plugins\/jw-share-this\/fb.png\" alt=\"Share this page via Facebook\" \/>\n<\/a>\n<a target=\"_blank\" href=\"http:\/\/twitter.com\/intent\/tweet?text=I+like+http%3A%2F%2Flabestiadeportiva.com%2Flbd%2Fmascherano-definio-la-lista%2F&amp;title=Mascherano+defini%C3%B3+la+lista\">\n<img src=\"http:\/\/labestiadeportiva.com\/lbd\/wp-content\/plugins\/jw-share-this\/twitter.png\" alt=\"Share this page via Twitter\" \/>\n<\/a>\n<\/div>\n","protected":false},"excerpt":{"rendered":"<p>Se devel\u00f3 el misterio. Javier Mascherano hizo oficial los 21 elegidos para la Copa del Mundo que comenzar\u00e1 el 20 de mayo pr\u00f3ximo en nuestro pa\u00eds. LBD te cuenta quienes son nuestros representantes. 1.143 veces le\u00edda Share this:<\/p>\n","protected":false},"author":1,"featured_media":0,"comment_status":"open","ping_status":"open","sticky":false,"template":"","format":"standard","meta":[],"categories":[4,3336,1],"tags":[17,5038,88,110],"_links":{"self":[{"href":"http:\/\/labestiadeportiva.com\/lbd\/wp-json\/wp\/v2\/posts\/45972"}],"collection":[{"href":"http:\/\/labestiadeportiva.com\/lbd\/wp-json\/wp\/v2\/posts"}],"about":[{"href":"http:\/\/labestiadeportiva.com\/lbd\/wp-json\/wp\/v2\/types\/post"}],"author":[{"embeddable":true,"href":"http:\/\/labestiadeportiva.com\/lbd\/wp-json\/wp\/v2\/users\/1"}],"replies":[{"embeddable":true,"href":"http:\/\/labestiadeportiva.com\/lbd\/wp-json\/wp\/v2\/comments?post=45972"}],"version-history":[{"count":1,"href":"http:\/\/labestiadeportiva.com\/lbd\/wp-json\/wp\/v2\/posts\/45972\/revisions"}],"predecessor-version":[{"id":45974,"href":"http:\/\/labestiadeportiva.com\/lbd\/wp-json\/wp\/v2\/posts\/45972\/revisions\/45974"}],"wp:attachment":[{"href":"http:\/\/labestiadeportiva.com\/lbd\/wp-json\/wp\/v2\/media?parent=45972"}],"wp:term":[{"taxonomy":"category","embeddable":true,"href":"http:\/\/labestiadeportiva.com\/lbd\/wp-json\/wp\/v2\/categories?post=45972"},{"taxonomy":"post_tag","embeddable":true,"href":"http:\/\/labestiadeportiva.com\/lbd\/wp-json\/wp\/v2\/tags?post=45972"}],"curies":[{"name":"wp","href":"https:\/\/api.w.org\/{rel}","templated":true}]}}