{"id":46019,"date":"2023-05-08T21:48:58","date_gmt":"2023-05-09T00:48:58","guid":{"rendered":"http:\/\/labestiadeportiva.com\/lbd\/?p=46019"},"modified":"2023-05-08T21:49:01","modified_gmt":"2023-05-09T00:49:01","slug":"las-calles-de-miami-tienen-ese-no-se-que","status":"publish","type":"post","link":"http:\/\/labestiadeportiva.com\/lbd\/las-calles-de-miami-tienen-ese-no-se-que\/","title":{"rendered":"Las calles de Miami tienen ese no s\u00e9 qu\u00e9&#8230;"},"content":{"rendered":"\n<figure class=\"wp-block-image size-full\"><a href=\"http:\/\/labestiadeportiva.com\/lbd\/wp-content\/uploads\/2023\/05\/podio_del_gp_de_miami_foto_f1.jpg\"><img loading=\"lazy\" width=\"680\" height=\"382\" src=\"http:\/\/labestiadeportiva.com\/lbd\/wp-content\/uploads\/2023\/05\/podio_del_gp_de_miami_foto_f1.jpg\" alt=\"\" class=\"wp-image-46020\" srcset=\"http:\/\/labestiadeportiva.com\/lbd\/wp-content\/uploads\/2023\/05\/podio_del_gp_de_miami_foto_f1.jpg 680w, http:\/\/labestiadeportiva.com\/lbd\/wp-content\/uploads\/2023\/05\/podio_del_gp_de_miami_foto_f1-300x169.jpg 300w, http:\/\/labestiadeportiva.com\/lbd\/wp-content\/uploads\/2023\/05\/podio_del_gp_de_miami_foto_f1-640x360.jpg 640w\" sizes=\"(max-width: 680px) 100vw, 680px\" \/><\/a><\/figure>\n\n\n\n<figure class=\"wp-block-image size-full is-resized\"><a href=\"http:\/\/labestiadeportiva.com\/lbd\/wp-content\/uploads\/2022\/11\/CARA_CAMPOS-1.jpg\"><img loading=\"lazy\" src=\"http:\/\/labestiadeportiva.com\/lbd\/wp-content\/uploads\/2022\/11\/CARA_CAMPOS-1.jpg\" alt=\"\" class=\"wp-image-43575\" width=\"328\" height=\"67\" srcset=\"http:\/\/labestiadeportiva.com\/lbd\/wp-content\/uploads\/2022\/11\/CARA_CAMPOS-1.jpg 600w, http:\/\/labestiadeportiva.com\/lbd\/wp-content\/uploads\/2022\/11\/CARA_CAMPOS-1-300x62.jpg 300w\" sizes=\"(max-width: 328px) 100vw, 328px\" \/><\/a><\/figure>\n\n\n\n<p>El holand\u00e9s Max Verstappen con Red Bull sali\u00f3 victorioso en las calles de Miami. Este fin de semana se disput\u00f3 el GP de Miami, en el circuito de Hard Rock Stadium, la quinta fecha de la temporada. Mismo gui\u00f3n, mismos protagonistas en el podio. Verstappen, P\u00e9rez y Alonso repiten en la clasificaci\u00f3n del mundial de pilotos. <\/p>\n\n\n\n<!--more-->\n\n\n\n<p>El s\u00e1bado en clasificaci\u00f3n, el m\u00e1s veloz, fue el mejicano de Red Bull, seguido de Alonso con el Aston Martin, y un sorprendente Carlos Sainz, con el Ferrari. Verstappen se vio perjudicado por una bandera roja en el final de la Q3, y tuvo que conformarse con el noveno mejor tiempo de la sesi\u00f3n sabatina. <\/p>\n\n\n\n<p>El domingo se puso en marcha el gran premio americano al apagarse los sem\u00e1foros, y \u201cCheco\u201d P\u00e9rez sali\u00f3 muy bien seguido por Alonso, Sainz, Magnussen, Gasly, Russell y Leclerc. M\u00e1s atr\u00e1s Verstappen perd\u00eda un puesto, pero en un par de vueltas iniciar\u00eda la remontada, que lo llevar\u00eda al triunfo. <\/p>\n\n\n\n<p>En el tercer paso por meta, el holand\u00e9s aceler\u00f3 y de una tacada super\u00f3 a Magnussen y Leclerc, para ponerse sexto. Sin oposici\u00f3n en pista, el de Red Bull fue escalando hasta que en la vuelta 15 adelant\u00f3 al espa\u00f1ol Fernando Alonso, y en la ronda 21 alcanz\u00f3 el primer lugar, cuando su compa\u00f1ero de escuder\u00eda hizo su parada en boxes. <\/p>\n\n\n\n<p>A partir de ese momento, el control de las acciones qued\u00f3 en manos del vigente campe\u00f3n, ampliando la diferencia con el resto de pilotos. Alonso s\u00f3lo pod\u00eda acercarse pero a 15 \u00f3 20 segundos de los autos de la bebida energ\u00e9tica, Ferrari, con Leclerc y Sainz, sufr\u00edan para llevar sus monoplazas, con problemas de agarre en pista y sufriendo con los neum\u00e1ticos medios sobre un renovado asfalto en las calles de Miami. <\/p>\n\n\n\n<p>A casi diez vueltas del final, Verstappen pas\u00f3 por boxes y volvi\u00f3 a pista por detr\u00e1s de P\u00e9rez. El liderazgo del piloto azteca dur\u00f3 apenas tres giros, en la 48 Verstappen lo volvi\u00f3 a superar y as\u00ed se march\u00f3 hac\u00eda la bandera a cuadros.\u00a0 En dos semanas la F1 llega a territorio europeo, y rodar\u00e1 en el Circuito Enzo y Dino Ferrari, para la disputa del GP de Emilia Romagna, Imola.\u00a0\u00a0\u00a0\u00a0\u00a0\u00a0\u00a0\u00a0<\/p>\n\n\n\n<figure class=\"wp-block-image size-full\"><a href=\"http:\/\/labestiadeportiva.com\/lbd\/wp-content\/uploads\/2023\/05\/RB-19-Max.jpg\"><img loading=\"lazy\" width=\"580\" height=\"330\" src=\"http:\/\/labestiadeportiva.com\/lbd\/wp-content\/uploads\/2023\/05\/RB-19-Max.jpg\" alt=\"\" class=\"wp-image-46021\" srcset=\"http:\/\/labestiadeportiva.com\/lbd\/wp-content\/uploads\/2023\/05\/RB-19-Max.jpg 580w, http:\/\/labestiadeportiva.com\/lbd\/wp-content\/uploads\/2023\/05\/RB-19-Max-300x171.jpg 300w\" sizes=\"(max-width: 580px) 100vw, 580px\" \/><\/a><\/figure>\n\n\n\n<p>As\u00ed llegaron:<\/p>\n\n\n\n<p>1\u00ba M. Verstappen-Red Bull en 1:27:38,241<\/p>\n\n\n\n<p>2\u00ba S. P\u00e9rez-Red Bull a 5,384<\/p>\n\n\n\n<p>3\u00ba F. Alonso-Aston Martin a 26,305<\/p>\n\n\n\n<p>El Mundial de pilotos<\/p>\n\n\n\n<p>1\u00ba M. Verstappen (HOL) 119pts.<\/p>\n\n\n\n<p>2\u00ba S. P\u00e9rez (MEX) 105 pts.<\/p>\n\n\n\n<p>3\u00ba F. Alonso (ESP) 75 pts.<\/p>\n\n\n\n<p>El Mundial de constructores<\/p>\n\n\n\n<p>1\u00ba Red Bull 224 pts.<\/p>\n\n\n\n<p>2\u00ba Aston Martin 102 pts.<\/p>\n\n\n\n<p>3\u00bamercedes Benz 96 pts.<\/p>\n\n\n\n<p>Pr\u00f3xima competencia: el 21 de mayo, GP Emilia Romagna, Imola.<\/p>\n<div class='epvc-post-count'><span class='epvc-eye'><\/span>  <span class=\"epvc-count\"> 1.199<\/span><span class='epvc-label'> veces le\u00edda<\/span><\/div>\n<div class=\"jwsharethis\">\nShare this: \n<br \/>\n<a href=\"mailto:?subject=Las%20calles%20de%20Miami%20tienen%20ese%20no%20s%C3%A9%20qu%C3%A9%26%238230%3B&amp;body=http%3A%2F%2Flabestiadeportiva.com%2Flbd%2Flas-calles-de-miami-tienen-ese-no-se-que%2F\">\n<img src=\"http:\/\/labestiadeportiva.com\/lbd\/wp-content\/plugins\/jw-share-this\/email.png\" alt=\"Share this page via Email\" \/>\n<\/a>\n<a target=\"_blank\" href=\"http:\/\/www.stumbleupon.com\/submit?url=http%3A%2F%2Flabestiadeportiva.com%2Flbd%2Flas-calles-de-miami-tienen-ese-no-se-que%2F&amp;title=Las+calles+de+Miami+tienen+ese+no+s%C3%A9+qu%C3%A9%26%238230%3B\">\n<img src=\"http:\/\/labestiadeportiva.com\/lbd\/wp-content\/plugins\/jw-share-this\/su.png\" alt=\"Share this page via Stumble Upon\" \/>\n<\/a>\n<a target=\"_blank\" href=\"http:\/\/digg.com\/submit?url=http%3A%2F%2Flabestiadeportiva.com%2Flbd%2Flas-calles-de-miami-tienen-ese-no-se-que%2F&amp;title=Las+calles+de+Miami+tienen+ese+no+s%C3%A9+qu%C3%A9%26%238230%3B\">\n<img src=\"http:\/\/labestiadeportiva.com\/lbd\/wp-content\/plugins\/jw-share-this\/digg.png\" alt=\"Share this page via Digg this\" \/>\n<\/a>\n<a target=\"_blank\" href=\"http:\/\/www.facebook.com\/sharer.php?u=http%3A%2F%2Flabestiadeportiva.com%2Flbd%2Flas-calles-de-miami-tienen-ese-no-se-que%2F&amp;t=Las+calles+de+Miami+tienen+ese+no+s%C3%A9+qu%C3%A9%26%238230%3B\">\n<img src=\"http:\/\/labestiadeportiva.com\/lbd\/wp-content\/plugins\/jw-share-this\/fb.png\" alt=\"Share this page via Facebook\" \/>\n<\/a>\n<a target=\"_blank\" href=\"http:\/\/twitter.com\/intent\/tweet?text=I+like+http%3A%2F%2Flabestiadeportiva.com%2Flbd%2Flas-calles-de-miami-tienen-ese-no-se-que%2F&amp;title=Las+calles+de+Miami+tienen+ese+no+s%C3%A9+qu%C3%A9%26%238230%3B\">\n<img src=\"http:\/\/labestiadeportiva.com\/lbd\/wp-content\/plugins\/jw-share-this\/twitter.png\" alt=\"Share this page via Twitter\" \/>\n<\/a>\n<\/div>\n","protected":false},"excerpt":{"rendered":"<p>El holand\u00e9s Max Verstappen con Red Bull sali\u00f3 victorioso en las calles de Miami. Este fin de semana se disput\u00f3 el GP de Miami, en el circuito de Hard Rock Stadium, la quinta fecha de la temporada. Mismo gui\u00f3n, mismos protagonistas en el podio. Verstappen, P\u00e9rez y Alonso repiten en la clasificaci\u00f3n del mundial de &hellip; <a href=\"http:\/\/labestiadeportiva.com\/lbd\/las-calles-de-miami-tienen-ese-no-se-que\/\" class=\"more-link\">Seguir leyendo <span class=\"screen-reader-text\">Las calles de Miami tienen ese no s\u00e9 qu\u00e9&#8230;<\/span> <span class=\"meta-nav\">&rarr;<\/span><\/a><\/p>\n","protected":false},"author":1,"featured_media":0,"comment_status":"open","ping_status":"open","sticky":false,"template":"","format":"standard","meta":[],"categories":[2176,4,3534,1],"tags":[154,4995,3361,83],"_links":{"self":[{"href":"http:\/\/labestiadeportiva.com\/lbd\/wp-json\/wp\/v2\/posts\/46019"}],"collection":[{"href":"http:\/\/labestiadeportiva.com\/lbd\/wp-json\/wp\/v2\/posts"}],"about":[{"href":"http:\/\/labestiadeportiva.com\/lbd\/wp-json\/wp\/v2\/types\/post"}],"author":[{"embeddable":true,"href":"http:\/\/labestiadeportiva.com\/lbd\/wp-json\/wp\/v2\/users\/1"}],"replies":[{"embeddable":true,"href":"http:\/\/labestiadeportiva.com\/lbd\/wp-json\/wp\/v2\/comments?post=46019"}],"version-history":[{"count":1,"href":"http:\/\/labestiadeportiva.com\/lbd\/wp-json\/wp\/v2\/posts\/46019\/revisions"}],"predecessor-version":[{"id":46022,"href":"http:\/\/labestiadeportiva.com\/lbd\/wp-json\/wp\/v2\/posts\/46019\/revisions\/46022"}],"wp:attachment":[{"href":"http:\/\/labestiadeportiva.com\/lbd\/wp-json\/wp\/v2\/media?parent=46019"}],"wp:term":[{"taxonomy":"category","embeddable":true,"href":"http:\/\/labestiadeportiva.com\/lbd\/wp-json\/wp\/v2\/categories?post=46019"},{"taxonomy":"post_tag","embeddable":true,"href":"http:\/\/labestiadeportiva.com\/lbd\/wp-json\/wp\/v2\/tags?post=46019"}],"curies":[{"name":"wp","href":"https:\/\/api.w.org\/{rel}","templated":true}]}}