{"id":46224,"date":"2023-05-29T08:57:31","date_gmt":"2023-05-29T11:57:31","guid":{"rendered":"http:\/\/labestiadeportiva.com\/lbd\/?p=46224"},"modified":"2023-05-29T08:57:32","modified_gmt":"2023-05-29T11:57:32","slug":"verstappen-pudo-con-todos","status":"publish","type":"post","link":"http:\/\/labestiadeportiva.com\/lbd\/verstappen-pudo-con-todos\/","title":{"rendered":"Verstappen pudo con todos"},"content":{"rendered":"\n<figure class=\"wp-block-image size-full is-resized\"><a href=\"http:\/\/labestiadeportiva.com\/lbd\/wp-content\/uploads\/2023\/05\/Ver-Alo.jpg\"><img loading=\"lazy\" src=\"http:\/\/labestiadeportiva.com\/lbd\/wp-content\/uploads\/2023\/05\/Ver-Alo.jpg\" alt=\"\" class=\"wp-image-46225\" width=\"414\" height=\"232\"\/><\/a><\/figure>\n\n\n\n<figure class=\"wp-block-image size-full is-resized\"><a href=\"http:\/\/labestiadeportiva.com\/lbd\/wp-content\/uploads\/2022\/11\/CARA_CAMPOS-1.jpg\"><img loading=\"lazy\" src=\"http:\/\/labestiadeportiva.com\/lbd\/wp-content\/uploads\/2022\/11\/CARA_CAMPOS-1.jpg\" alt=\"\" class=\"wp-image-43575\" width=\"379\" height=\"77\" srcset=\"http:\/\/labestiadeportiva.com\/lbd\/wp-content\/uploads\/2022\/11\/CARA_CAMPOS-1.jpg 600w, http:\/\/labestiadeportiva.com\/lbd\/wp-content\/uploads\/2022\/11\/CARA_CAMPOS-1-300x62.jpg 300w\" sizes=\"(max-width: 379px) 100vw, 379px\" \/><\/a><\/figure>\n\n\n\n<p>El holand\u00e9s Max Verstappen, a bordo del RB 19, no tuvo oposici\u00f3n en las calles de Montecarlo. Cuarta victoria de la temporada 2023 de F1 del vigente campe\u00f3n, y con opciones de repetir t\u00edtulo. <\/p>\n\n\n\n<!--more-->\n\n\n\n<p>Gran trabajo del hombre de Red Bull en un fin de semana perfecto y en toda condici\u00f3n meteorol\u00f3gica en el asfalto del principado. <\/p>\n\n\n\n<p>El s\u00e1bado, en clasificaci\u00f3n, le arrebat\u00f3 la pole a un sorprendente Alonso, a cuarenta segundos de finalizar la Q3 y por 84 cent\u00e9simas se quedaba con la primera l\u00ednea de salida. El domingo, con amenaza de lluvia sobre el m\u00edtico trazado callejero y tras apagarse los sem\u00e1foros, se puso en marcha la sexta cita del torneo. <\/p>\n\n\n\n<p>Salida impecable de Verstappen, se march\u00f3 seguido por Alonso, Ocon, Sainz y Hamilton. El piloto neerland\u00e9s empez\u00f3 a marcar el ritmo de carrera y en el primer paso meta, ya sacaba m\u00e1s de cinco segundos al asturiano de Aston Martin. <\/p>\n\n\n\n<p>El dos veces campe\u00f3n del mundo, junto a su compatriota Carlos Sainz, optaron por jugar con la estrategia cambiada, y calzaron sus autos con compuesto duro. Era tratar de llegar a la vuelta 50 y tirar los \u00faltimos giros con blandos. <\/p>\n\n\n\n<p>Pero ambos equipos, Aston Martin Y Ferrari, errar\u00edan en la estrategia final, en parte por la fina lluvia que cay\u00f3 sobre el trazado. Los de Maranello siguen sin levantar cabeza, con estrategias conservadoras, con Leclerc sexto y Sainz octavo en la clasificaci\u00f3n final. <\/p>\n\n\n\n<p>El madrile\u00f1o tuvo que luchar contra Ocon, con un toque incluido y dedicarse m\u00e1s a cuidarse del avance Hamilton con el Mercedes, por \u00f3rdenes de su equipo desde el muro. Mientras tanto, Verstappen segu\u00eda al frente ampliando su ventaja con Alonso, que con Aston Martin lleg\u00f3 a estar a 25 segundos. <\/p>\n\n\n\n<p>Promediando la carrera, el desgaste de casi todos los compuestos usados por los pilotos era evidente y en pista aparec\u00eda el \u201cgraining\u201d. Los radares meteorol\u00f3gicos confirmaban lluvia sobre el principado en el \u00faltimo tercio de carrera. <\/p>\n\n\n\n<p>Lleg\u00f3 el momento de los hombres de punta para pasar por boxes, y en la 45 par\u00f3 Leclerc que marchaba tercero y al volver a pista ca\u00eda hasta la octava posici\u00f3n, su compa\u00f1ero Sainz era sexto, la estrategia no funcionaba. <\/p>\n\n\n\n<p>Diez vueltas m\u00e1s tarde, Alonso se detuvo y su equipo le pon\u00eda neum\u00e1tico intermedio para seco, ya llov\u00eda en la zona del\u00a0 t\u00fanel. Era muy arriesgado y la jugada sali\u00f3 mal. En tanto Verstappen puso intermedios para lluvia, y sigui\u00f3 al frente de la prueba. <\/p>\n\n\n\n<p>El asturiano dur\u00f3 muy poco en pista y tuvo que volver a boxes para calzar los Pirelli para piso mojado. Las \u00faltimas veinte vueltas fueron un suplicio para la mayor\u00eda de pilotos, pero no hizo falta la entrada del auto de seguridad, tan s\u00f3lo un par de banderas amarillas para advertirles de la situaci\u00f3n en pista. <\/p>\n\n\n\n<p>Vertappen sigui\u00f3 marcando el camino y cruz\u00f3 la l\u00ednea de meta como ganador del GP de M\u00f3naco, segundo fue Alonso y tercer escal\u00f3n del podio para Ocon con el Alpine. En menos de una semana, sigue la actividad motor y la m\u00e1xima categor\u00eda llega a territorio espa\u00f1ol, pr\u00f3xima parada, Montmelo, Catalu\u00f1a.\u00a0\u00a0\u00a0\u00a0\u00a0\u00a0\u00a0\u00a0<\/p>\n\n\n\n<figure class=\"wp-block-image size-full is-resized\"><a href=\"http:\/\/labestiadeportiva.com\/lbd\/wp-content\/uploads\/2023\/05\/RB19-Max.jpg\"><img loading=\"lazy\" src=\"http:\/\/labestiadeportiva.com\/lbd\/wp-content\/uploads\/2023\/05\/RB19-Max.jpg\" alt=\"\" class=\"wp-image-46226\" width=\"419\" height=\"215\" srcset=\"http:\/\/labestiadeportiva.com\/lbd\/wp-content\/uploads\/2023\/05\/RB19-Max.jpg 313w, http:\/\/labestiadeportiva.com\/lbd\/wp-content\/uploads\/2023\/05\/RB19-Max-300x154.jpg 300w\" sizes=\"(max-width: 419px) 100vw, 419px\" \/><\/a><\/figure>\n\n\n\n<p>\u00a0\u00a0\u00a0<\/p>\n\n\n\n<p>As\u00ed llegaron:<\/p>\n\n\n\n<p>1\u00ba M. Verstappen-Red Bull en 1:48:51,980<\/p>\n\n\n\n<p>2\u00ba F. Alonso-Aston Martin a 27,921<\/p>\n\n\n\n<p>3\u00ba E. Ocon-Alpine a 36,990<\/p>\n\n\n\n<p>El Mundial de pilotos<\/p>\n\n\n\n<p>1\u00ba M. Verstappen (HOL) 144 pts.<\/p>\n\n\n\n<p>2\u00ba S. P\u00e9rez (MEX) 105 pts.<\/p>\n\n\n\n<p>3\u00ba F. Alonso (ESP) 93 pts.<\/p>\n\n\n\n<p>El Mundial de constructores<\/p>\n\n\n\n<p>1\u00ba Red Bull 249 pts.<\/p>\n\n\n\n<p>2\u00ba Aston Martin 120 pts.<\/p>\n\n\n\n<p>3\u00ba Mercedes Benz 119 pts.<\/p>\n\n\n\n<p>Pr\u00f3xima competencia: el 4 de junio, GP de Espa\u00f1a, Montmelo.<\/p>\n<div class='epvc-post-count'><span class='epvc-eye'><\/span>  <span class=\"epvc-count\"> 1.086<\/span><span class='epvc-label'> veces le\u00edda<\/span><\/div>\n<div class=\"jwsharethis\">\nShare this: \n<br \/>\n<a href=\"mailto:?subject=Verstappen%20pudo%20con%20todos&amp;body=http%3A%2F%2Flabestiadeportiva.com%2Flbd%2Fverstappen-pudo-con-todos%2F\">\n<img src=\"http:\/\/labestiadeportiva.com\/lbd\/wp-content\/plugins\/jw-share-this\/email.png\" alt=\"Share this page via Email\" \/>\n<\/a>\n<a target=\"_blank\" href=\"http:\/\/www.stumbleupon.com\/submit?url=http%3A%2F%2Flabestiadeportiva.com%2Flbd%2Fverstappen-pudo-con-todos%2F&amp;title=Verstappen+pudo+con+todos\">\n<img src=\"http:\/\/labestiadeportiva.com\/lbd\/wp-content\/plugins\/jw-share-this\/su.png\" alt=\"Share this page via Stumble Upon\" \/>\n<\/a>\n<a target=\"_blank\" href=\"http:\/\/digg.com\/submit?url=http%3A%2F%2Flabestiadeportiva.com%2Flbd%2Fverstappen-pudo-con-todos%2F&amp;title=Verstappen+pudo+con+todos\">\n<img src=\"http:\/\/labestiadeportiva.com\/lbd\/wp-content\/plugins\/jw-share-this\/digg.png\" alt=\"Share this page via Digg this\" \/>\n<\/a>\n<a target=\"_blank\" href=\"http:\/\/www.facebook.com\/sharer.php?u=http%3A%2F%2Flabestiadeportiva.com%2Flbd%2Fverstappen-pudo-con-todos%2F&amp;t=Verstappen+pudo+con+todos\">\n<img src=\"http:\/\/labestiadeportiva.com\/lbd\/wp-content\/plugins\/jw-share-this\/fb.png\" alt=\"Share this page via Facebook\" \/>\n<\/a>\n<a target=\"_blank\" href=\"http:\/\/twitter.com\/intent\/tweet?text=I+like+http%3A%2F%2Flabestiadeportiva.com%2Flbd%2Fverstappen-pudo-con-todos%2F&amp;title=Verstappen+pudo+con+todos\">\n<img src=\"http:\/\/labestiadeportiva.com\/lbd\/wp-content\/plugins\/jw-share-this\/twitter.png\" alt=\"Share this page via Twitter\" \/>\n<\/a>\n<\/div>\n","protected":false},"excerpt":{"rendered":"<p>El holand\u00e9s Max Verstappen, a bordo del RB 19, no tuvo oposici\u00f3n en las calles de Montecarlo. Cuarta victoria de la temporada 2023 de F1 del vigente campe\u00f3n, y con opciones de repetir t\u00edtulo. 1.086 veces le\u00edda Share this:<\/p>\n","protected":false},"author":1,"featured_media":0,"comment_status":"open","ping_status":"open","sticky":false,"template":"","format":"standard","meta":[],"categories":[2176,4,3534,1],"tags":[154,4995,629],"_links":{"self":[{"href":"http:\/\/labestiadeportiva.com\/lbd\/wp-json\/wp\/v2\/posts\/46224"}],"collection":[{"href":"http:\/\/labestiadeportiva.com\/lbd\/wp-json\/wp\/v2\/posts"}],"about":[{"href":"http:\/\/labestiadeportiva.com\/lbd\/wp-json\/wp\/v2\/types\/post"}],"author":[{"embeddable":true,"href":"http:\/\/labestiadeportiva.com\/lbd\/wp-json\/wp\/v2\/users\/1"}],"replies":[{"embeddable":true,"href":"http:\/\/labestiadeportiva.com\/lbd\/wp-json\/wp\/v2\/comments?post=46224"}],"version-history":[{"count":1,"href":"http:\/\/labestiadeportiva.com\/lbd\/wp-json\/wp\/v2\/posts\/46224\/revisions"}],"predecessor-version":[{"id":46227,"href":"http:\/\/labestiadeportiva.com\/lbd\/wp-json\/wp\/v2\/posts\/46224\/revisions\/46227"}],"wp:attachment":[{"href":"http:\/\/labestiadeportiva.com\/lbd\/wp-json\/wp\/v2\/media?parent=46224"}],"wp:term":[{"taxonomy":"category","embeddable":true,"href":"http:\/\/labestiadeportiva.com\/lbd\/wp-json\/wp\/v2\/categories?post=46224"},{"taxonomy":"post_tag","embeddable":true,"href":"http:\/\/labestiadeportiva.com\/lbd\/wp-json\/wp\/v2\/tags?post=46224"}],"curies":[{"name":"wp","href":"https:\/\/api.w.org\/{rel}","templated":true}]}}