{"id":46239,"date":"2023-05-30T16:14:45","date_gmt":"2023-05-30T19:14:45","guid":{"rendered":"http:\/\/labestiadeportiva.com\/lbd\/?p=46239"},"modified":"2023-05-30T16:14:47","modified_gmt":"2023-05-30T19:14:47","slug":"jorge-bellendier-en-ushuaia","status":"publish","type":"post","link":"http:\/\/labestiadeportiva.com\/lbd\/jorge-bellendier-en-ushuaia\/","title":{"rendered":"Jorge Bellendier en Ushuaia"},"content":{"rendered":"\n<figure class=\"wp-block-image size-large\"><a href=\"http:\/\/labestiadeportiva.com\/lbd\/wp-content\/uploads\/2023\/05\/IMG-20230529-WA0068.jpg\"><img loading=\"lazy\" width=\"1024\" height=\"498\" src=\"http:\/\/labestiadeportiva.com\/lbd\/wp-content\/uploads\/2023\/05\/IMG-20230529-WA0068-1024x498.jpg\" alt=\"\" class=\"wp-image-46240\" srcset=\"http:\/\/labestiadeportiva.com\/lbd\/wp-content\/uploads\/2023\/05\/IMG-20230529-WA0068-1024x498.jpg 1024w, http:\/\/labestiadeportiva.com\/lbd\/wp-content\/uploads\/2023\/05\/IMG-20230529-WA0068-300x146.jpg 300w, http:\/\/labestiadeportiva.com\/lbd\/wp-content\/uploads\/2023\/05\/IMG-20230529-WA0068-768x373.jpg 768w, http:\/\/labestiadeportiva.com\/lbd\/wp-content\/uploads\/2023\/05\/IMG-20230529-WA0068-640x311.jpg 640w, http:\/\/labestiadeportiva.com\/lbd\/wp-content\/uploads\/2023\/05\/IMG-20230529-WA0068.jpg 1280w\" sizes=\"(max-width: 1024px) 100vw, 1024px\" \/><\/a><\/figure>\n\n\n\n<figure class=\"wp-block-image size-full is-resized\"><a href=\"http:\/\/labestiadeportiva.com\/lbd\/wp-content\/uploads\/2022\/11\/CARA_PEREZ-2.jpg\"><img loading=\"lazy\" src=\"http:\/\/labestiadeportiva.com\/lbd\/wp-content\/uploads\/2022\/11\/CARA_PEREZ-2.jpg\" alt=\"\" class=\"wp-image-43576\" width=\"335\" height=\"68\" srcset=\"http:\/\/labestiadeportiva.com\/lbd\/wp-content\/uploads\/2022\/11\/CARA_PEREZ-2.jpg 600w, http:\/\/labestiadeportiva.com\/lbd\/wp-content\/uploads\/2022\/11\/CARA_PEREZ-2-300x62.jpg 300w\" sizes=\"(max-width: 335px) 100vw, 335px\" \/><\/a><\/figure>\n\n\n\n<p>De la mano de la Federaci\u00f3n de V\u00f3ley Fueguina de jueves a domingo se realiz\u00f3 el Curso Oficial de Entrenador Provincial a cargo del instructor FeVA.<\/p>\n\n\n\n<!--more-->\n\n\n\n<p>La capacitaci\u00f3n tuvo una importante asistencia y se desarroll\u00f3 \u00edntegramente en el gimnasio del Colegio Polivalente de Arte.<\/p>\n\n\n\n<p>Fue te\u00f3rico pr\u00e1ctica y cont\u00f3 con 32 inscriptos de los cuales 29 realizaron el curso rindiendo 23 de ellos mientras que los 6 restantes asistieron en calidad de oyentes.<\/p>\n\n\n\n<p>Desde LBD nos contactamos brevemente con el formador quien a modo de balance expres\u00f3:<\/p>\n\n\n\n<p>\u00abLa participaci\u00f3n es muy buena y esto es importante por qu\u00e9 le vamos a dar las primeras herramientas para desarrollar el v\u00f3ley de base en clubes e instituciones intermedias\u00bb<\/p>\n\n\n\n<p>Cabe recordar que Bellendier es T\u00e9cnico Internacional FIVB, Asistente T\u00e9cnico en la Selecci\u00f3n Mayor, T\u00e9cnico Principal de la Selecci\u00f3n Juvenil como as\u00ed tambi\u00e9n fue campe\u00f3n de la Liga Argentina con Necochea y Subcampe\u00f3n al frente de Azul V\u00f3ley.<\/p>\n\n\n\n<figure class=\"wp-block-image size-large\"><a href=\"http:\/\/labestiadeportiva.com\/lbd\/wp-content\/uploads\/2023\/05\/IMG-20230525-WA0033.jpg\"><img loading=\"lazy\" width=\"1024\" height=\"576\" src=\"http:\/\/labestiadeportiva.com\/lbd\/wp-content\/uploads\/2023\/05\/IMG-20230525-WA0033-1024x576.jpg\" alt=\"\" class=\"wp-image-46241\" srcset=\"http:\/\/labestiadeportiva.com\/lbd\/wp-content\/uploads\/2023\/05\/IMG-20230525-WA0033-1024x576.jpg 1024w, http:\/\/labestiadeportiva.com\/lbd\/wp-content\/uploads\/2023\/05\/IMG-20230525-WA0033-300x169.jpg 300w, http:\/\/labestiadeportiva.com\/lbd\/wp-content\/uploads\/2023\/05\/IMG-20230525-WA0033-768x432.jpg 768w, http:\/\/labestiadeportiva.com\/lbd\/wp-content\/uploads\/2023\/05\/IMG-20230525-WA0033-640x360.jpg 640w, http:\/\/labestiadeportiva.com\/lbd\/wp-content\/uploads\/2023\/05\/IMG-20230525-WA0033.jpg 1328w\" sizes=\"(max-width: 1024px) 100vw, 1024px\" \/><\/a><\/figure>\n<div class='epvc-post-count'><span class='epvc-eye'><\/span>  <span class=\"epvc-count\"> 1.330<\/span><span class='epvc-label'> veces le\u00edda<\/span><\/div>\n<div class=\"jwsharethis\">\nShare this: \n<br \/>\n<a href=\"mailto:?subject=Jorge%20Bellendier%20en%20Ushuaia&amp;body=http%3A%2F%2Flabestiadeportiva.com%2Flbd%2Fjorge-bellendier-en-ushuaia%2F\">\n<img src=\"http:\/\/labestiadeportiva.com\/lbd\/wp-content\/plugins\/jw-share-this\/email.png\" alt=\"Share this page via Email\" \/>\n<\/a>\n<a target=\"_blank\" href=\"http:\/\/www.stumbleupon.com\/submit?url=http%3A%2F%2Flabestiadeportiva.com%2Flbd%2Fjorge-bellendier-en-ushuaia%2F&amp;title=Jorge+Bellendier+en+Ushuaia\">\n<img src=\"http:\/\/labestiadeportiva.com\/lbd\/wp-content\/plugins\/jw-share-this\/su.png\" alt=\"Share this page via Stumble Upon\" \/>\n<\/a>\n<a target=\"_blank\" href=\"http:\/\/digg.com\/submit?url=http%3A%2F%2Flabestiadeportiva.com%2Flbd%2Fjorge-bellendier-en-ushuaia%2F&amp;title=Jorge+Bellendier+en+Ushuaia\">\n<img src=\"http:\/\/labestiadeportiva.com\/lbd\/wp-content\/plugins\/jw-share-this\/digg.png\" alt=\"Share this page via Digg this\" \/>\n<\/a>\n<a target=\"_blank\" href=\"http:\/\/www.facebook.com\/sharer.php?u=http%3A%2F%2Flabestiadeportiva.com%2Flbd%2Fjorge-bellendier-en-ushuaia%2F&amp;t=Jorge+Bellendier+en+Ushuaia\">\n<img src=\"http:\/\/labestiadeportiva.com\/lbd\/wp-content\/plugins\/jw-share-this\/fb.png\" alt=\"Share this page via Facebook\" \/>\n<\/a>\n<a target=\"_blank\" href=\"http:\/\/twitter.com\/intent\/tweet?text=I+like+http%3A%2F%2Flabestiadeportiva.com%2Flbd%2Fjorge-bellendier-en-ushuaia%2F&amp;title=Jorge+Bellendier+en+Ushuaia\">\n<img src=\"http:\/\/labestiadeportiva.com\/lbd\/wp-content\/plugins\/jw-share-this\/twitter.png\" alt=\"Share this page via Twitter\" \/>\n<\/a>\n<\/div>\n","protected":false},"excerpt":{"rendered":"<p>De la mano de la Federaci\u00f3n de V\u00f3ley Fueguina de jueves a domingo se realiz\u00f3 el Curso Oficial de Entrenador Provincial a cargo del instructor FeVA. 1.330 veces le\u00edda Share this:<\/p>\n","protected":false},"author":1,"featured_media":0,"comment_status":"open","ping_status":"open","sticky":false,"template":"","format":"standard","meta":[],"categories":[5,1,2661,1087,207],"tags":[5064,941,83,52],"_links":{"self":[{"href":"http:\/\/labestiadeportiva.com\/lbd\/wp-json\/wp\/v2\/posts\/46239"}],"collection":[{"href":"http:\/\/labestiadeportiva.com\/lbd\/wp-json\/wp\/v2\/posts"}],"about":[{"href":"http:\/\/labestiadeportiva.com\/lbd\/wp-json\/wp\/v2\/types\/post"}],"author":[{"embeddable":true,"href":"http:\/\/labestiadeportiva.com\/lbd\/wp-json\/wp\/v2\/users\/1"}],"replies":[{"embeddable":true,"href":"http:\/\/labestiadeportiva.com\/lbd\/wp-json\/wp\/v2\/comments?post=46239"}],"version-history":[{"count":1,"href":"http:\/\/labestiadeportiva.com\/lbd\/wp-json\/wp\/v2\/posts\/46239\/revisions"}],"predecessor-version":[{"id":46242,"href":"http:\/\/labestiadeportiva.com\/lbd\/wp-json\/wp\/v2\/posts\/46239\/revisions\/46242"}],"wp:attachment":[{"href":"http:\/\/labestiadeportiva.com\/lbd\/wp-json\/wp\/v2\/media?parent=46239"}],"wp:term":[{"taxonomy":"category","embeddable":true,"href":"http:\/\/labestiadeportiva.com\/lbd\/wp-json\/wp\/v2\/categories?post=46239"},{"taxonomy":"post_tag","embeddable":true,"href":"http:\/\/labestiadeportiva.com\/lbd\/wp-json\/wp\/v2\/tags?post=46239"}],"curies":[{"name":"wp","href":"https:\/\/api.w.org\/{rel}","templated":true}]}}