{"id":46255,"date":"2023-06-02T17:28:18","date_gmt":"2023-06-02T20:28:18","guid":{"rendered":"http:\/\/labestiadeportiva.com\/lbd\/?p=46255"},"modified":"2023-06-02T17:28:23","modified_gmt":"2023-06-02T20:28:23","slug":"se-lanza-la-48-edicion-audio","status":"publish","type":"post","link":"http:\/\/labestiadeportiva.com\/lbd\/se-lanza-la-48-edicion-audio\/","title":{"rendered":"Se lanza la 48\u00b0 Edici\u00f3n (Audio)"},"content":{"rendered":"\n<figure class=\"wp-block-image size-large\"><a href=\"http:\/\/labestiadeportiva.com\/lbd\/wp-content\/uploads\/2023\/06\/FB_IMG_1685502572490.jpg\"><img loading=\"lazy\" width=\"1024\" height=\"1024\" src=\"http:\/\/labestiadeportiva.com\/lbd\/wp-content\/uploads\/2023\/06\/FB_IMG_1685502572490-1024x1024.jpg\" alt=\"\" class=\"wp-image-46256\" srcset=\"http:\/\/labestiadeportiva.com\/lbd\/wp-content\/uploads\/2023\/06\/FB_IMG_1685502572490-1024x1024.jpg 1024w, http:\/\/labestiadeportiva.com\/lbd\/wp-content\/uploads\/2023\/06\/FB_IMG_1685502572490-300x300.jpg 300w, http:\/\/labestiadeportiva.com\/lbd\/wp-content\/uploads\/2023\/06\/FB_IMG_1685502572490-150x150.jpg 150w, http:\/\/labestiadeportiva.com\/lbd\/wp-content\/uploads\/2023\/06\/FB_IMG_1685502572490-768x768.jpg 768w, http:\/\/labestiadeportiva.com\/lbd\/wp-content\/uploads\/2023\/06\/FB_IMG_1685502572490-640x640.jpg 640w, http:\/\/labestiadeportiva.com\/lbd\/wp-content\/uploads\/2023\/06\/FB_IMG_1685502572490.jpg 1080w\" sizes=\"(max-width: 1024px) 100vw, 1024px\" \/><\/a><\/figure>\n\n\n\n<figure class=\"wp-block-image size-full is-resized\"><a href=\"http:\/\/labestiadeportiva.com\/lbd\/wp-content\/uploads\/2022\/11\/CARA_PEREZ-2.jpg\"><img loading=\"lazy\" src=\"http:\/\/labestiadeportiva.com\/lbd\/wp-content\/uploads\/2022\/11\/CARA_PEREZ-2.jpg\" alt=\"\" class=\"wp-image-43576\" width=\"342\" height=\"70\" srcset=\"http:\/\/labestiadeportiva.com\/lbd\/wp-content\/uploads\/2022\/11\/CARA_PEREZ-2.jpg 600w, http:\/\/labestiadeportiva.com\/lbd\/wp-content\/uploads\/2022\/11\/CARA_PEREZ-2-300x62.jpg 300w\" sizes=\"(max-width: 342px) 100vw, 342px\" \/><\/a><\/figure>\n\n\n\n<p>Ser\u00e1 esta noche desde las 21 en el sal\u00f3n \u00abJos\u00e9 Arag\u00f3n\u00bb del aut\u00f3dromo \u00abCiudad de R\u00edo Grande\u00bb. <\/p>\n\n\n\n<p>La versi\u00f3n 2023 del Gran Premio de la Hermandad  se realizar\u00e1 el 17, 18, 19 y 20 de agosto pr\u00f3ximo. <\/p>\n\n\n\n<p>Del 12 al 15 de junio se abrir\u00e1n las inscripciones para los pilotos nacionales que tendr\u00e1n un costo de $100.000, siendo de $80.000 para los socios del Autom\u00f3vil Club RG.<\/p>\n\n\n\n<p>Desde LBD nos comunicamos con la Presidenta del Automovilismo Club R\u00edo Grande, M\u00f3nica Cobi\u00e1n,  en busca de detalles. <\/p>\n\n\n\n<p>Compartimos la entrevista lograda este viernes en la 94.1 FM del Sur.<\/p>\n\n\n\n<!--more-->\n\n\n\n<figure class=\"wp-block-embed is-type-video is-provider-youtube wp-block-embed-youtube wp-embed-aspect-4-3 wp-has-aspect-ratio\"><div class=\"wp-block-embed__wrapper\">\n<iframe loading=\"lazy\" title=\"Audio M\u00f3nica Cobi\u00e1n\" width=\"474\" height=\"356\" src=\"https:\/\/www.youtube.com\/embed\/k5G6YvEx1Lo?feature=oembed\" frameborder=\"0\" allow=\"accelerometer; autoplay; clipboard-write; encrypted-media; gyroscope; picture-in-picture; web-share\" allowfullscreen><\/iframe>\n<\/div><\/figure>\n<div class='epvc-post-count'><span class='epvc-eye'><\/span>  <span class=\"epvc-count\"> 1.056<\/span><span class='epvc-label'> veces le\u00edda<\/span><\/div>\n<div class=\"jwsharethis\">\nShare this: \n<br \/>\n<a href=\"mailto:?subject=Se%20lanza%20la%2048%C2%B0%20Edici%C3%B3n%20%28Audio%29&amp;body=http%3A%2F%2Flabestiadeportiva.com%2Flbd%2Fse-lanza-la-48-edicion-audio%2F\">\n<img src=\"http:\/\/labestiadeportiva.com\/lbd\/wp-content\/plugins\/jw-share-this\/email.png\" alt=\"Share this page via Email\" \/>\n<\/a>\n<a target=\"_blank\" href=\"http:\/\/www.stumbleupon.com\/submit?url=http%3A%2F%2Flabestiadeportiva.com%2Flbd%2Fse-lanza-la-48-edicion-audio%2F&amp;title=Se+lanza+la+48%C2%B0+Edici%C3%B3n+%28Audio%29\">\n<img src=\"http:\/\/labestiadeportiva.com\/lbd\/wp-content\/plugins\/jw-share-this\/su.png\" alt=\"Share this page via Stumble Upon\" \/>\n<\/a>\n<a target=\"_blank\" href=\"http:\/\/digg.com\/submit?url=http%3A%2F%2Flabestiadeportiva.com%2Flbd%2Fse-lanza-la-48-edicion-audio%2F&amp;title=Se+lanza+la+48%C2%B0+Edici%C3%B3n+%28Audio%29\">\n<img src=\"http:\/\/labestiadeportiva.com\/lbd\/wp-content\/plugins\/jw-share-this\/digg.png\" alt=\"Share this page via Digg this\" \/>\n<\/a>\n<a target=\"_blank\" href=\"http:\/\/www.facebook.com\/sharer.php?u=http%3A%2F%2Flabestiadeportiva.com%2Flbd%2Fse-lanza-la-48-edicion-audio%2F&amp;t=Se+lanza+la+48%C2%B0+Edici%C3%B3n+%28Audio%29\">\n<img src=\"http:\/\/labestiadeportiva.com\/lbd\/wp-content\/plugins\/jw-share-this\/fb.png\" alt=\"Share this page via Facebook\" \/>\n<\/a>\n<a target=\"_blank\" href=\"http:\/\/twitter.com\/intent\/tweet?text=I+like+http%3A%2F%2Flabestiadeportiva.com%2Flbd%2Fse-lanza-la-48-edicion-audio%2F&amp;title=Se+lanza+la+48%C2%B0+Edici%C3%B3n+%28Audio%29\">\n<img src=\"http:\/\/labestiadeportiva.com\/lbd\/wp-content\/plugins\/jw-share-this\/twitter.png\" alt=\"Share this page via Twitter\" \/>\n<\/a>\n<\/div>\n","protected":false},"excerpt":{"rendered":"<p>Ser\u00e1 esta noche desde las 21 en el sal\u00f3n \u00abJos\u00e9 Arag\u00f3n\u00bb del aut\u00f3dromo \u00abCiudad de R\u00edo Grande\u00bb. La versi\u00f3n 2023 del Gran Premio de la Hermandad se realizar\u00e1 el 17, 18, 19 y 20 de agosto pr\u00f3ximo. Del 12 al 15 de junio se abrir\u00e1n las inscripciones para los pilotos nacionales que tendr\u00e1n un costo &hellip; <a href=\"http:\/\/labestiadeportiva.com\/lbd\/se-lanza-la-48-edicion-audio\/\" class=\"more-link\">Seguir leyendo <span class=\"screen-reader-text\">Se lanza la 48\u00b0 Edici\u00f3n (Audio)<\/span> <span class=\"meta-nav\">&rarr;<\/span><\/a><\/p>\n","protected":false},"author":1,"featured_media":0,"comment_status":"open","ping_status":"open","sticky":false,"template":"","format":"standard","meta":[],"categories":[4585,3533,5,4,6,4262,1],"tags":[5068,86,4375,4838,5067],"_links":{"self":[{"href":"http:\/\/labestiadeportiva.com\/lbd\/wp-json\/wp\/v2\/posts\/46255"}],"collection":[{"href":"http:\/\/labestiadeportiva.com\/lbd\/wp-json\/wp\/v2\/posts"}],"about":[{"href":"http:\/\/labestiadeportiva.com\/lbd\/wp-json\/wp\/v2\/types\/post"}],"author":[{"embeddable":true,"href":"http:\/\/labestiadeportiva.com\/lbd\/wp-json\/wp\/v2\/users\/1"}],"replies":[{"embeddable":true,"href":"http:\/\/labestiadeportiva.com\/lbd\/wp-json\/wp\/v2\/comments?post=46255"}],"version-history":[{"count":1,"href":"http:\/\/labestiadeportiva.com\/lbd\/wp-json\/wp\/v2\/posts\/46255\/revisions"}],"predecessor-version":[{"id":46257,"href":"http:\/\/labestiadeportiva.com\/lbd\/wp-json\/wp\/v2\/posts\/46255\/revisions\/46257"}],"wp:attachment":[{"href":"http:\/\/labestiadeportiva.com\/lbd\/wp-json\/wp\/v2\/media?parent=46255"}],"wp:term":[{"taxonomy":"category","embeddable":true,"href":"http:\/\/labestiadeportiva.com\/lbd\/wp-json\/wp\/v2\/categories?post=46255"},{"taxonomy":"post_tag","embeddable":true,"href":"http:\/\/labestiadeportiva.com\/lbd\/wp-json\/wp\/v2\/tags?post=46255"}],"curies":[{"name":"wp","href":"https:\/\/api.w.org\/{rel}","templated":true}]}}