{"id":46283,"date":"2023-06-06T16:57:48","date_gmt":"2023-06-06T19:57:48","guid":{"rendered":"http:\/\/labestiadeportiva.com\/lbd\/?p=46283"},"modified":"2023-06-06T16:57:50","modified_gmt":"2023-06-06T19:57:50","slug":"buenas-sensaciones-2","status":"publish","type":"post","link":"http:\/\/labestiadeportiva.com\/lbd\/buenas-sensaciones-2\/","title":{"rendered":"Buenas sensaciones"},"content":{"rendered":"\n<figure class=\"wp-block-image size-full\"><a href=\"http:\/\/labestiadeportiva.com\/lbd\/wp-content\/uploads\/2023\/06\/IMG-20230603-WA0095.jpg\"><img loading=\"lazy\" width=\"1024\" height=\"682\" src=\"http:\/\/labestiadeportiva.com\/lbd\/wp-content\/uploads\/2023\/06\/IMG-20230603-WA0095.jpg\" alt=\"\" class=\"wp-image-46286\" srcset=\"http:\/\/labestiadeportiva.com\/lbd\/wp-content\/uploads\/2023\/06\/IMG-20230603-WA0095.jpg 1024w, http:\/\/labestiadeportiva.com\/lbd\/wp-content\/uploads\/2023\/06\/IMG-20230603-WA0095-300x200.jpg 300w, http:\/\/labestiadeportiva.com\/lbd\/wp-content\/uploads\/2023\/06\/IMG-20230603-WA0095-768x512.jpg 768w, http:\/\/labestiadeportiva.com\/lbd\/wp-content\/uploads\/2023\/06\/IMG-20230603-WA0095-640x426.jpg 640w\" sizes=\"(max-width: 1024px) 100vw, 1024px\" \/><\/a><\/figure>\n\n\n\n<p>El fin de semana se produjo el debut del joven r\u00edograndense, Santino Rossi, en la 1\u00b0 fecha del Campeonato de la Federaci\u00f3n Espa\u00f1ola de Rally.  Fue en la Categor\u00eda Rally 5 donde obtuvo el sexto puesto. En su segunda incursi\u00f3n europea estuvo navegado por el experimentado Paco Queralt, acompa\u00f1ado por su padre Paulino y seguido de cerca por su Instructor de Manejo el ex campe\u00f3n Gabriel Pozo.<\/p>\n\n\n\n<p><\/p>\n\n\n\n<figure class=\"wp-block-image size-large\"><a href=\"http:\/\/labestiadeportiva.com\/lbd\/wp-content\/uploads\/2023\/06\/IMG-20230603-WA0040.jpg\"><img loading=\"lazy\" width=\"1024\" height=\"682\" src=\"http:\/\/labestiadeportiva.com\/lbd\/wp-content\/uploads\/2023\/06\/IMG-20230603-WA0040-1024x682.jpg\" alt=\"\" class=\"wp-image-46287\" srcset=\"http:\/\/labestiadeportiva.com\/lbd\/wp-content\/uploads\/2023\/06\/IMG-20230603-WA0040-1024x682.jpg 1024w, http:\/\/labestiadeportiva.com\/lbd\/wp-content\/uploads\/2023\/06\/IMG-20230603-WA0040-300x200.jpg 300w, http:\/\/labestiadeportiva.com\/lbd\/wp-content\/uploads\/2023\/06\/IMG-20230603-WA0040-768x512.jpg 768w, http:\/\/labestiadeportiva.com\/lbd\/wp-content\/uploads\/2023\/06\/IMG-20230603-WA0040-1536x1023.jpg 1536w, http:\/\/labestiadeportiva.com\/lbd\/wp-content\/uploads\/2023\/06\/IMG-20230603-WA0040-640x426.jpg 640w, http:\/\/labestiadeportiva.com\/lbd\/wp-content\/uploads\/2023\/06\/IMG-20230603-WA0040.jpg 1600w\" sizes=\"(max-width: 1024px) 100vw, 1024px\" \/><\/a><\/figure>\n\n\n\n<!--more-->\n\n\n\n<figure class=\"wp-block-image size-full is-resized\"><a href=\"http:\/\/labestiadeportiva.com\/lbd\/wp-content\/uploads\/2023\/06\/IMG-20230603-WA0097.jpg\"><img loading=\"lazy\" src=\"http:\/\/labestiadeportiva.com\/lbd\/wp-content\/uploads\/2023\/06\/IMG-20230603-WA0097.jpg\" alt=\"\" class=\"wp-image-46285\" width=\"431\" height=\"287\" srcset=\"http:\/\/labestiadeportiva.com\/lbd\/wp-content\/uploads\/2023\/06\/IMG-20230603-WA0097.jpg 1024w, http:\/\/labestiadeportiva.com\/lbd\/wp-content\/uploads\/2023\/06\/IMG-20230603-WA0097-300x200.jpg 300w, http:\/\/labestiadeportiva.com\/lbd\/wp-content\/uploads\/2023\/06\/IMG-20230603-WA0097-768x512.jpg 768w, http:\/\/labestiadeportiva.com\/lbd\/wp-content\/uploads\/2023\/06\/IMG-20230603-WA0097-640x426.jpg 640w\" sizes=\"(max-width: 431px) 100vw, 431px\" \/><\/a><\/figure>\n\n\n\n<p>Desde LBD tuvimos la posibilidad de contactarnos con el joven piloto de tan solo 15 a\u00f1os apenas culminada la cita motor quien a modo de balance nos dijo:<\/p>\n\n\n\n<p>\u00abTen\u00edamos el objetivo de llegar y se cumpli\u00f3, estoy muy contento, hay que ver la posibilidad de seguir en pie. Que no se pierda la continuidad en el campeonato y tratar de mejorar d\u00eda a d\u00eda.\u00bb<\/p>\n\n\n\n<p>A modo de cierre el fueguino agreg\u00f3: <\/p>\n\n\n\n<p>\u00abQuiero agradecer a mi pa\u00eds, mi provincia a R\u00edo Grande. Yo  soy r\u00edograndense y es un honor para m\u00ed poder representarlos al nivel que estamos. <\/p>\n\n\n\n<p>Dejame agradecer a mi mam\u00e1 y mi pap\u00e1 que est\u00e1n ac\u00e1 conmigo, a toda mi familia, amigos que me hacen el aguante, a los sponsors que te dan una mano important\u00edsima para estar ac\u00e1 y a la Federaci\u00f3n Espa\u00f1ola por darme esta oportunidad. Pudimos demostrar que vali\u00f3 la pena, vamos a seguir por este camino.\u00bb<\/p>\n<div class='epvc-post-count'><span class='epvc-eye'><\/span>  <span class=\"epvc-count\"> 1.317<\/span><span class='epvc-label'> veces le\u00edda<\/span><\/div>\n<div class=\"jwsharethis\">\nShare this: \n<br \/>\n<a href=\"mailto:?subject=Buenas%20sensaciones&amp;body=http%3A%2F%2Flabestiadeportiva.com%2Flbd%2Fbuenas-sensaciones-2%2F\">\n<img src=\"http:\/\/labestiadeportiva.com\/lbd\/wp-content\/plugins\/jw-share-this\/email.png\" alt=\"Share this page via Email\" \/>\n<\/a>\n<a target=\"_blank\" href=\"http:\/\/www.stumbleupon.com\/submit?url=http%3A%2F%2Flabestiadeportiva.com%2Flbd%2Fbuenas-sensaciones-2%2F&amp;title=Buenas+sensaciones\">\n<img src=\"http:\/\/labestiadeportiva.com\/lbd\/wp-content\/plugins\/jw-share-this\/su.png\" alt=\"Share this page via Stumble Upon\" \/>\n<\/a>\n<a target=\"_blank\" href=\"http:\/\/digg.com\/submit?url=http%3A%2F%2Flabestiadeportiva.com%2Flbd%2Fbuenas-sensaciones-2%2F&amp;title=Buenas+sensaciones\">\n<img src=\"http:\/\/labestiadeportiva.com\/lbd\/wp-content\/plugins\/jw-share-this\/digg.png\" alt=\"Share this page via Digg this\" \/>\n<\/a>\n<a target=\"_blank\" href=\"http:\/\/www.facebook.com\/sharer.php?u=http%3A%2F%2Flabestiadeportiva.com%2Flbd%2Fbuenas-sensaciones-2%2F&amp;t=Buenas+sensaciones\">\n<img src=\"http:\/\/labestiadeportiva.com\/lbd\/wp-content\/plugins\/jw-share-this\/fb.png\" alt=\"Share this page via Facebook\" \/>\n<\/a>\n<a target=\"_blank\" href=\"http:\/\/twitter.com\/intent\/tweet?text=I+like+http%3A%2F%2Flabestiadeportiva.com%2Flbd%2Fbuenas-sensaciones-2%2F&amp;title=Buenas+sensaciones\">\n<img src=\"http:\/\/labestiadeportiva.com\/lbd\/wp-content\/plugins\/jw-share-this\/twitter.png\" alt=\"Share this page via Twitter\" \/>\n<\/a>\n<\/div>\n","protected":false},"excerpt":{"rendered":"<p>El fin de semana se produjo el debut del joven r\u00edograndense, Santino Rossi, en la 1\u00b0 fecha del Campeonato de la Federaci\u00f3n Espa\u00f1ola de Rally. Fue en la Categor\u00eda Rally 5 donde obtuvo el sexto puesto. En su segunda incursi\u00f3n europea estuvo navegado por el experimentado Paco Queralt, acompa\u00f1ado por su padre Paulino y seguido &hellip; <a href=\"http:\/\/labestiadeportiva.com\/lbd\/buenas-sensaciones-2\/\" class=\"more-link\">Seguir leyendo <span class=\"screen-reader-text\">Buenas sensaciones<\/span> <span class=\"meta-nav\">&rarr;<\/span><\/a><\/p>\n","protected":false},"author":1,"featured_media":0,"comment_status":"open","ping_status":"open","sticky":false,"template":"","format":"standard","meta":[],"categories":[5,4,6,60,1,2877],"tags":[5070,83,2878,5069],"_links":{"self":[{"href":"http:\/\/labestiadeportiva.com\/lbd\/wp-json\/wp\/v2\/posts\/46283"}],"collection":[{"href":"http:\/\/labestiadeportiva.com\/lbd\/wp-json\/wp\/v2\/posts"}],"about":[{"href":"http:\/\/labestiadeportiva.com\/lbd\/wp-json\/wp\/v2\/types\/post"}],"author":[{"embeddable":true,"href":"http:\/\/labestiadeportiva.com\/lbd\/wp-json\/wp\/v2\/users\/1"}],"replies":[{"embeddable":true,"href":"http:\/\/labestiadeportiva.com\/lbd\/wp-json\/wp\/v2\/comments?post=46283"}],"version-history":[{"count":1,"href":"http:\/\/labestiadeportiva.com\/lbd\/wp-json\/wp\/v2\/posts\/46283\/revisions"}],"predecessor-version":[{"id":46288,"href":"http:\/\/labestiadeportiva.com\/lbd\/wp-json\/wp\/v2\/posts\/46283\/revisions\/46288"}],"wp:attachment":[{"href":"http:\/\/labestiadeportiva.com\/lbd\/wp-json\/wp\/v2\/media?parent=46283"}],"wp:term":[{"taxonomy":"category","embeddable":true,"href":"http:\/\/labestiadeportiva.com\/lbd\/wp-json\/wp\/v2\/categories?post=46283"},{"taxonomy":"post_tag","embeddable":true,"href":"http:\/\/labestiadeportiva.com\/lbd\/wp-json\/wp\/v2\/tags?post=46283"}],"curies":[{"name":"wp","href":"https:\/\/api.w.org\/{rel}","templated":true}]}}