{"id":46578,"date":"2023-07-10T20:19:53","date_gmt":"2023-07-10T23:19:53","guid":{"rendered":"http:\/\/labestiadeportiva.com\/lbd\/?p=46578"},"modified":"2023-07-10T20:19:56","modified_gmt":"2023-07-10T23:19:56","slug":"el-hockey-pista-y-su-esperada-asamblea","status":"publish","type":"post","link":"http:\/\/labestiadeportiva.com\/lbd\/el-hockey-pista-y-su-esperada-asamblea\/","title":{"rendered":"El hockey pista y su esperada Asamblea"},"content":{"rendered":"\n<figure class=\"wp-block-image size-full\"><a href=\"http:\/\/labestiadeportiva.com\/lbd\/wp-content\/uploads\/2023\/07\/Screenshot_20230710-1947505.png\"><img loading=\"lazy\" width=\"934\" height=\"256\" src=\"http:\/\/labestiadeportiva.com\/lbd\/wp-content\/uploads\/2023\/07\/Screenshot_20230710-1947505.png\" alt=\"\" class=\"wp-image-46587\" srcset=\"http:\/\/labestiadeportiva.com\/lbd\/wp-content\/uploads\/2023\/07\/Screenshot_20230710-1947505.png 934w, http:\/\/labestiadeportiva.com\/lbd\/wp-content\/uploads\/2023\/07\/Screenshot_20230710-1947505-300x82.png 300w, http:\/\/labestiadeportiva.com\/lbd\/wp-content\/uploads\/2023\/07\/Screenshot_20230710-1947505-768x211.png 768w, http:\/\/labestiadeportiva.com\/lbd\/wp-content\/uploads\/2023\/07\/Screenshot_20230710-1947505-640x175.png 640w\" sizes=\"(max-width: 934px) 100vw, 934px\" \/><\/a><\/figure>\n\n\n\n<figure class=\"wp-block-image size-full is-resized\"><a href=\"http:\/\/labestiadeportiva.com\/lbd\/wp-content\/uploads\/2022\/11\/CARA_PEREZ-2.jpg\"><img loading=\"lazy\" src=\"http:\/\/labestiadeportiva.com\/lbd\/wp-content\/uploads\/2022\/11\/CARA_PEREZ-2.jpg\" alt=\"\" class=\"wp-image-43576\" width=\"348\" height=\"71\" srcset=\"http:\/\/labestiadeportiva.com\/lbd\/wp-content\/uploads\/2022\/11\/CARA_PEREZ-2.jpg 600w, http:\/\/labestiadeportiva.com\/lbd\/wp-content\/uploads\/2022\/11\/CARA_PEREZ-2-300x62.jpg 300w\" sizes=\"(max-width: 348px) 100vw, 348px\" \/><\/a><\/figure>\n\n\n\n<p>La instituci\u00f3n que nuclea a los clubes de Hockey Pista Federado en la provincia llama a Asamblea General Ordinaria Extempor\u00e1nea. Ser\u00e1 esta s\u00e1bado a las 16 horas en el Centro Cultural Alem de la ciudad de R\u00edo Grande. El punto m\u00e1s importante a tratar,  la elecci\u00f3n de autoridades para el periodo 2023\/2025. Desde LBD compartimos la convocatoria.<\/p>\n\n\n\n<!--more-->\n\n\n\n<figure class=\"wp-block-image size-large\"><a href=\"http:\/\/labestiadeportiva.com\/lbd\/wp-content\/uploads\/2023\/07\/Screenshot_20230710-1947503.png\"><img loading=\"lazy\" width=\"905\" height=\"1024\" src=\"http:\/\/labestiadeportiva.com\/lbd\/wp-content\/uploads\/2023\/07\/Screenshot_20230710-1947503-905x1024.png\" alt=\"\" class=\"wp-image-46588\" srcset=\"http:\/\/labestiadeportiva.com\/lbd\/wp-content\/uploads\/2023\/07\/Screenshot_20230710-1947503-905x1024.png 905w, http:\/\/labestiadeportiva.com\/lbd\/wp-content\/uploads\/2023\/07\/Screenshot_20230710-1947503-265x300.png 265w, http:\/\/labestiadeportiva.com\/lbd\/wp-content\/uploads\/2023\/07\/Screenshot_20230710-1947503-768x869.png 768w, http:\/\/labestiadeportiva.com\/lbd\/wp-content\/uploads\/2023\/07\/Screenshot_20230710-1947503-640x724.png 640w, http:\/\/labestiadeportiva.com\/lbd\/wp-content\/uploads\/2023\/07\/Screenshot_20230710-1947503.png 990w\" sizes=\"(max-width: 905px) 100vw, 905px\" \/><\/a><\/figure>\n<div class='epvc-post-count'><span class='epvc-eye'><\/span>  <span class=\"epvc-count\"> 1.386<\/span><span class='epvc-label'> veces le\u00edda<\/span><\/div>\n<div class=\"jwsharethis\">\nShare this: \n<br \/>\n<a href=\"mailto:?subject=El%20hockey%20pista%20y%20su%20esperada%20Asamblea&amp;body=http%3A%2F%2Flabestiadeportiva.com%2Flbd%2Fel-hockey-pista-y-su-esperada-asamblea%2F\">\n<img src=\"http:\/\/labestiadeportiva.com\/lbd\/wp-content\/plugins\/jw-share-this\/email.png\" alt=\"Share this page via Email\" \/>\n<\/a>\n<a target=\"_blank\" href=\"http:\/\/www.stumbleupon.com\/submit?url=http%3A%2F%2Flabestiadeportiva.com%2Flbd%2Fel-hockey-pista-y-su-esperada-asamblea%2F&amp;title=El+hockey+pista+y+su+esperada+Asamblea\">\n<img src=\"http:\/\/labestiadeportiva.com\/lbd\/wp-content\/plugins\/jw-share-this\/su.png\" alt=\"Share this page via Stumble Upon\" \/>\n<\/a>\n<a target=\"_blank\" href=\"http:\/\/digg.com\/submit?url=http%3A%2F%2Flabestiadeportiva.com%2Flbd%2Fel-hockey-pista-y-su-esperada-asamblea%2F&amp;title=El+hockey+pista+y+su+esperada+Asamblea\">\n<img src=\"http:\/\/labestiadeportiva.com\/lbd\/wp-content\/plugins\/jw-share-this\/digg.png\" alt=\"Share this page via Digg this\" \/>\n<\/a>\n<a target=\"_blank\" href=\"http:\/\/www.facebook.com\/sharer.php?u=http%3A%2F%2Flabestiadeportiva.com%2Flbd%2Fel-hockey-pista-y-su-esperada-asamblea%2F&amp;t=El+hockey+pista+y+su+esperada+Asamblea\">\n<img src=\"http:\/\/labestiadeportiva.com\/lbd\/wp-content\/plugins\/jw-share-this\/fb.png\" alt=\"Share this page via Facebook\" \/>\n<\/a>\n<a target=\"_blank\" href=\"http:\/\/twitter.com\/intent\/tweet?text=I+like+http%3A%2F%2Flabestiadeportiva.com%2Flbd%2Fel-hockey-pista-y-su-esperada-asamblea%2F&amp;title=El+hockey+pista+y+su+esperada+Asamblea\">\n<img src=\"http:\/\/labestiadeportiva.com\/lbd\/wp-content\/plugins\/jw-share-this\/twitter.png\" alt=\"Share this page via Twitter\" \/>\n<\/a>\n<\/div>\n","protected":false},"excerpt":{"rendered":"<p>La instituci\u00f3n que nuclea a los clubes de Hockey Pista Federado en la provincia llama a Asamblea General Ordinaria Extempor\u00e1nea. Ser\u00e1 esta s\u00e1bado a las 16 horas en el Centro Cultural Alem de la ciudad de R\u00edo Grande. El punto m\u00e1s importante a tratar, la elecci\u00f3n de autoridades para el periodo 2023\/2025. Desde LBD compartimos &hellip; <a href=\"http:\/\/labestiadeportiva.com\/lbd\/el-hockey-pista-y-su-esperada-asamblea\/\" class=\"more-link\">Seguir leyendo <span class=\"screen-reader-text\">El hockey pista y su esperada Asamblea<\/span> <span class=\"meta-nav\">&rarr;<\/span><\/a><\/p>\n","protected":false},"author":1,"featured_media":0,"comment_status":"open","ping_status":"open","sticky":false,"template":"","format":"standard","meta":[],"categories":[5,2325,1],"tags":[4307,120,32,83],"_links":{"self":[{"href":"http:\/\/labestiadeportiva.com\/lbd\/wp-json\/wp\/v2\/posts\/46578"}],"collection":[{"href":"http:\/\/labestiadeportiva.com\/lbd\/wp-json\/wp\/v2\/posts"}],"about":[{"href":"http:\/\/labestiadeportiva.com\/lbd\/wp-json\/wp\/v2\/types\/post"}],"author":[{"embeddable":true,"href":"http:\/\/labestiadeportiva.com\/lbd\/wp-json\/wp\/v2\/users\/1"}],"replies":[{"embeddable":true,"href":"http:\/\/labestiadeportiva.com\/lbd\/wp-json\/wp\/v2\/comments?post=46578"}],"version-history":[{"count":1,"href":"http:\/\/labestiadeportiva.com\/lbd\/wp-json\/wp\/v2\/posts\/46578\/revisions"}],"predecessor-version":[{"id":46589,"href":"http:\/\/labestiadeportiva.com\/lbd\/wp-json\/wp\/v2\/posts\/46578\/revisions\/46589"}],"wp:attachment":[{"href":"http:\/\/labestiadeportiva.com\/lbd\/wp-json\/wp\/v2\/media?parent=46578"}],"wp:term":[{"taxonomy":"category","embeddable":true,"href":"http:\/\/labestiadeportiva.com\/lbd\/wp-json\/wp\/v2\/categories?post=46578"},{"taxonomy":"post_tag","embeddable":true,"href":"http:\/\/labestiadeportiva.com\/lbd\/wp-json\/wp\/v2\/tags?post=46578"}],"curies":[{"name":"wp","href":"https:\/\/api.w.org\/{rel}","templated":true}]}}