{"id":46623,"date":"2023-07-13T18:34:00","date_gmt":"2023-07-13T21:34:00","guid":{"rendered":"http:\/\/labestiadeportiva.com\/lbd\/?p=46623"},"modified":"2023-07-13T18:35:29","modified_gmt":"2023-07-13T21:35:29","slug":"me-veras-volver-audio","status":"publish","type":"post","link":"http:\/\/labestiadeportiva.com\/lbd\/me-veras-volver-audio\/","title":{"rendered":"Me ver\u00e1s volver (Audio)"},"content":{"rendered":"\n<figure class=\"wp-block-image size-large\"><a href=\"http:\/\/labestiadeportiva.com\/lbd\/wp-content\/uploads\/2023\/07\/FB_IMG_1689210357175.jpg\"><img loading=\"lazy\" width=\"1024\" height=\"1024\" src=\"http:\/\/labestiadeportiva.com\/lbd\/wp-content\/uploads\/2023\/07\/FB_IMG_1689210357175-1024x1024.jpg\" alt=\"\" class=\"wp-image-46624\" srcset=\"http:\/\/labestiadeportiva.com\/lbd\/wp-content\/uploads\/2023\/07\/FB_IMG_1689210357175-1024x1024.jpg 1024w, http:\/\/labestiadeportiva.com\/lbd\/wp-content\/uploads\/2023\/07\/FB_IMG_1689210357175-300x300.jpg 300w, http:\/\/labestiadeportiva.com\/lbd\/wp-content\/uploads\/2023\/07\/FB_IMG_1689210357175-150x150.jpg 150w, http:\/\/labestiadeportiva.com\/lbd\/wp-content\/uploads\/2023\/07\/FB_IMG_1689210357175-768x768.jpg 768w, http:\/\/labestiadeportiva.com\/lbd\/wp-content\/uploads\/2023\/07\/FB_IMG_1689210357175-640x640.jpg 640w, http:\/\/labestiadeportiva.com\/lbd\/wp-content\/uploads\/2023\/07\/FB_IMG_1689210357175.jpg 1080w\" sizes=\"(max-width: 1024px) 100vw, 1024px\" \/><\/a><\/figure>\n\n\n\n<figure class=\"wp-block-image size-full is-resized\"><a href=\"http:\/\/labestiadeportiva.com\/lbd\/wp-content\/uploads\/2022\/11\/CARA_PEREZ-2.jpg\"><img loading=\"lazy\" src=\"http:\/\/labestiadeportiva.com\/lbd\/wp-content\/uploads\/2022\/11\/CARA_PEREZ-2.jpg\" alt=\"\" class=\"wp-image-43576\" width=\"353\" height=\"72\" srcset=\"http:\/\/labestiadeportiva.com\/lbd\/wp-content\/uploads\/2022\/11\/CARA_PEREZ-2.jpg 600w, http:\/\/labestiadeportiva.com\/lbd\/wp-content\/uploads\/2022\/11\/CARA_PEREZ-2-300x62.jpg 300w\" sizes=\"(max-width: 353px) 100vw, 353px\" \/><\/a><\/figure>\n\n\n\n<p>En las \u00faltimas horas se di\u00f3 a conocer la importante noticia. De la mano de Beagle Eventos Deportivos y luego de varios a\u00f1os de ausencia el domingo 21 de abril de 2024 se realizar\u00e1 nuevamente el Marat\u00f3n del Fin del Mundo. <\/p>\n\n\n\n<p>Los 42 y 21 K se iniciar\u00e1n en el Parque Nacional Tierra del Fuego culminando en la rotonda de las banderas ubicada  frente al CADIC.<\/p>\n\n\n\n<p>R\u00e1pidamente fuimos en busca de la palabra de Javier Austin, m\u00e1xino responsable de la organizaci\u00f3n, en busca de detalles quien nos adelant\u00f3 que a fin de mes se realizar\u00e1 una Conferencia de Prensa oficial.<\/p>\n\n\n\n<p>Compartimos la entrevista lograda este jueves en la 94.1 FM del Sur.<\/p>\n\n\n\n<!--more-->\n\n\n\n<figure class=\"wp-block-embed is-type-video is-provider-youtube wp-block-embed-youtube wp-embed-aspect-4-3 wp-has-aspect-ratio\"><div class=\"wp-block-embed__wrapper\">\n<iframe loading=\"lazy\" title=\"Audio Javier Austin\" width=\"474\" height=\"356\" src=\"https:\/\/www.youtube.com\/embed\/TnyMDdNWlPE?feature=oembed\" frameborder=\"0\" allow=\"accelerometer; autoplay; clipboard-write; encrypted-media; gyroscope; picture-in-picture; web-share\" allowfullscreen><\/iframe>\n<\/div><\/figure>\n<div class='epvc-post-count'><span class='epvc-eye'><\/span>  <span class=\"epvc-count\"> 1.182<\/span><span class='epvc-label'> veces le\u00edda<\/span><\/div>\n<div class=\"jwsharethis\">\nShare this: \n<br \/>\n<a href=\"mailto:?subject=Me%20ver%C3%A1s%20volver%20%28Audio%29&amp;body=http%3A%2F%2Flabestiadeportiva.com%2Flbd%2Fme-veras-volver-audio%2F\">\n<img src=\"http:\/\/labestiadeportiva.com\/lbd\/wp-content\/plugins\/jw-share-this\/email.png\" alt=\"Share this page via Email\" \/>\n<\/a>\n<a target=\"_blank\" href=\"http:\/\/www.stumbleupon.com\/submit?url=http%3A%2F%2Flabestiadeportiva.com%2Flbd%2Fme-veras-volver-audio%2F&amp;title=Me+ver%C3%A1s+volver+%28Audio%29\">\n<img src=\"http:\/\/labestiadeportiva.com\/lbd\/wp-content\/plugins\/jw-share-this\/su.png\" alt=\"Share this page via Stumble Upon\" \/>\n<\/a>\n<a target=\"_blank\" href=\"http:\/\/digg.com\/submit?url=http%3A%2F%2Flabestiadeportiva.com%2Flbd%2Fme-veras-volver-audio%2F&amp;title=Me+ver%C3%A1s+volver+%28Audio%29\">\n<img src=\"http:\/\/labestiadeportiva.com\/lbd\/wp-content\/plugins\/jw-share-this\/digg.png\" alt=\"Share this page via Digg this\" \/>\n<\/a>\n<a target=\"_blank\" href=\"http:\/\/www.facebook.com\/sharer.php?u=http%3A%2F%2Flabestiadeportiva.com%2Flbd%2Fme-veras-volver-audio%2F&amp;t=Me+ver%C3%A1s+volver+%28Audio%29\">\n<img src=\"http:\/\/labestiadeportiva.com\/lbd\/wp-content\/plugins\/jw-share-this\/fb.png\" alt=\"Share this page via Facebook\" \/>\n<\/a>\n<a target=\"_blank\" href=\"http:\/\/twitter.com\/intent\/tweet?text=I+like+http%3A%2F%2Flabestiadeportiva.com%2Flbd%2Fme-veras-volver-audio%2F&amp;title=Me+ver%C3%A1s+volver+%28Audio%29\">\n<img src=\"http:\/\/labestiadeportiva.com\/lbd\/wp-content\/plugins\/jw-share-this\/twitter.png\" alt=\"Share this page via Twitter\" \/>\n<\/a>\n<\/div>\n","protected":false},"excerpt":{"rendered":"<p>En las \u00faltimas horas se di\u00f3 a conocer la importante noticia. De la mano de Beagle Eventos Deportivos y luego de varios a\u00f1os de ausencia el domingo 21 de abril de 2024 se realizar\u00e1 nuevamente el Marat\u00f3n del Fin del Mundo. Los 42 y 21 K se iniciar\u00e1n en el Parque Nacional Tierra del Fuego &hellip; <a href=\"http:\/\/labestiadeportiva.com\/lbd\/me-veras-volver-audio\/\" class=\"more-link\">Seguir leyendo <span class=\"screen-reader-text\">Me ver\u00e1s volver (Audio)<\/span> <span class=\"meta-nav\">&rarr;<\/span><\/a><\/p>\n","protected":false},"author":1,"featured_media":0,"comment_status":"open","ping_status":"open","sticky":false,"template":"","format":"standard","meta":[],"categories":[22,5,4,6,1],"tags":[5093,4449,4406,4838,5094],"_links":{"self":[{"href":"http:\/\/labestiadeportiva.com\/lbd\/wp-json\/wp\/v2\/posts\/46623"}],"collection":[{"href":"http:\/\/labestiadeportiva.com\/lbd\/wp-json\/wp\/v2\/posts"}],"about":[{"href":"http:\/\/labestiadeportiva.com\/lbd\/wp-json\/wp\/v2\/types\/post"}],"author":[{"embeddable":true,"href":"http:\/\/labestiadeportiva.com\/lbd\/wp-json\/wp\/v2\/users\/1"}],"replies":[{"embeddable":true,"href":"http:\/\/labestiadeportiva.com\/lbd\/wp-json\/wp\/v2\/comments?post=46623"}],"version-history":[{"count":2,"href":"http:\/\/labestiadeportiva.com\/lbd\/wp-json\/wp\/v2\/posts\/46623\/revisions"}],"predecessor-version":[{"id":46626,"href":"http:\/\/labestiadeportiva.com\/lbd\/wp-json\/wp\/v2\/posts\/46623\/revisions\/46626"}],"wp:attachment":[{"href":"http:\/\/labestiadeportiva.com\/lbd\/wp-json\/wp\/v2\/media?parent=46623"}],"wp:term":[{"taxonomy":"category","embeddable":true,"href":"http:\/\/labestiadeportiva.com\/lbd\/wp-json\/wp\/v2\/categories?post=46623"},{"taxonomy":"post_tag","embeddable":true,"href":"http:\/\/labestiadeportiva.com\/lbd\/wp-json\/wp\/v2\/tags?post=46623"}],"curies":[{"name":"wp","href":"https:\/\/api.w.org\/{rel}","templated":true}]}}