{"id":46646,"date":"2023-07-16T11:41:01","date_gmt":"2023-07-16T14:41:01","guid":{"rendered":"http:\/\/labestiadeportiva.com\/lbd\/?p=46646"},"modified":"2023-07-16T11:41:03","modified_gmt":"2023-07-16T14:41:03","slug":"el-mas-grande-sigue-siendo-2","status":"publish","type":"post","link":"http:\/\/labestiadeportiva.com\/lbd\/el-mas-grande-sigue-siendo-2\/","title":{"rendered":"El m\u00e1s grande sigue siendo&#8230;"},"content":{"rendered":"\n<figure class=\"wp-block-image size-full is-resized\"><a href=\"http:\/\/labestiadeportiva.com\/lbd\/wp-content\/uploads\/2023\/07\/XBLHSHJPH6DPEHZCBNVMJWU6CY2.jpg\"><img loading=\"lazy\" src=\"http:\/\/labestiadeportiva.com\/lbd\/wp-content\/uploads\/2023\/07\/XBLHSHJPH6DPEHZCBNVMJWU6CY2.jpg\" alt=\"\" class=\"wp-image-46655\" width=\"400\" height=\"225\" srcset=\"http:\/\/labestiadeportiva.com\/lbd\/wp-content\/uploads\/2023\/07\/XBLHSHJPH6DPEHZCBNVMJWU6CY2.jpg 360w, http:\/\/labestiadeportiva.com\/lbd\/wp-content\/uploads\/2023\/07\/XBLHSHJPH6DPEHZCBNVMJWU6CY2-300x169.jpg 300w\" sizes=\"(max-width: 400px) 100vw, 400px\" \/><\/a><\/figure>\n\n\n\n<figure class=\"wp-block-image size-full is-resized\"><a href=\"http:\/\/labestiadeportiva.com\/lbd\/wp-content\/uploads\/2022\/11\/CARA_BAROLI-1.jpg\"><img loading=\"lazy\" src=\"http:\/\/labestiadeportiva.com\/lbd\/wp-content\/uploads\/2022\/11\/CARA_BAROLI-1.jpg\" alt=\"\" class=\"wp-image-43574\" width=\"340\" height=\"69\" srcset=\"http:\/\/labestiadeportiva.com\/lbd\/wp-content\/uploads\/2022\/11\/CARA_BAROLI-1.jpg 600w, http:\/\/labestiadeportiva.com\/lbd\/wp-content\/uploads\/2022\/11\/CARA_BAROLI-1-300x62.jpg 300w\" sizes=\"(max-width: 340px) 100vw, 340px\" \/><\/a><\/figure>\n\n\n\n<p>River se consagr\u00f3 campe\u00f3n de la Liga Profesional tras vencer 3-1 a Estudiantes en un \u00abMonumental\u00bb colmado. El \u00abMillonario\u00bb se impuso con los goles de Lucas Beltr\u00e1n, Nicol\u00e1s De la Cruz y Ezequiel Barco, mientras que M\u00e9ndez descont\u00f3 para el \u00abPincha\u00bb.<\/p>\n\n\n\n<p>El conjunto de Demichelis jugar\u00e1 ante Talleres en Mendoza el proximo jueves por los 16avos de Final de la Copa Argentina.<\/p>\n\n\n\n<!--more-->\n\n\n\n<p>Y lleg\u00f3 el d\u00eda y LBD te lo cuenta. River es el nuevo campe\u00f3n de la Liga Profesional: se consagr\u00f3 con gran ventaja en el primer torneo de Mart\u00edn Demichelis. El conjunto Millonario se impuso por goleada ante Estudiantes de La Plata en un estadio Monumental repleto. El local se alz\u00f3 con su estrella 52 en el \u00e1mbito local.<\/p>\n\n\n\n<p>El conjunto de N\u00fa\u00f1ez se coron\u00f3 en un torneo en el que pudo sacar una amplia ventaja, tanto en los futbol\u00edstico como en los puntos en la tabla de posiciones. A falta de dos fechas para el cierre del certamen, suma 57 unidades. Lo sigue Talleres, que ya no podr\u00e1n alcanzarlo, con 48.<\/p>\n\n\n\n<p>Tras la salida de Marcelo Gallardo a fines de 2022, hab\u00eda gran incertidumbre sobre si Demichelis, un DT debutante a nivel profesional, pod\u00eda estar a la altura. Luego de un comienzo algo irregular y dubitativo, que incluy\u00f3 derrotas con Belgrano y Arsenal, el equipo se consolid\u00f3 y pr\u00e1cticamente no mostr\u00f3 fisuras, jugando a un gran nivel.<\/p>\n\n\n\n<p>El presente del equipo es inmejorable ya que, adem\u00e1s, sigue adelante en la Copa Libertadores y Copa Argentina. A partir de agosto, jugar\u00e1 la instancia de Octavos de Final del certamen continental ante Inter de Porto Alegre, mientras aguarda la llegada de refuerzos para mejorar, aun m\u00e1s, su amplio plantel.<\/p>\n\n\n\n<figure class=\"wp-block-image size-full\"><a href=\"http:\/\/labestiadeportiva.com\/lbd\/wp-content\/uploads\/2023\/07\/IMG-20230715-WA00522.jpg\"><img loading=\"lazy\" width=\"509\" height=\"259\" src=\"http:\/\/labestiadeportiva.com\/lbd\/wp-content\/uploads\/2023\/07\/IMG-20230715-WA00522.jpg\" alt=\"\" class=\"wp-image-46656\" srcset=\"http:\/\/labestiadeportiva.com\/lbd\/wp-content\/uploads\/2023\/07\/IMG-20230715-WA00522.jpg 509w, http:\/\/labestiadeportiva.com\/lbd\/wp-content\/uploads\/2023\/07\/IMG-20230715-WA00522-300x153.jpg 300w\" sizes=\"(max-width: 509px) 100vw, 509px\" \/><\/a><\/figure>\n<div class='epvc-post-count'><span class='epvc-eye'><\/span>  <span class=\"epvc-count\"> 1.177<\/span><span class='epvc-label'> veces le\u00edda<\/span><\/div>\n<div class=\"jwsharethis\">\nShare this: \n<br \/>\n<a href=\"mailto:?subject=El%20m%C3%A1s%20grande%20sigue%20siendo%26%238230%3B&amp;body=http%3A%2F%2Flabestiadeportiva.com%2Flbd%2Fel-mas-grande-sigue-siendo-2%2F\">\n<img src=\"http:\/\/labestiadeportiva.com\/lbd\/wp-content\/plugins\/jw-share-this\/email.png\" alt=\"Share this page via Email\" \/>\n<\/a>\n<a target=\"_blank\" href=\"http:\/\/www.stumbleupon.com\/submit?url=http%3A%2F%2Flabestiadeportiva.com%2Flbd%2Fel-mas-grande-sigue-siendo-2%2F&amp;title=El+m%C3%A1s+grande+sigue+siendo%26%238230%3B\">\n<img src=\"http:\/\/labestiadeportiva.com\/lbd\/wp-content\/plugins\/jw-share-this\/su.png\" alt=\"Share this page via Stumble Upon\" \/>\n<\/a>\n<a target=\"_blank\" href=\"http:\/\/digg.com\/submit?url=http%3A%2F%2Flabestiadeportiva.com%2Flbd%2Fel-mas-grande-sigue-siendo-2%2F&amp;title=El+m%C3%A1s+grande+sigue+siendo%26%238230%3B\">\n<img src=\"http:\/\/labestiadeportiva.com\/lbd\/wp-content\/plugins\/jw-share-this\/digg.png\" alt=\"Share this page via Digg this\" \/>\n<\/a>\n<a target=\"_blank\" href=\"http:\/\/www.facebook.com\/sharer.php?u=http%3A%2F%2Flabestiadeportiva.com%2Flbd%2Fel-mas-grande-sigue-siendo-2%2F&amp;t=El+m%C3%A1s+grande+sigue+siendo%26%238230%3B\">\n<img src=\"http:\/\/labestiadeportiva.com\/lbd\/wp-content\/plugins\/jw-share-this\/fb.png\" alt=\"Share this page via Facebook\" \/>\n<\/a>\n<a target=\"_blank\" href=\"http:\/\/twitter.com\/intent\/tweet?text=I+like+http%3A%2F%2Flabestiadeportiva.com%2Flbd%2Fel-mas-grande-sigue-siendo-2%2F&amp;title=El+m%C3%A1s+grande+sigue+siendo%26%238230%3B\">\n<img src=\"http:\/\/labestiadeportiva.com\/lbd\/wp-content\/plugins\/jw-share-this\/twitter.png\" alt=\"Share this page via Twitter\" \/>\n<\/a>\n<\/div>\n","protected":false},"excerpt":{"rendered":"<p>River se consagr\u00f3 campe\u00f3n de la Liga Profesional tras vencer 3-1 a Estudiantes en un \u00abMonumental\u00bb colmado. El \u00abMillonario\u00bb se impuso con los goles de Lucas Beltr\u00e1n, Nicol\u00e1s De la Cruz y Ezequiel Barco, mientras que M\u00e9ndez descont\u00f3 para el \u00abPincha\u00bb. El conjunto de Demichelis jugar\u00e1 ante Talleres en Mendoza el proximo jueves por los &hellip; <a href=\"http:\/\/labestiadeportiva.com\/lbd\/el-mas-grande-sigue-siendo-2\/\" class=\"more-link\">Seguir leyendo <span class=\"screen-reader-text\">El m\u00e1s grande sigue siendo&#8230;<\/span> <span class=\"meta-nav\">&rarr;<\/span><\/a><\/p>\n","protected":false},"author":1,"featured_media":0,"comment_status":"open","ping_status":"open","sticky":false,"template":"","format":"standard","meta":[],"categories":[6,4817,1],"tags":[4645,83,3910],"_links":{"self":[{"href":"http:\/\/labestiadeportiva.com\/lbd\/wp-json\/wp\/v2\/posts\/46646"}],"collection":[{"href":"http:\/\/labestiadeportiva.com\/lbd\/wp-json\/wp\/v2\/posts"}],"about":[{"href":"http:\/\/labestiadeportiva.com\/lbd\/wp-json\/wp\/v2\/types\/post"}],"author":[{"embeddable":true,"href":"http:\/\/labestiadeportiva.com\/lbd\/wp-json\/wp\/v2\/users\/1"}],"replies":[{"embeddable":true,"href":"http:\/\/labestiadeportiva.com\/lbd\/wp-json\/wp\/v2\/comments?post=46646"}],"version-history":[{"count":1,"href":"http:\/\/labestiadeportiva.com\/lbd\/wp-json\/wp\/v2\/posts\/46646\/revisions"}],"predecessor-version":[{"id":46657,"href":"http:\/\/labestiadeportiva.com\/lbd\/wp-json\/wp\/v2\/posts\/46646\/revisions\/46657"}],"wp:attachment":[{"href":"http:\/\/labestiadeportiva.com\/lbd\/wp-json\/wp\/v2\/media?parent=46646"}],"wp:term":[{"taxonomy":"category","embeddable":true,"href":"http:\/\/labestiadeportiva.com\/lbd\/wp-json\/wp\/v2\/categories?post=46646"},{"taxonomy":"post_tag","embeddable":true,"href":"http:\/\/labestiadeportiva.com\/lbd\/wp-json\/wp\/v2\/tags?post=46646"}],"curies":[{"name":"wp","href":"https:\/\/api.w.org\/{rel}","templated":true}]}}