{"id":46830,"date":"2023-07-31T08:33:20","date_gmt":"2023-07-31T11:33:20","guid":{"rendered":"http:\/\/labestiadeportiva.com\/lbd\/?p=46830"},"modified":"2023-07-31T08:33:29","modified_gmt":"2023-07-31T11:33:29","slug":"max-domina-en-spa","status":"publish","type":"post","link":"http:\/\/labestiadeportiva.com\/lbd\/max-domina-en-spa\/","title":{"rendered":"Max, domina en Spa"},"content":{"rendered":"\n<figure class=\"wp-block-image size-full\"><a href=\"http:\/\/labestiadeportiva.com\/lbd\/wp-content\/uploads\/2023\/07\/podio-Belgica-2.jpeg\"><img loading=\"lazy\" width=\"449\" height=\"220\" src=\"http:\/\/labestiadeportiva.com\/lbd\/wp-content\/uploads\/2023\/07\/podio-Belgica-2.jpeg\" alt=\"\" class=\"wp-image-46839\" srcset=\"http:\/\/labestiadeportiva.com\/lbd\/wp-content\/uploads\/2023\/07\/podio-Belgica-2.jpeg 449w, http:\/\/labestiadeportiva.com\/lbd\/wp-content\/uploads\/2023\/07\/podio-Belgica-2-300x147.jpeg 300w\" sizes=\"(max-width: 449px) 100vw, 449px\" \/><\/a><\/figure>\n\n\n\n<figure class=\"wp-block-image size-full is-resized\"><a href=\"http:\/\/labestiadeportiva.com\/lbd\/wp-content\/uploads\/2022\/11\/CARA_CAMPOS-1.jpg\"><img loading=\"lazy\" src=\"http:\/\/labestiadeportiva.com\/lbd\/wp-content\/uploads\/2022\/11\/CARA_CAMPOS-1.jpg\" alt=\"\" class=\"wp-image-43575\" width=\"344\" height=\"70\" srcset=\"http:\/\/labestiadeportiva.com\/lbd\/wp-content\/uploads\/2022\/11\/CARA_CAMPOS-1.jpg 600w, http:\/\/labestiadeportiva.com\/lbd\/wp-content\/uploads\/2022\/11\/CARA_CAMPOS-1-300x62.jpg 300w\" sizes=\"(max-width: 344px) 100vw, 344px\" \/><\/a><\/figure>\n\n\n\n<p>Nueva victoria del holand\u00e9s Max Verstappen con Red Bull en Spa.  En un fin de semana pasado por agua, el vigente campe\u00f3n y serio aspirante a repetir t\u00edtulo en esta temporada 2023, Verstappen gan\u00f3 el s\u00e1bado la carrera al sprint y el domingo volvi\u00f3 a subir a lo m\u00e1s alto del podio. Lo acompa\u00f1aron en el caj\u00f3n \u201cCheco\u201d P\u00e9rez segundo y Charles Leclerc tercero con Ferrari. <\/p>\n\n\n\n<!--more-->\n\n\n\n<p>En la jornada sabatina, con lluvia y con m\u00e1s de una hora de demora se larg\u00f3 con auto de seguridad, si bien el triunfo le daba derecho a salir en el primer lugar, un cambio de la caja de cambios en monoplaza, lo penalizo con cinco posiciones en la parilla de salida. Pero no supuso ning\u00fan impedimento para que el holand\u00e9s sumara un nuevo triunfo en el m\u00edtico trazado belga. <\/p>\n\n\n\n<p>Tras apagarse los sem\u00e1foros rojos, salida impecable de Leclerc, P\u00e9rez lo sigui\u00f3 y en apenas dos curvas se adue\u00f1o de la punta. Por atr\u00e1s Sainz con el otro Ferrari se pasaba de frenada en Le Source y se llev\u00f3 por delante al McLaren de Piastri. <\/p>\n\n\n\n<p>El australiano tuvo que abandonar y Sainz con el pont\u00f3n lateral derecho muy da\u00f1ado de su auto, continu\u00f3 en carrera.\u00a0 Verstappen poco a poco inici\u00f3 la remontada, tras adelantar a Hamilton, Leclerc y luego a su compa\u00f1ero de equipo en la vuelta 17, el vigente campe\u00f3n, paso a comandar la acciones del GP de B\u00e9lgica. <\/p>\n\n\n\n<p>Dos giros m\u00e1s tarde, la amenaza de lluvia se hizo realidad y por diez minutos cay\u00f3 sobre el circuito de Las Ardenas. Llegando a la mitad de la prueba y cuando marchaba en \u00faltimo lugar, Ferrari mando a su piloto, Carlos Sainz a entrar en boxes, terminaba as\u00ed el suplicio del madrile\u00f1o. <\/p>\n\n\n\n<p>Con todo ya resuelto en las posiciones de podio, la carrera no tuvo cambios significativos, solo Hamilton se encarg\u00f3 de animar las \u00faltimas vueltas para quedarse con un escaso bot\u00edn del punto extra del record de vuelta. <\/p>\n\n\n\n<p>El campe\u00f3n brit\u00e1nico logro su objetivo al tiempo que la bandera a cuadros ya hab\u00eda ca\u00eddo saludando un nuevo triunfo de Max Verstappen. Ahora la categor\u00eda se toma vacaciones y volver\u00e1 al trabajo en menos de un mes, en la casa del campe\u00f3n, en el GP de Pa\u00edses Bajos.\u00a0\u00a0\u00a0\u00a0\u00a0\u00a0\u00a0\u00a0\u00a0\u00a0\u00a0<\/p>\n\n\n\n<figure class=\"wp-block-image size-large\"><a href=\"http:\/\/labestiadeportiva.com\/lbd\/wp-content\/uploads\/2023\/07\/max-meta-Spa.jpg\"><img loading=\"lazy\" width=\"1024\" height=\"576\" src=\"http:\/\/labestiadeportiva.com\/lbd\/wp-content\/uploads\/2023\/07\/max-meta-Spa-1024x576.jpg\" alt=\"\" class=\"wp-image-46840\" srcset=\"http:\/\/labestiadeportiva.com\/lbd\/wp-content\/uploads\/2023\/07\/max-meta-Spa-1024x576.jpg 1024w, http:\/\/labestiadeportiva.com\/lbd\/wp-content\/uploads\/2023\/07\/max-meta-Spa-300x169.jpg 300w, http:\/\/labestiadeportiva.com\/lbd\/wp-content\/uploads\/2023\/07\/max-meta-Spa-768x432.jpg 768w, http:\/\/labestiadeportiva.com\/lbd\/wp-content\/uploads\/2023\/07\/max-meta-Spa-640x360.jpg 640w, http:\/\/labestiadeportiva.com\/lbd\/wp-content\/uploads\/2023\/07\/max-meta-Spa.jpg 1280w\" sizes=\"(max-width: 1024px) 100vw, 1024px\" \/><\/a><\/figure>\n\n\n\n<p>As\u00ed llegaron:<\/p>\n\n\n\n<p>1\u00ba M. Verstappen-Red Bull en 1:22:30,450&nbsp;<\/p>\n\n\n\n<p>2\u00ba S. P\u00e9rez-Red Bull a 22,305<\/p>\n\n\n\n<p>3\u00ba C. Leclerc-Ferrari a 32,259<\/p>\n\n\n\n<p>El Mundial de pilotos<\/p>\n\n\n\n<p>1\u00ba M. Verstappen (HOL) 314 pts<\/p>\n\n\n\n<p>2\u00ba S. P\u00e9rez (MEX) 189 pts.<\/p>\n\n\n\n<p>3\u00ba F. Alonso (ESP) 149 pts.<\/p>\n\n\n\n<p>El Mundial de constructores<\/p>\n\n\n\n<p>1\u00ba Red Bull 503 pts.<\/p>\n\n\n\n<p>2\u00ba Mercedes Benz 247 pts.<\/p>\n\n\n\n<p>3\u00ba Aston Martin 196 pts.<\/p>\n\n\n\n<p>Pr\u00f3xima competencia: 27 de agosto, GP de Los Pa\u00edses Bajos, Zandvoort.<\/p>\n<div class='epvc-post-count'><span class='epvc-eye'><\/span>  <span class=\"epvc-count\"> 1.184<\/span><span class='epvc-label'> veces le\u00edda<\/span><\/div>\n<div class=\"jwsharethis\">\nShare this: \n<br \/>\n<a href=\"mailto:?subject=Max%2C%20domina%20en%20Spa&amp;body=http%3A%2F%2Flabestiadeportiva.com%2Flbd%2Fmax-domina-en-spa%2F\">\n<img src=\"http:\/\/labestiadeportiva.com\/lbd\/wp-content\/plugins\/jw-share-this\/email.png\" alt=\"Share this page via Email\" \/>\n<\/a>\n<a target=\"_blank\" href=\"http:\/\/www.stumbleupon.com\/submit?url=http%3A%2F%2Flabestiadeportiva.com%2Flbd%2Fmax-domina-en-spa%2F&amp;title=Max%2C+domina+en+Spa\">\n<img src=\"http:\/\/labestiadeportiva.com\/lbd\/wp-content\/plugins\/jw-share-this\/su.png\" alt=\"Share this page via Stumble Upon\" \/>\n<\/a>\n<a target=\"_blank\" href=\"http:\/\/digg.com\/submit?url=http%3A%2F%2Flabestiadeportiva.com%2Flbd%2Fmax-domina-en-spa%2F&amp;title=Max%2C+domina+en+Spa\">\n<img src=\"http:\/\/labestiadeportiva.com\/lbd\/wp-content\/plugins\/jw-share-this\/digg.png\" alt=\"Share this page via Digg this\" \/>\n<\/a>\n<a target=\"_blank\" href=\"http:\/\/www.facebook.com\/sharer.php?u=http%3A%2F%2Flabestiadeportiva.com%2Flbd%2Fmax-domina-en-spa%2F&amp;t=Max%2C+domina+en+Spa\">\n<img src=\"http:\/\/labestiadeportiva.com\/lbd\/wp-content\/plugins\/jw-share-this\/fb.png\" alt=\"Share this page via Facebook\" \/>\n<\/a>\n<a target=\"_blank\" href=\"http:\/\/twitter.com\/intent\/tweet?text=I+like+http%3A%2F%2Flabestiadeportiva.com%2Flbd%2Fmax-domina-en-spa%2F&amp;title=Max%2C+domina+en+Spa\">\n<img src=\"http:\/\/labestiadeportiva.com\/lbd\/wp-content\/plugins\/jw-share-this\/twitter.png\" alt=\"Share this page via Twitter\" \/>\n<\/a>\n<\/div>\n","protected":false},"excerpt":{"rendered":"<p>Nueva victoria del holand\u00e9s Max Verstappen con Red Bull en Spa. En un fin de semana pasado por agua, el vigente campe\u00f3n y serio aspirante a repetir t\u00edtulo en esta temporada 2023, Verstappen gan\u00f3 el s\u00e1bado la carrera al sprint y el domingo volvi\u00f3 a subir a lo m\u00e1s alto del podio. Lo acompa\u00f1aron en &hellip; <a href=\"http:\/\/labestiadeportiva.com\/lbd\/max-domina-en-spa\/\" class=\"more-link\">Seguir leyendo <span class=\"screen-reader-text\">Max, domina en Spa<\/span> <span class=\"meta-nav\">&rarr;<\/span><\/a><\/p>\n","protected":false},"author":1,"featured_media":0,"comment_status":"open","ping_status":"open","sticky":false,"template":"","format":"standard","meta":[],"categories":[3533,4,3534,1],"tags":[154,5112,83],"_links":{"self":[{"href":"http:\/\/labestiadeportiva.com\/lbd\/wp-json\/wp\/v2\/posts\/46830"}],"collection":[{"href":"http:\/\/labestiadeportiva.com\/lbd\/wp-json\/wp\/v2\/posts"}],"about":[{"href":"http:\/\/labestiadeportiva.com\/lbd\/wp-json\/wp\/v2\/types\/post"}],"author":[{"embeddable":true,"href":"http:\/\/labestiadeportiva.com\/lbd\/wp-json\/wp\/v2\/users\/1"}],"replies":[{"embeddable":true,"href":"http:\/\/labestiadeportiva.com\/lbd\/wp-json\/wp\/v2\/comments?post=46830"}],"version-history":[{"count":1,"href":"http:\/\/labestiadeportiva.com\/lbd\/wp-json\/wp\/v2\/posts\/46830\/revisions"}],"predecessor-version":[{"id":46841,"href":"http:\/\/labestiadeportiva.com\/lbd\/wp-json\/wp\/v2\/posts\/46830\/revisions\/46841"}],"wp:attachment":[{"href":"http:\/\/labestiadeportiva.com\/lbd\/wp-json\/wp\/v2\/media?parent=46830"}],"wp:term":[{"taxonomy":"category","embeddable":true,"href":"http:\/\/labestiadeportiva.com\/lbd\/wp-json\/wp\/v2\/categories?post=46830"},{"taxonomy":"post_tag","embeddable":true,"href":"http:\/\/labestiadeportiva.com\/lbd\/wp-json\/wp\/v2\/tags?post=46830"}],"curies":[{"name":"wp","href":"https:\/\/api.w.org\/{rel}","templated":true}]}}