{"id":46891,"date":"2023-08-03T10:42:23","date_gmt":"2023-08-03T13:42:23","guid":{"rendered":"http:\/\/labestiadeportiva.com\/lbd\/?p=46891"},"modified":"2023-08-03T10:48:45","modified_gmt":"2023-08-03T13:48:45","slug":"lanzados","status":"publish","type":"post","link":"http:\/\/labestiadeportiva.com\/lbd\/lanzados\/","title":{"rendered":"Lanzados"},"content":{"rendered":"\n<figure class=\"wp-block-image size-full\"><a href=\"http:\/\/labestiadeportiva.com\/lbd\/wp-content\/uploads\/2023\/08\/FB_IMG_1691068046489.jpg\"><img loading=\"lazy\" width=\"853\" height=\"568\" src=\"http:\/\/labestiadeportiva.com\/lbd\/wp-content\/uploads\/2023\/08\/FB_IMG_1691068046489.jpg\" alt=\"\" class=\"wp-image-46892\" srcset=\"http:\/\/labestiadeportiva.com\/lbd\/wp-content\/uploads\/2023\/08\/FB_IMG_1691068046489.jpg 853w, http:\/\/labestiadeportiva.com\/lbd\/wp-content\/uploads\/2023\/08\/FB_IMG_1691068046489-300x200.jpg 300w, http:\/\/labestiadeportiva.com\/lbd\/wp-content\/uploads\/2023\/08\/FB_IMG_1691068046489-768x511.jpg 768w, http:\/\/labestiadeportiva.com\/lbd\/wp-content\/uploads\/2023\/08\/FB_IMG_1691068046489-640x426.jpg 640w\" sizes=\"(max-width: 853px) 100vw, 853px\" \/><\/a><\/figure>\n\n\n\n<figure class=\"wp-block-image size-full is-resized\"><a href=\"http:\/\/labestiadeportiva.com\/lbd\/wp-content\/uploads\/2022\/11\/CARA_PEREZ-2.jpg\"><img loading=\"lazy\" src=\"http:\/\/labestiadeportiva.com\/lbd\/wp-content\/uploads\/2022\/11\/CARA_PEREZ-2.jpg\" alt=\"\" class=\"wp-image-43576\" width=\"330\" height=\"67\" srcset=\"http:\/\/labestiadeportiva.com\/lbd\/wp-content\/uploads\/2022\/11\/CARA_PEREZ-2.jpg 600w, http:\/\/labestiadeportiva.com\/lbd\/wp-content\/uploads\/2022\/11\/CARA_PEREZ-2-300x62.jpg 300w\" sizes=\"(max-width: 330px) 100vw, 330px\" \/><\/a><\/figure>\n\n\n\n<p>Ayer mi\u00e9rcoles comenzaron las actividades de lanzamiento de los Juegos EPADE (XVII Edici\u00f3n )y ParaEpade (V Edici\u00f3n) que la provincia organizar\u00e1 durante el mes de diciembre. En las pr\u00f3ximas 48 horas las autoridades del deporte Patag\u00f3nico efectuar\u00e1n reuniones y visitar\u00e1n espacios deportivos. Fuente y fotos prensa Secretaria de Deportes y Juventud Provincial.<\/p>\n\n\n\n<!--more-->\n\n\n\n<p>La versi\u00f3n 2023 de est\u00e1s competencias juveniles ser\u00e1n la 17\u00b0 en el caso de EPADE y 5\u00b0 para los atletas adaptados las cuales se realizar\u00e1n en forma simult\u00e1nea del 3 al 8 de diciembre.<\/p>\n\n\n\n<p>En cuanto al lanzamiento oficial la \u00abF\u00e1brica de Talentos\u00bb fue el lugar elegido donde el acto cont\u00f3 con la presencia  del gobernador Gustavo Melella acompa\u00f1ado de la vicegobernadora M\u00f3nica Urquiza y miembros del  gabinete.<\/p>\n\n\n\n<p>Los funcionarios que acompa\u00f1aron el acto fueron  el Secretario de Deportes y Juventudes Carlos Turd\u00f3, la Secretaria de Deportes de la Nacion Ines Arrondo, el Director de Competencias Deportivas del Ministerio de Turismo y Deporte de la Nacion, Emiliano Gordin, y los representantes de las provincias: el presidente del EPADE, Diego Rosati, el subsecretario Ceferino Almud\u00e9var, el presidente de Chubut Deportes, Gustavo Hern\u00e1ndez, el Secretario de estado y Deporte de Santa Cruz Martin L\u00f3pez y la Ministra de Deportes de Neuqu\u00e9n Alejandra Piedecasas.<\/p>\n\n\n\n<p>Se present\u00f3 un video institucional, palabras alusivas de cada uno de los representantes quienes  coincidieron en la importancia del deporte como medio social para trabajar con la juventud.  Se vivi\u00f3 una linda y sencilla fiesta en la capital de Malvinas que se visti\u00f3 de blanco para la ocasi\u00f3n.<\/p>\n\n\n\n<p>La Legislatura declar\u00f3 de Inter\u00e9s Provincial al evento, los legisladores Trentino y Sciurano hicieron formalmente entrega de una placa de reconocimiento.<\/p>\n\n\n\n<p>Nuestra provincia ser\u00e1 anfitriona de los Juegos que albergar\u00e1n a lo mejor del deporte juvenil de la regi\u00f3n, cuenta regresiva hacia el mes de diciembre donde seguramente se intensificar\u00e1 los trabajos y la log\u00edstica a cargo de la  Secretar\u00eda de Deportes Provincial.<\/p>\n\n\n\n<figure class=\"wp-block-image size-full\"><a href=\"http:\/\/labestiadeportiva.com\/lbd\/wp-content\/uploads\/2023\/08\/FB_IMG_1691068066768.jpg\"><img loading=\"lazy\" width=\"853\" height=\"568\" src=\"http:\/\/labestiadeportiva.com\/lbd\/wp-content\/uploads\/2023\/08\/FB_IMG_1691068066768.jpg\" alt=\"\" class=\"wp-image-46893\" srcset=\"http:\/\/labestiadeportiva.com\/lbd\/wp-content\/uploads\/2023\/08\/FB_IMG_1691068066768.jpg 853w, http:\/\/labestiadeportiva.com\/lbd\/wp-content\/uploads\/2023\/08\/FB_IMG_1691068066768-300x200.jpg 300w, http:\/\/labestiadeportiva.com\/lbd\/wp-content\/uploads\/2023\/08\/FB_IMG_1691068066768-768x511.jpg 768w, http:\/\/labestiadeportiva.com\/lbd\/wp-content\/uploads\/2023\/08\/FB_IMG_1691068066768-640x426.jpg 640w\" sizes=\"(max-width: 853px) 100vw, 853px\" \/><\/a><\/figure>\n<div class='epvc-post-count'><span class='epvc-eye'><\/span>  <span class=\"epvc-count\"> 1.089<\/span><span class='epvc-label'> veces le\u00edda<\/span><\/div>\n<div class=\"jwsharethis\">\nShare this: \n<br \/>\n<a href=\"mailto:?subject=Lanzados&amp;body=http%3A%2F%2Flabestiadeportiva.com%2Flbd%2Flanzados%2F\">\n<img src=\"http:\/\/labestiadeportiva.com\/lbd\/wp-content\/plugins\/jw-share-this\/email.png\" alt=\"Share this page via Email\" \/>\n<\/a>\n<a target=\"_blank\" href=\"http:\/\/www.stumbleupon.com\/submit?url=http%3A%2F%2Flabestiadeportiva.com%2Flbd%2Flanzados%2F&amp;title=Lanzados\">\n<img src=\"http:\/\/labestiadeportiva.com\/lbd\/wp-content\/plugins\/jw-share-this\/su.png\" alt=\"Share this page via Stumble Upon\" \/>\n<\/a>\n<a target=\"_blank\" href=\"http:\/\/digg.com\/submit?url=http%3A%2F%2Flabestiadeportiva.com%2Flbd%2Flanzados%2F&amp;title=Lanzados\">\n<img src=\"http:\/\/labestiadeportiva.com\/lbd\/wp-content\/plugins\/jw-share-this\/digg.png\" alt=\"Share this page via Digg this\" \/>\n<\/a>\n<a target=\"_blank\" href=\"http:\/\/www.facebook.com\/sharer.php?u=http%3A%2F%2Flabestiadeportiva.com%2Flbd%2Flanzados%2F&amp;t=Lanzados\">\n<img src=\"http:\/\/labestiadeportiva.com\/lbd\/wp-content\/plugins\/jw-share-this\/fb.png\" alt=\"Share this page via Facebook\" \/>\n<\/a>\n<a target=\"_blank\" href=\"http:\/\/twitter.com\/intent\/tweet?text=I+like+http%3A%2F%2Flabestiadeportiva.com%2Flbd%2Flanzados%2F&amp;title=Lanzados\">\n<img src=\"http:\/\/labestiadeportiva.com\/lbd\/wp-content\/plugins\/jw-share-this\/twitter.png\" alt=\"Share this page via Twitter\" \/>\n<\/a>\n<\/div>\n","protected":false},"excerpt":{"rendered":"<p>Ayer mi\u00e9rcoles comenzaron las actividades de lanzamiento de los Juegos EPADE (XVII Edici\u00f3n )y ParaEpade (V Edici\u00f3n) que la provincia organizar\u00e1 durante el mes de diciembre. En las pr\u00f3ximas 48 horas las autoridades del deporte Patag\u00f3nico efectuar\u00e1n reuniones y visitar\u00e1n espacios deportivos. Fuente y fotos prensa Secretaria de Deportes y Juventud Provincial. 1.089 veces le\u00edda &hellip; <a href=\"http:\/\/labestiadeportiva.com\/lbd\/lanzados\/\" class=\"more-link\">Seguir leyendo <span class=\"screen-reader-text\">Lanzados<\/span> <span class=\"meta-nav\">&rarr;<\/span><\/a><\/p>\n","protected":false},"author":1,"featured_media":0,"comment_status":"open","ping_status":"open","sticky":false,"template":"","format":"standard","meta":[],"categories":[5,6,2130,4164,1],"tags":[593,5114,283,83,5120],"_links":{"self":[{"href":"http:\/\/labestiadeportiva.com\/lbd\/wp-json\/wp\/v2\/posts\/46891"}],"collection":[{"href":"http:\/\/labestiadeportiva.com\/lbd\/wp-json\/wp\/v2\/posts"}],"about":[{"href":"http:\/\/labestiadeportiva.com\/lbd\/wp-json\/wp\/v2\/types\/post"}],"author":[{"embeddable":true,"href":"http:\/\/labestiadeportiva.com\/lbd\/wp-json\/wp\/v2\/users\/1"}],"replies":[{"embeddable":true,"href":"http:\/\/labestiadeportiva.com\/lbd\/wp-json\/wp\/v2\/comments?post=46891"}],"version-history":[{"count":2,"href":"http:\/\/labestiadeportiva.com\/lbd\/wp-json\/wp\/v2\/posts\/46891\/revisions"}],"predecessor-version":[{"id":46896,"href":"http:\/\/labestiadeportiva.com\/lbd\/wp-json\/wp\/v2\/posts\/46891\/revisions\/46896"}],"wp:attachment":[{"href":"http:\/\/labestiadeportiva.com\/lbd\/wp-json\/wp\/v2\/media?parent=46891"}],"wp:term":[{"taxonomy":"category","embeddable":true,"href":"http:\/\/labestiadeportiva.com\/lbd\/wp-json\/wp\/v2\/categories?post=46891"},{"taxonomy":"post_tag","embeddable":true,"href":"http:\/\/labestiadeportiva.com\/lbd\/wp-json\/wp\/v2\/tags?post=46891"}],"curies":[{"name":"wp","href":"https:\/\/api.w.org\/{rel}","templated":true}]}}